{"id":3015,"date":"2015-01-16T18:15:42","date_gmt":"2015-01-16T17:15:42","guid":{"rendered":"http:\/\/www.hotstegs-recht.de\/?p=3015"},"modified":"2015-01-16T18:15:42","modified_gmt":"2015-01-16T17:15:42","slug":"ab-2016-neue-gerichtliche-zustaendigkeit-im-disziplinarrecht-der-ev-kirche-im-rheinland","status":"publish","type":"post","link":"https:\/\/www.hotstegs-recht.de\/?p=3015","title":{"rendered":"ab 2016 neue gerichtliche Zust\u00e4ndigkeit im Disziplinarrecht der Ev. Kirche im Rheinland"},"content":{"rendered":"<p>Die Landessynode der Ev. Kirche im Rheinland hat als kirchlicher &#8222;Landesgesetzgeber&#8220; das Disziplinarverfahren gegen Kirchenbeamte und Pfarrer neu organisiert. Disziplinarverfahren der rheinischen Kirche werden ab 2016 von der Disziplinarkammer der Evangelischen Kirche in Deutschland verhandelt. Sie ist derzeit f\u00fcr sieben Landeskirchen \u2013 neben der EKD selbst \u2013 zust\u00e4ndiges Disziplinargericht der 1. Instanz. Alle am 1. Januar 2016 bei der Disziplinarkammer der rheinischen Kirche noch anh\u00e4ngigen Verfahren werden von der Disziplinarkammer der EKD \u00fcbernommen.<!--more--><\/p>\n<p>Dem Beschluss zur \u00c4nderung des entsprechenden Kirchengesetzes war eine l\u00e4ngere Debatte vorausgegangen. Eine Reihe von Synodalen gab zu bedenken, dass die \u00dcbertragung an die EKD die Verfahren nicht beschleunigen und Nachteile f\u00fcr Verfahrensbeteiligte bringen w\u00fcrden. Auch seien keine nennenswerten Einsparungen zu erwarten. Mit diesem Argument hatten die Bef\u00fcrworterinnen und Bef\u00fchrworter f\u00fcr eine \u00dcbertragung der Zust\u00e4ndigkeit an die EKD geworben.<\/p>\n<p>Mit der Beratungsvorlage hatte die Kirchenleitung den Synodalen auch einen statistischen \u00dcberblick \u00fcber die Zahl und Dauer der Verfahren der letzten Jahre gew\u00e4hrt:<\/p>\n<blockquote><p>In der Evangelischen Kirche im Rheinland wurden in den Jahren 2010 bis 2013 insgesamt<br \/>\n11 Verfahren durchgef\u00fchrt. Diese verteilen sich auf die einzelnen Jahre wie folgt:<\/p>\n<p>3 Verfahren fanden in 2010 mit je einer Dauer von einem Monat statt. In 2011 waren es 2 Verfahren mit je 2 Monaten Dauer. In 2012 wurden 5 Klagen eingereicht, deren Verhandlungsdauer sich zwischen einem Monat und 1 Jahr und 3 Monaten bewegte. Die unterschiedliche L\u00e4nge war auch hier, wie bei der EKD, auf die Anzahl der Verhandlungstermine und die Beweisaufnahme zur\u00fcckzuf\u00fchren. Seit M\u00e4rz 2013 ist ein Verfahren offen, welches wegen paralleler staatlicher Ermittlungen noch nicht abgeschlossen werden konnte.<\/p><\/blockquote>\n<p>Die Verfahrensdauer ist aus anwaltlicher Sicht mit der Dauer der Verfahren vor den staatlichen Disziplinarkammern bei den Verwaltungsgerichten durchaus zu vergleichen. Seitdem die kirchengesetzlichen Regelungen sich weitgehend an dem Bundes- bzw. Landesdisziplinargesetz orientieren, sind hier auch Unterschiede in der Verfahrensf\u00fchrung vor den Gerichten eher marginal. Anders verh\u00e4lt es sich bei den beh\u00f6rdlichen Disziplinarverfahren, die auch ma\u00dfgeblich dadurch beeinflusst werden k\u00f6nnen, ob die jeweilige kirchliche K\u00f6rperschaft (z.B. eine Kirchengemeinde, ein Kirchenkreis oder ein Gemeindeverband) das Verfahren ihrerseits ordnungsgem\u00e4\u00df eingeleitet hat, Vorermittlungen selbst durchgef\u00fchrt hat oder im \u00dcbrigen das Landeskirchenamt personell ausgestattet ist, das Verfahren zu f\u00fchren.<\/p>\n","protected":false},"excerpt":{"rendered":"<p>Die Landessynode der Ev. Kirche im Rheinland hat als kirchlicher &#8222;Landesgesetzgeber&#8220; das Disziplinarverfahren gegen Kirchenbeamte und Pfarrer neu organisiert. Disziplinarverfahren der rheinischen Kirche werden ab 2016 von der Disziplinarkammer der Evangelischen Kirche in Deutschland verhandelt. Sie ist derzeit f\u00fcr sieben Landeskirchen \u2013 neben der EKD selbst \u2013 zust\u00e4ndiges Disziplinargericht der 1. Instanz. Alle am 1. &hellip; <\/p>\n<p class=\"link-more\"><a href=\"https:\/\/www.hotstegs-recht.de\/?p=3015\" class=\"more-link\"><span class=\"screen-reader-text\">\u201eab 2016 neue gerichtliche Zust\u00e4ndigkeit im Disziplinarrecht der Ev. Kirche im Rheinland\u201c <\/span>weiterlesen<\/a><\/p>\n","protected":false},"author":1,"featured_media":0,"comment_status":"closed","ping_status":"closed","sticky":false,"template":"","format":"standard","meta":{"footnotes":""},"categories":[14,15,39],"tags":[],"class_list":["post-3015","post","type-post","status-publish","format-standard","hentry","category-beamtenrecht","category-disziplinarrecht","category-ev-kirchenrecht"],"yoast_head":"<!-- This site is optimized with the Yoast SEO plugin v27.4 - https:\/\/yoast.com\/product\/yoast-seo-wordpress\/ -->\n<title>ab 2016 neue gerichtliche Zust\u00e4ndigkeit im Disziplinarrecht der Ev. Kirche im Rheinland - Hotstegs Rechtsanwaltsgesellschaft | Rechtsanw\u00e4lt:innen und Fachanw\u00e4lt:innen f\u00fcr Verwaltungsrecht<\/title>\n<meta name=\"description\" content=\"- Termine unter Tel. 0211 \/ 497657-16\" \/>\n<meta name=\"robots\" content=\"index, follow, max-snippet:-1, max-image-preview:large, max-video-preview:-1\" \/>\n<link rel=\"canonical\" href=\"https:\/\/www.hotstegs-recht.de\/?p=3015\" \/>\n<meta property=\"og:locale\" content=\"de_DE\" \/>\n<meta property=\"og:type\" content=\"article\" \/>\n<meta property=\"og:title\" content=\"ab 2016 neue gerichtliche Zust\u00e4ndigkeit im Disziplinarrecht der Ev. Kirche im Rheinland - Hotstegs Rechtsanwaltsgesellschaft | Rechtsanw\u00e4lt:innen und Fachanw\u00e4lt:innen f\u00fcr Verwaltungsrecht\" \/>\n<meta property=\"og:description\" content=\"- Termine unter Tel. 0211 \/ 497657-16\" \/>\n<meta property=\"og:url\" content=\"https:\/\/www.hotstegs-recht.de\/?p=3015\" \/>\n<meta property=\"og:site_name\" content=\"Hotstegs Rechtsanwaltsgesellschaft | Rechtsanw\u00e4lt:innen und Fachanw\u00e4lt:innen f\u00fcr Verwaltungsrecht\" \/>\n<meta property=\"article:publisher\" content=\"https:\/\/www.facebook.com\/hotstegs.recht\" \/>\n<meta property=\"article:published_time\" content=\"2015-01-16T17:15:42+00:00\" \/>\n<meta name=\"author\" content=\"Robert Hotstegs\" \/>\n<meta name=\"twitter:card\" content=\"summary_large_image\" \/>\n<meta name=\"twitter:creator\" content=\"@hotstegs_recht\" \/>\n<meta name=\"twitter:site\" content=\"@hotstegs_recht\" \/>\n<meta name=\"twitter:label1\" content=\"Verfasst von\" \/>\n\t<meta name=\"twitter:data1\" content=\"Robert Hotstegs\" \/>\n\t<meta name=\"twitter:label2\" content=\"Gesch\u00e4tzte Lesezeit\" \/>\n\t<meta name=\"twitter:data2\" content=\"2\u00a0Minuten\" \/>\n<!-- \/ Yoast SEO plugin. -->","yoast_head_json":{"title":"ab 2016 neue gerichtliche Zust\u00e4ndigkeit im Disziplinarrecht der Ev. Kirche im Rheinland - Hotstegs Rechtsanwaltsgesellschaft | Rechtsanw\u00e4lt:innen und Fachanw\u00e4lt:innen f\u00fcr Verwaltungsrecht","description":"- Termine unter Tel. 0211 \/ 497657-16","robots":{"index":"index","follow":"follow","max-snippet":"max-snippet:-1","max-image-preview":"max-image-preview:large","max-video-preview":"max-video-preview:-1"},"canonical":"https:\/\/www.hotstegs-recht.de\/?p=3015","og_locale":"de_DE","og_type":"article","og_title":"ab 2016 neue gerichtliche Zust\u00e4ndigkeit im Disziplinarrecht der Ev. Kirche im Rheinland - Hotstegs Rechtsanwaltsgesellschaft | Rechtsanw\u00e4lt:innen und Fachanw\u00e4lt:innen f\u00fcr Verwaltungsrecht","og_description":"- Termine unter Tel. 0211 \/ 497657-16","og_url":"https:\/\/www.hotstegs-recht.de\/?p=3015","og_site_name":"Hotstegs Rechtsanwaltsgesellschaft | Rechtsanw\u00e4lt:innen und Fachanw\u00e4lt:innen f\u00fcr Verwaltungsrecht","article_publisher":"https:\/\/www.facebook.com\/hotstegs.recht","article_published_time":"2015-01-16T17:15:42+00:00","author":"Robert Hotstegs","twitter_card":"summary_large_image","twitter_creator":"@hotstegs_recht","twitter_site":"@hotstegs_recht","twitter_misc":{"Verfasst von":"Robert Hotstegs","Gesch\u00e4tzte Lesezeit":"2\u00a0Minuten"},"schema":{"@context":"https:\/\/schema.org","@graph":[{"@type":"Article","@id":"https:\/\/www.hotstegs-recht.de\/?p=3015#article","isPartOf":{"@id":"https:\/\/www.hotstegs-recht.de\/?p=3015"},"author":{"name":"Robert Hotstegs","@id":"https:\/\/www.hotstegs-recht.de\/#\/schema\/person\/b5290b51a91e1e27ec6af13643a76ab0"},"headline":"ab 2016 neue gerichtliche Zust\u00e4ndigkeit im Disziplinarrecht der Ev. Kirche im Rheinland","datePublished":"2015-01-16T17:15:42+00:00","mainEntityOfPage":{"@id":"https:\/\/www.hotstegs-recht.de\/?p=3015"},"wordCount":373,"publisher":{"@id":"https:\/\/www.hotstegs-recht.de\/#organization"},"articleSection":["Beamtenrecht","Disziplinarrecht","ev. Kirchenrecht"],"inLanguage":"de"},{"@type":"WebPage","@id":"https:\/\/www.hotstegs-recht.de\/?p=3015","url":"https:\/\/www.hotstegs-recht.de\/?p=3015","name":"ab 2016 neue gerichtliche Zust\u00e4ndigkeit im Disziplinarrecht der Ev. Kirche im Rheinland - Hotstegs Rechtsanwaltsgesellschaft | Rechtsanw\u00e4lt:innen und Fachanw\u00e4lt:innen f\u00fcr Verwaltungsrecht","isPartOf":{"@id":"https:\/\/www.hotstegs-recht.de\/#website"},"datePublished":"2015-01-16T17:15:42+00:00","description":"- Termine unter Tel. 0211 \/ 497657-16","breadcrumb":{"@id":"https:\/\/www.hotstegs-recht.de\/?p=3015#breadcrumb"},"inLanguage":"de","potentialAction":[{"@type":"ReadAction","target":["https:\/\/www.hotstegs-recht.de\/?p=3015"]}]},{"@type":"BreadcrumbList","@id":"https:\/\/www.hotstegs-recht.de\/?p=3015#breadcrumb","itemListElement":[{"@type":"ListItem","position":1,"name":"Startseite","item":"https:\/\/www.hotstegs-recht.de\/"},{"@type":"ListItem","position":2,"name":"ab 2016 neue gerichtliche Zust\u00e4ndigkeit im Disziplinarrecht der Ev. Kirche im Rheinland"}]},{"@type":"WebSite","@id":"https:\/\/www.hotstegs-recht.de\/#website","url":"https:\/\/www.hotstegs-recht.de\/","name":"Hotstegs Rechtsanwaltsgesellschaft | Rechtsanw\u00e4lt:innen und Fachanw\u00e4lt:innen f\u00fcr Verwaltungsrecht","description":"\u00f6ffentliches Dienstrecht und Disziplinarverfahren | Rechtsanwalt Robert Hotstegs | Rechtsanw\u00e4ltin Sarah Nu\u00dfbaum | Rechtsanw\u00e4ltin Katharina Voigt","publisher":{"@id":"https:\/\/www.hotstegs-recht.de\/#organization"},"potentialAction":[{"@type":"SearchAction","target":{"@type":"EntryPoint","urlTemplate":"https:\/\/www.hotstegs-recht.de\/?s={search_term_string}"},"query-input":{"@type":"PropertyValueSpecification","valueRequired":true,"valueName":"search_term_string"}}],"inLanguage":"de"},{"@type":"Organization","@id":"https:\/\/www.hotstegs-recht.de\/#organization","name":"Hotstegs Rechtsanwaltsgesellschaft","url":"https:\/\/www.hotstegs-recht.de\/","logo":{"@type":"ImageObject","inLanguage":"de","@id":"https:\/\/www.hotstegs-recht.de\/#\/schema\/logo\/image\/","url":"https:\/\/www.hotstegs-recht.de\/wp-content\/uploads\/2021\/09\/logo_2020.png","contentUrl":"https:\/\/www.hotstegs-recht.de\/wp-content\/uploads\/2021\/09\/logo_2020.png","width":180,"height":51,"caption":"Hotstegs Rechtsanwaltsgesellschaft"},"image":{"@id":"https:\/\/www.hotstegs-recht.de\/#\/schema\/logo\/image\/"},"sameAs":["https:\/\/www.facebook.com\/hotstegs.recht","https:\/\/x.com\/hotstegs_recht","https:\/\/www.instagram.com\/hotstegs.recht","https:\/\/de.linkedin.com\/company\/hotstegs-recht"]},{"@type":"Person","@id":"https:\/\/www.hotstegs-recht.de\/#\/schema\/person\/b5290b51a91e1e27ec6af13643a76ab0","name":"Robert Hotstegs","image":{"@type":"ImageObject","inLanguage":"de","@id":"https:\/\/secure.gravatar.com\/avatar\/7d923d735cd88c8f3b65c6506ab775c5eb23a82716d81ce74eb3951cb8430f5a?s=96&d=blank&r=g","url":"https:\/\/secure.gravatar.com\/avatar\/7d923d735cd88c8f3b65c6506ab775c5eb23a82716d81ce74eb3951cb8430f5a?s=96&d=blank&r=g","contentUrl":"https:\/\/secure.gravatar.com\/avatar\/7d923d735cd88c8f3b65c6506ab775c5eb23a82716d81ce74eb3951cb8430f5a?s=96&d=blank&r=g","caption":"Robert Hotstegs"},"description":"Rechtsanwalt, Fachanwalt f\u00fcr Verwaltungsrecht","url":"https:\/\/www.hotstegs-recht.de\/?author=1"}]}},"amp_enabled":true,"_links":{"self":[{"href":"https:\/\/www.hotstegs-recht.de\/index.php?rest_route=\/wp\/v2\/posts\/3015","targetHints":{"allow":["GET"]}}],"collection":[{"href":"https:\/\/www.hotstegs-recht.de\/index.php?rest_route=\/wp\/v2\/posts"}],"about":[{"href":"https:\/\/www.hotstegs-recht.de\/index.php?rest_route=\/wp\/v2\/types\/post"}],"author":[{"embeddable":true,"href":"https:\/\/www.hotstegs-recht.de\/index.php?rest_route=\/wp\/v2\/users\/1"}],"replies":[{"embeddable":true,"href":"https:\/\/www.hotstegs-recht.de\/index.php?rest_route=%2Fwp%2Fv2%2Fcomments&post=3015"}],"version-history":[{"count":0,"href":"https:\/\/www.hotstegs-recht.de\/index.php?rest_route=\/wp\/v2\/posts\/3015\/revisions"}],"wp:attachment":[{"href":"https:\/\/www.hotstegs-recht.de\/index.php?rest_route=%2Fwp%2Fv2%2Fmedia&parent=3015"}],"wp:term":[{"taxonomy":"category","embeddable":true,"href":"https:\/\/www.hotstegs-recht.de\/index.php?rest_route=%2Fwp%2Fv2%2Fcategories&post=3015"},{"taxonomy":"post_tag","embeddable":true,"href":"https:\/\/www.hotstegs-recht.de\/index.php?rest_route=%2Fwp%2Fv2%2Ftags&post=3015"}],"curies":[{"name":"wp","href":"https:\/\/api.w.org\/{rel}","templated":true}]}}