{"id":2991,"date":"2015-01-07T20:34:11","date_gmt":"2015-01-07T19:34:11","guid":{"rendered":"http:\/\/www.hotstegs-recht.de\/?p=2991"},"modified":"2016-10-14T18:20:39","modified_gmt":"2016-10-14T16:20:39","slug":"ovg-vizepraesident-dr-kallerhoff-in-den-ruhestand-getreten-pressemitteilung-v-02-01-2015","status":"publish","type":"post","link":"https:\/\/www.hotstegs-recht.de\/?p=2991","title":{"rendered":"OVG-Vizepr\u00e4sident Dr. Kallerhoff in den Ruhestand getreten, Pressemitteilung v. 02.01.2015"},"content":{"rendered":"<p>Der bisherige Vizepr\u00e4sident des Oberverwaltungsgerichts f\u00fcr das Land Nordrhein-Westfalen Dr. Dieter Kallerhoff ist am 1. Januar 2015 in den Ruhestand getreten. Er war Vorsitzender eines Beamten- und eines Disziplinarsenats.<!--more--><\/p>\n<p>Dr. Dieter Kallerhoff, 1950 in Werl geboren, bestand dort 1969 das Abitur und stu\u00addierte nach Ableistung des Wehrdienstes an der Universit\u00e4t M\u00fcnster Rechtswissen\u00adschaft. 1975 legte er die erste und 1977 die zweite Juristische Staatspr\u00fcfung ab. Von Januar 1978 bis April 1979 war er als wissenschaftlicher Mitarbeiter beim Oberver\u00adwaltungsgericht t\u00e4tig. Seine richterliche Laufbahn begann er im April 1979 beim Ver\u00adwaltungsgericht M\u00fcnster. 1987 wurde er zum Richter am Oberverwaltungsgericht und 1995 zum Vorsitzenden Richter am Oberverwaltungsgericht ernannt. Er leitete den im Wesentlichen mit dem Beamtenrecht befassten 12. Senat sowie einen Senat des Landesberufsgerichts f\u00fcr Heilberufe und einen Disziplinarsenat. Am 1. M\u00e4rz 2001 ernannte ihn die Landesregierung zum Vizepr\u00e4sidenten des Oberverwaltungs\u00adgerichts. Zugleich \u00fcbernahm er den im Wesentlichen mit Verfahren aus dem Kom\u00admunal-, Kommunalwahl- und Kommunalabgabenrecht befassten 15. Senat.<\/p>\n<p>Dr. Kallerhoff ist durch zahlreiche wissenschaftliche Ver\u00f6ffentlichungen sowie Vor\u00adtr\u00e4ge und Seminare zu Fragen des Verwaltungs\u00adverfahrensrechts, des Kommunal\u00adrechts, des Kommunalwahlrechts und des Kommu\u00adnalabgabenrechts hervorgetreten. Unter anderem ist er Mitautor eines Standard\u00adwerks zum Verwaltungsverfahrens\u00adgesetz und Mitautor von Handb\u00fcchern zum Kom\u00admunalwahlrecht und Stra\u00dfenbau\u00adbeitragsrecht.<\/p>\n","protected":false},"excerpt":{"rendered":"<p>Der bisherige Vizepr\u00e4sident des Oberverwaltungsgerichts f\u00fcr das Land Nordrhein-Westfalen Dr. Dieter Kallerhoff ist am 1. Januar 2015 in den Ruhestand getreten. Er war Vorsitzender eines Beamten- und eines Disziplinarsenats.<\/p>\n","protected":false},"author":4,"featured_media":0,"comment_status":"closed","ping_status":"closed","sticky":false,"template":"","format":"standard","meta":{"footnotes":""},"categories":[4,14,15],"tags":[56],"class_list":["post-2991","post","type-post","status-publish","format-standard","hentry","category-aktuelles","category-beamtenrecht","category-disziplinarrecht","tag-versetzung-in-den-ruhestand"],"yoast_head":"<!-- This site is optimized with the Yoast SEO plugin v27.4 - https:\/\/yoast.com\/product\/yoast-seo-wordpress\/ -->\n<title>OVG-Vizepr\u00e4sident Dr. Kallerhoff in den Ruhestand getreten, Pressemitteilung v. 02.01.2015 - Hotstegs Rechtsanwaltsgesellschaft | Rechtsanw\u00e4lt:innen und Fachanw\u00e4lt:innen f\u00fcr Verwaltungsrecht<\/title>\n<meta name=\"description\" content=\"- Termine unter Tel. 0211 \/ 497657-16\" \/>\n<meta name=\"robots\" content=\"index, follow, max-snippet:-1, max-image-preview:large, max-video-preview:-1\" \/>\n<link rel=\"canonical\" href=\"https:\/\/www.hotstegs-recht.de\/?p=2991\" \/>\n<meta property=\"og:locale\" content=\"de_DE\" \/>\n<meta property=\"og:type\" content=\"article\" \/>\n<meta property=\"og:title\" content=\"OVG-Vizepr\u00e4sident Dr. Kallerhoff in den Ruhestand getreten, Pressemitteilung v. 02.01.2015 - Hotstegs Rechtsanwaltsgesellschaft | Rechtsanw\u00e4lt:innen und Fachanw\u00e4lt:innen f\u00fcr Verwaltungsrecht\" \/>\n<meta property=\"og:description\" content=\"- Termine unter Tel. 0211 \/ 497657-16\" \/>\n<meta property=\"og:url\" content=\"https:\/\/www.hotstegs-recht.de\/?p=2991\" \/>\n<meta property=\"og:site_name\" content=\"Hotstegs Rechtsanwaltsgesellschaft | Rechtsanw\u00e4lt:innen und Fachanw\u00e4lt:innen f\u00fcr Verwaltungsrecht\" \/>\n<meta property=\"article:publisher\" content=\"https:\/\/www.facebook.com\/hotstegs.recht\" \/>\n<meta property=\"article:published_time\" content=\"2015-01-07T19:34:11+00:00\" \/>\n<meta property=\"article:modified_time\" content=\"2016-10-14T16:20:39+00:00\" \/>\n<meta name=\"author\" content=\"Mitarbeiter:in\" \/>\n<meta name=\"twitter:card\" content=\"summary_large_image\" \/>\n<meta name=\"twitter:creator\" content=\"@hotstegs_recht\" \/>\n<meta name=\"twitter:site\" content=\"@hotstegs_recht\" \/>\n<meta name=\"twitter:label1\" content=\"Verfasst von\" \/>\n\t<meta name=\"twitter:data1\" content=\"Mitarbeiter:in\" \/>\n\t<meta name=\"twitter:label2\" content=\"Gesch\u00e4tzte Lesezeit\" \/>\n\t<meta name=\"twitter:data2\" content=\"1\u00a0Minute\" \/>\n<!-- \/ Yoast SEO plugin. -->","yoast_head_json":{"title":"OVG-Vizepr\u00e4sident Dr. Kallerhoff in den Ruhestand getreten, Pressemitteilung v. 02.01.2015 - Hotstegs Rechtsanwaltsgesellschaft | Rechtsanw\u00e4lt:innen und Fachanw\u00e4lt:innen f\u00fcr Verwaltungsrecht","description":"- Termine unter Tel. 0211 \/ 497657-16","robots":{"index":"index","follow":"follow","max-snippet":"max-snippet:-1","max-image-preview":"max-image-preview:large","max-video-preview":"max-video-preview:-1"},"canonical":"https:\/\/www.hotstegs-recht.de\/?p=2991","og_locale":"de_DE","og_type":"article","og_title":"OVG-Vizepr\u00e4sident Dr. Kallerhoff in den Ruhestand getreten, Pressemitteilung v. 02.01.2015 - Hotstegs Rechtsanwaltsgesellschaft | Rechtsanw\u00e4lt:innen und Fachanw\u00e4lt:innen f\u00fcr Verwaltungsrecht","og_description":"- Termine unter Tel. 0211 \/ 497657-16","og_url":"https:\/\/www.hotstegs-recht.de\/?p=2991","og_site_name":"Hotstegs Rechtsanwaltsgesellschaft | Rechtsanw\u00e4lt:innen und Fachanw\u00e4lt:innen f\u00fcr Verwaltungsrecht","article_publisher":"https:\/\/www.facebook.com\/hotstegs.recht","article_published_time":"2015-01-07T19:34:11+00:00","article_modified_time":"2016-10-14T16:20:39+00:00","author":"Mitarbeiter:in","twitter_card":"summary_large_image","twitter_creator":"@hotstegs_recht","twitter_site":"@hotstegs_recht","twitter_misc":{"Verfasst von":"Mitarbeiter:in","Gesch\u00e4tzte Lesezeit":"1\u00a0Minute"},"schema":{"@context":"https:\/\/schema.org","@graph":[{"@type":"Article","@id":"https:\/\/www.hotstegs-recht.de\/?p=2991#article","isPartOf":{"@id":"https:\/\/www.hotstegs-recht.de\/?p=2991"},"author":{"name":"Mitarbeiter:in","@id":"https:\/\/www.hotstegs-recht.de\/#\/schema\/person\/18c7a8260c2d9ded2b8308feab0990a2"},"headline":"OVG-Vizepr\u00e4sident Dr. Kallerhoff in den Ruhestand getreten, Pressemitteilung v. 02.01.2015","datePublished":"2015-01-07T19:34:11+00:00","dateModified":"2016-10-14T16:20:39+00:00","mainEntityOfPage":{"@id":"https:\/\/www.hotstegs-recht.de\/?p=2991"},"wordCount":217,"publisher":{"@id":"https:\/\/www.hotstegs-recht.de\/#organization"},"keywords":["Versetzung in den Ruhestand"],"articleSection":["Aktuelles","Beamtenrecht","Disziplinarrecht"],"inLanguage":"de"},{"@type":"WebPage","@id":"https:\/\/www.hotstegs-recht.de\/?p=2991","url":"https:\/\/www.hotstegs-recht.de\/?p=2991","name":"OVG-Vizepr\u00e4sident Dr. Kallerhoff in den Ruhestand getreten, Pressemitteilung v. 02.01.2015 - Hotstegs Rechtsanwaltsgesellschaft | Rechtsanw\u00e4lt:innen und Fachanw\u00e4lt:innen f\u00fcr Verwaltungsrecht","isPartOf":{"@id":"https:\/\/www.hotstegs-recht.de\/#website"},"datePublished":"2015-01-07T19:34:11+00:00","dateModified":"2016-10-14T16:20:39+00:00","description":"- Termine unter Tel. 0211 \/ 497657-16","breadcrumb":{"@id":"https:\/\/www.hotstegs-recht.de\/?p=2991#breadcrumb"},"inLanguage":"de","potentialAction":[{"@type":"ReadAction","target":["https:\/\/www.hotstegs-recht.de\/?p=2991"]}]},{"@type":"BreadcrumbList","@id":"https:\/\/www.hotstegs-recht.de\/?p=2991#breadcrumb","itemListElement":[{"@type":"ListItem","position":1,"name":"Startseite","item":"https:\/\/www.hotstegs-recht.de\/"},{"@type":"ListItem","position":2,"name":"OVG-Vizepr\u00e4sident Dr. Kallerhoff in den Ruhestand getreten, Pressemitteilung v. 02.01.2015"}]},{"@type":"WebSite","@id":"https:\/\/www.hotstegs-recht.de\/#website","url":"https:\/\/www.hotstegs-recht.de\/","name":"Hotstegs Rechtsanwaltsgesellschaft | Rechtsanw\u00e4lt:innen und Fachanw\u00e4lt:innen f\u00fcr Verwaltungsrecht","description":"\u00f6ffentliches Dienstrecht und Disziplinarverfahren | Rechtsanwalt Robert Hotstegs | Rechtsanw\u00e4ltin Sarah Nu\u00dfbaum | Rechtsanw\u00e4ltin Katharina Voigt","publisher":{"@id":"https:\/\/www.hotstegs-recht.de\/#organization"},"potentialAction":[{"@type":"SearchAction","target":{"@type":"EntryPoint","urlTemplate":"https:\/\/www.hotstegs-recht.de\/?s={search_term_string}"},"query-input":{"@type":"PropertyValueSpecification","valueRequired":true,"valueName":"search_term_string"}}],"inLanguage":"de"},{"@type":"Organization","@id":"https:\/\/www.hotstegs-recht.de\/#organization","name":"Hotstegs Rechtsanwaltsgesellschaft","url":"https:\/\/www.hotstegs-recht.de\/","logo":{"@type":"ImageObject","inLanguage":"de","@id":"https:\/\/www.hotstegs-recht.de\/#\/schema\/logo\/image\/","url":"https:\/\/www.hotstegs-recht.de\/wp-content\/uploads\/2021\/09\/logo_2020.png","contentUrl":"https:\/\/www.hotstegs-recht.de\/wp-content\/uploads\/2021\/09\/logo_2020.png","width":180,"height":51,"caption":"Hotstegs Rechtsanwaltsgesellschaft"},"image":{"@id":"https:\/\/www.hotstegs-recht.de\/#\/schema\/logo\/image\/"},"sameAs":["https:\/\/www.facebook.com\/hotstegs.recht","https:\/\/x.com\/hotstegs_recht","https:\/\/www.instagram.com\/hotstegs.recht","https:\/\/de.linkedin.com\/company\/hotstegs-recht"]},{"@type":"Person","@id":"https:\/\/www.hotstegs-recht.de\/#\/schema\/person\/18c7a8260c2d9ded2b8308feab0990a2","name":"Mitarbeiter:in","image":{"@type":"ImageObject","inLanguage":"de","@id":"https:\/\/secure.gravatar.com\/avatar\/ff927e44276052255fa51b438cd49d6bee71e07c0621a998717cee201e5d2fff?s=96&d=blank&r=g","url":"https:\/\/secure.gravatar.com\/avatar\/ff927e44276052255fa51b438cd49d6bee71e07c0621a998717cee201e5d2fff?s=96&d=blank&r=g","contentUrl":"https:\/\/secure.gravatar.com\/avatar\/ff927e44276052255fa51b438cd49d6bee71e07c0621a998717cee201e5d2fff?s=96&d=blank&r=g","caption":"Mitarbeiter:in"},"url":"https:\/\/www.hotstegs-recht.de\/?author=4"}]}},"amp_enabled":true,"_links":{"self":[{"href":"https:\/\/www.hotstegs-recht.de\/index.php?rest_route=\/wp\/v2\/posts\/2991","targetHints":{"allow":["GET"]}}],"collection":[{"href":"https:\/\/www.hotstegs-recht.de\/index.php?rest_route=\/wp\/v2\/posts"}],"about":[{"href":"https:\/\/www.hotstegs-recht.de\/index.php?rest_route=\/wp\/v2\/types\/post"}],"author":[{"embeddable":true,"href":"https:\/\/www.hotstegs-recht.de\/index.php?rest_route=\/wp\/v2\/users\/4"}],"replies":[{"embeddable":true,"href":"https:\/\/www.hotstegs-recht.de\/index.php?rest_route=%2Fwp%2Fv2%2Fcomments&post=2991"}],"version-history":[{"count":1,"href":"https:\/\/www.hotstegs-recht.de\/index.php?rest_route=\/wp\/v2\/posts\/2991\/revisions"}],"predecessor-version":[{"id":4993,"href":"https:\/\/www.hotstegs-recht.de\/index.php?rest_route=\/wp\/v2\/posts\/2991\/revisions\/4993"}],"wp:attachment":[{"href":"https:\/\/www.hotstegs-recht.de\/index.php?rest_route=%2Fwp%2Fv2%2Fmedia&parent=2991"}],"wp:term":[{"taxonomy":"category","embeddable":true,"href":"https:\/\/www.hotstegs-recht.de\/index.php?rest_route=%2Fwp%2Fv2%2Fcategories&post=2991"},{"taxonomy":"post_tag","embeddable":true,"href":"https:\/\/www.hotstegs-recht.de\/index.php?rest_route=%2Fwp%2Fv2%2Ftags&post=2991"}],"curies":[{"name":"wp","href":"https:\/\/api.w.org\/{rel}","templated":true}]}}