{"id":2957,"date":"2014-12-30T20:08:32","date_gmt":"2014-12-30T19:08:32","guid":{"rendered":"http:\/\/www.hotstegs-recht.de\/?p=2957"},"modified":"2014-12-30T20:09:48","modified_gmt":"2014-12-30T19:09:48","slug":"jetzt-bewerben-rechtsanwaltsfachangestellte-r-2015","status":"publish","type":"post","link":"https:\/\/www.hotstegs-recht.de\/?p=2957","title":{"rendered":"<a href=\"http:\/\/jobboerse.arbeitsagentur.de\/vamJB\/startseite.html?kgr=as&#038;aa=1&#038;m=1&#038;vorschlagsfunktionaktiv=true&#038;sieSuchen.wert.wert=1&#038;suchbegriffe=Hotstegs+Rechtsanwaltsgesellschaft&#038;arbeitsort.lokation=40479\" target=\"_blank\">jetzt bewerben: Rechtsanwaltsfachangestellte\/r ab 16.02.2015 bzw. 01.03.2015<\/a>"},"content":{"rendered":"<p>Wir suchen zum 16.02.2015 bzw. 01.03.2015 f\u00fcr unsere Kanzlei in D\u00fcsseldorf eine\/n qualifizierte\/n<\/p>\n<p><strong>Rechtsanwaltsfachangestellte\/n bzw. Rechtsfachwirt\/in.<\/strong><\/p>\n<p>Die Hotstegs Rechtsanwaltsgesellschaft mbH ist spezialisiert auf die Gebiete des Verwaltungsrechts, Beamten-, Disziplinar- und Kommunalrechts. Die anwaltliche und fachanwaltliche Beratung wird durch zwei Rechtsanw\u00e4ltinnen und\u00a0 einen Rechtsanwalt wahrgenommen, insgesamt hat die mittelst\u00e4ndische Kanzlei sechs Mitarbeiter\/innen (in Vollzeit und Teilzeit).<\/p>\n<p>Ihnen wird die Leitung und Organisation unseres Sekretariats obliegen. Ihre T\u00e4tigkeit werden Sie in enger Zusammenarbeit mit einer\/einem Auszubildenden und allen Mitarbeitenden absolvieren. Hierbei stehen Sie t\u00e4glich im direkten Kontakt mit Mandanten, Gegnern, Versicherungen und Gerichten.<\/p>\n<p>Sind Sie verantwortungsbewusst, freundlich und kommunikationsstark? K\u00f6nnen Sie Ihren Arbeitsalltag selbstst\u00e4ndig strukturieren, sich mit Kollegen abstimmen und verf\u00fcgen gleichzeitig \u00fcber Eigeninitiative? Wollen Sie in einem kleinen Team arbeiten?<\/p>\n<p>Dann unterst\u00fctzen Sie unsere Rechtsanw\u00e4ltinnen und unseren Rechtsanwalt bei rechtlichen Dienstleistungen und durch allgemeine organisatorische und kaufm\u00e4nnische Arbeiten. <!--more--><\/p>\n<p>Wir sind an Bewerbungen von Berufsanf\u00e4ngern und von berufserfahrenen Rechtsanwaltsfachangestellten und Rechtsfachwirten interessiert. Gute PC-Kenntnisse, Erfahrungen mit der Software RA-Micro und die F\u00e4higkeit eigenst\u00e4ndig textsicher und in angemessener Ausdrucksweise zu formulieren sind f\u00fcr Ihre Mitarbeit unerl\u00e4sslich.<\/p>\n<p>Um Ihnen die M\u00f6glichkeit zu geben, sich einen pers\u00f6nlichen Eindruck von unserer Kanzlei und unserem Team zu verschaffen, findet am 21.01.2015 ein zentraler Bewerbungstag statt. Hierzu laden wir Bewerberinnen und Bewerber gezielt ein. Bitte merken Sie sich den Tag schon einmal vor.<\/p>\n<p>&nbsp;<\/p>\n<p>siehe <a href=\"http:\/\/jobboerse.arbeitsagentur.de\/vamJB\/startseite.html?kgr=as&amp;aa=1&amp;m=1&amp;vorschlagsfunktionaktiv=true&amp;sieSuchen.wert.wert=1&amp;suchbegriffe=Hotstegs+Rechtsanwaltsgesellschaft&amp;arbeitsort.lokation=40479\" target=\"_blank\">http:\/\/jobboerse.arbeitsagentur.de<\/a><\/p>\n","protected":false},"excerpt":{"rendered":"<p>Wir suchen zum 16.02.2015 bzw. 01.03.2015 f\u00fcr unsere Kanzlei in D\u00fcsseldorf eine\/n qualifizierte\/n Rechtsanwaltsfachangestellte\/n bzw. Rechtsfachwirt\/in. Die Hotstegs Rechtsanwaltsgesellschaft mbH ist spezialisiert auf die Gebiete des Verwaltungsrechts, Beamten-, Disziplinar- und Kommunalrechts. Die anwaltliche und fachanwaltliche Beratung wird durch zwei Rechtsanw\u00e4ltinnen und\u00a0 einen Rechtsanwalt wahrgenommen, insgesamt hat die mittelst\u00e4ndische Kanzlei sechs Mitarbeiter\/innen (in Vollzeit und Teilzeit). &hellip; <\/p>\n<p class=\"link-more\"><a href=\"https:\/\/www.hotstegs-recht.de\/?p=2957\" class=\"more-link\"><span class=\"screen-reader-text\">\u201e<a href=\"http:\/\/jobboerse.arbeitsagentur.de\/vamJB\/startseite.html?kgr=as&#038;aa=1&#038;m=1&#038;vorschlagsfunktionaktiv=true&#038;sieSuchen.wert.wert=1&#038;suchbegriffe=Hotstegs+Rechtsanwaltsgesellschaft&#038;arbeitsort.lokation=40479\" target=\"_blank\">jetzt bewerben: Rechtsanwaltsfachangestellte\/r ab 16.02.2015 bzw. 01.03.2015<\/a>\u201c <\/span>weiterlesen<\/a><\/p>\n","protected":false},"author":1,"featured_media":0,"comment_status":"closed","ping_status":"closed","sticky":false,"template":"","format":"link","meta":{"footnotes":""},"categories":[4,23],"tags":[],"class_list":["post-2957","post","type-post","status-publish","format-link","hentry","category-aktuelles","category-kanzlei","post_format-post-format-link"],"yoast_head":"<!-- This site is optimized with the Yoast SEO plugin v27.4 - https:\/\/yoast.com\/product\/yoast-seo-wordpress\/ -->\n<title>jetzt bewerben: Rechtsanwaltsfachangestellte\/r ab 16.02.2015 bzw. 01.03.2015 - Hotstegs Rechtsanwaltsgesellschaft | Rechtsanw\u00e4lt:innen und Fachanw\u00e4lt:innen f\u00fcr Verwaltungsrecht<\/title>\n<meta name=\"description\" content=\"- Termine unter Tel. 0211 \/ 497657-16\" \/>\n<meta name=\"robots\" content=\"index, follow, max-snippet:-1, max-image-preview:large, max-video-preview:-1\" \/>\n<link rel=\"canonical\" href=\"https:\/\/www.hotstegs-recht.de\/?p=2957\" \/>\n<meta property=\"og:locale\" content=\"de_DE\" \/>\n<meta property=\"og:type\" content=\"article\" \/>\n<meta property=\"og:title\" content=\"jetzt bewerben: Rechtsanwaltsfachangestellte\/r ab 16.02.2015 bzw. 01.03.2015 - Hotstegs Rechtsanwaltsgesellschaft | Rechtsanw\u00e4lt:innen und Fachanw\u00e4lt:innen f\u00fcr Verwaltungsrecht\" \/>\n<meta property=\"og:description\" content=\"- Termine unter Tel. 0211 \/ 497657-16\" \/>\n<meta property=\"og:url\" content=\"https:\/\/www.hotstegs-recht.de\/?p=2957\" \/>\n<meta property=\"og:site_name\" content=\"Hotstegs Rechtsanwaltsgesellschaft | Rechtsanw\u00e4lt:innen und Fachanw\u00e4lt:innen f\u00fcr Verwaltungsrecht\" \/>\n<meta property=\"article:publisher\" content=\"https:\/\/www.facebook.com\/hotstegs.recht\" \/>\n<meta property=\"article:published_time\" content=\"2014-12-30T19:08:32+00:00\" \/>\n<meta property=\"article:modified_time\" content=\"2014-12-30T19:09:48+00:00\" \/>\n<meta name=\"author\" content=\"Robert Hotstegs\" \/>\n<meta name=\"twitter:card\" content=\"summary_large_image\" \/>\n<meta name=\"twitter:creator\" content=\"@hotstegs_recht\" \/>\n<meta name=\"twitter:site\" content=\"@hotstegs_recht\" \/>\n<meta name=\"twitter:label1\" content=\"Verfasst von\" \/>\n\t<meta name=\"twitter:data1\" content=\"Robert Hotstegs\" \/>\n\t<meta name=\"twitter:label2\" content=\"Gesch\u00e4tzte Lesezeit\" \/>\n\t<meta name=\"twitter:data2\" content=\"1\u00a0Minute\" \/>\n<!-- \/ Yoast SEO plugin. -->","yoast_head_json":{"title":"jetzt bewerben: Rechtsanwaltsfachangestellte\/r ab 16.02.2015 bzw. 01.03.2015 - Hotstegs Rechtsanwaltsgesellschaft | Rechtsanw\u00e4lt:innen und Fachanw\u00e4lt:innen f\u00fcr Verwaltungsrecht","description":"- Termine unter Tel. 0211 \/ 497657-16","robots":{"index":"index","follow":"follow","max-snippet":"max-snippet:-1","max-image-preview":"max-image-preview:large","max-video-preview":"max-video-preview:-1"},"canonical":"https:\/\/www.hotstegs-recht.de\/?p=2957","og_locale":"de_DE","og_type":"article","og_title":"jetzt bewerben: Rechtsanwaltsfachangestellte\/r ab 16.02.2015 bzw. 01.03.2015 - Hotstegs Rechtsanwaltsgesellschaft | Rechtsanw\u00e4lt:innen und Fachanw\u00e4lt:innen f\u00fcr Verwaltungsrecht","og_description":"- Termine unter Tel. 0211 \/ 497657-16","og_url":"https:\/\/www.hotstegs-recht.de\/?p=2957","og_site_name":"Hotstegs Rechtsanwaltsgesellschaft | Rechtsanw\u00e4lt:innen und Fachanw\u00e4lt:innen f\u00fcr Verwaltungsrecht","article_publisher":"https:\/\/www.facebook.com\/hotstegs.recht","article_published_time":"2014-12-30T19:08:32+00:00","article_modified_time":"2014-12-30T19:09:48+00:00","author":"Robert Hotstegs","twitter_card":"summary_large_image","twitter_creator":"@hotstegs_recht","twitter_site":"@hotstegs_recht","twitter_misc":{"Verfasst von":"Robert Hotstegs","Gesch\u00e4tzte Lesezeit":"1\u00a0Minute"},"schema":{"@context":"https:\/\/schema.org","@graph":[{"@type":"Article","@id":"https:\/\/www.hotstegs-recht.de\/?p=2957#article","isPartOf":{"@id":"https:\/\/www.hotstegs-recht.de\/?p=2957"},"author":{"name":"Robert Hotstegs","@id":"https:\/\/www.hotstegs-recht.de\/#\/schema\/person\/b5290b51a91e1e27ec6af13643a76ab0"},"headline":"jetzt bewerben: Rechtsanwaltsfachangestellte\/r ab 16.02.2015 bzw. 01.03.2015","datePublished":"2014-12-30T19:08:32+00:00","dateModified":"2014-12-30T19:09:48+00:00","mainEntityOfPage":{"@id":"https:\/\/www.hotstegs-recht.de\/?p=2957"},"wordCount":249,"publisher":{"@id":"https:\/\/www.hotstegs-recht.de\/#organization"},"articleSection":["Aktuelles","Kanzlei"],"inLanguage":"de"},{"@type":"WebPage","@id":"https:\/\/www.hotstegs-recht.de\/?p=2957","url":"https:\/\/www.hotstegs-recht.de\/?p=2957","name":"jetzt bewerben: Rechtsanwaltsfachangestellte\/r ab 16.02.2015 bzw. 01.03.2015 - Hotstegs Rechtsanwaltsgesellschaft | Rechtsanw\u00e4lt:innen und Fachanw\u00e4lt:innen f\u00fcr Verwaltungsrecht","isPartOf":{"@id":"https:\/\/www.hotstegs-recht.de\/#website"},"datePublished":"2014-12-30T19:08:32+00:00","dateModified":"2014-12-30T19:09:48+00:00","description":"- Termine unter Tel. 0211 \/ 497657-16","breadcrumb":{"@id":"https:\/\/www.hotstegs-recht.de\/?p=2957#breadcrumb"},"inLanguage":"de","potentialAction":[{"@type":"ReadAction","target":["https:\/\/www.hotstegs-recht.de\/?p=2957"]}]},{"@type":"BreadcrumbList","@id":"https:\/\/www.hotstegs-recht.de\/?p=2957#breadcrumb","itemListElement":[{"@type":"ListItem","position":1,"name":"Startseite","item":"https:\/\/www.hotstegs-recht.de\/"},{"@type":"ListItem","position":2,"name":"jetzt bewerben: Rechtsanwaltsfachangestellte\/r ab 16.02.2015 bzw. 01.03.2015"}]},{"@type":"WebSite","@id":"https:\/\/www.hotstegs-recht.de\/#website","url":"https:\/\/www.hotstegs-recht.de\/","name":"Hotstegs Rechtsanwaltsgesellschaft | Rechtsanw\u00e4lt:innen und Fachanw\u00e4lt:innen f\u00fcr Verwaltungsrecht","description":"\u00f6ffentliches Dienstrecht und Disziplinarverfahren | Rechtsanwalt Robert Hotstegs | Rechtsanw\u00e4ltin Sarah Nu\u00dfbaum | Rechtsanw\u00e4ltin Katharina Voigt","publisher":{"@id":"https:\/\/www.hotstegs-recht.de\/#organization"},"potentialAction":[{"@type":"SearchAction","target":{"@type":"EntryPoint","urlTemplate":"https:\/\/www.hotstegs-recht.de\/?s={search_term_string}"},"query-input":{"@type":"PropertyValueSpecification","valueRequired":true,"valueName":"search_term_string"}}],"inLanguage":"de"},{"@type":"Organization","@id":"https:\/\/www.hotstegs-recht.de\/#organization","name":"Hotstegs Rechtsanwaltsgesellschaft","url":"https:\/\/www.hotstegs-recht.de\/","logo":{"@type":"ImageObject","inLanguage":"de","@id":"https:\/\/www.hotstegs-recht.de\/#\/schema\/logo\/image\/","url":"https:\/\/www.hotstegs-recht.de\/wp-content\/uploads\/2021\/09\/logo_2020.png","contentUrl":"https:\/\/www.hotstegs-recht.de\/wp-content\/uploads\/2021\/09\/logo_2020.png","width":180,"height":51,"caption":"Hotstegs Rechtsanwaltsgesellschaft"},"image":{"@id":"https:\/\/www.hotstegs-recht.de\/#\/schema\/logo\/image\/"},"sameAs":["https:\/\/www.facebook.com\/hotstegs.recht","https:\/\/x.com\/hotstegs_recht","https:\/\/www.instagram.com\/hotstegs.recht","https:\/\/de.linkedin.com\/company\/hotstegs-recht"]},{"@type":"Person","@id":"https:\/\/www.hotstegs-recht.de\/#\/schema\/person\/b5290b51a91e1e27ec6af13643a76ab0","name":"Robert Hotstegs","image":{"@type":"ImageObject","inLanguage":"de","@id":"https:\/\/secure.gravatar.com\/avatar\/7d923d735cd88c8f3b65c6506ab775c5eb23a82716d81ce74eb3951cb8430f5a?s=96&d=blank&r=g","url":"https:\/\/secure.gravatar.com\/avatar\/7d923d735cd88c8f3b65c6506ab775c5eb23a82716d81ce74eb3951cb8430f5a?s=96&d=blank&r=g","contentUrl":"https:\/\/secure.gravatar.com\/avatar\/7d923d735cd88c8f3b65c6506ab775c5eb23a82716d81ce74eb3951cb8430f5a?s=96&d=blank&r=g","caption":"Robert Hotstegs"},"description":"Rechtsanwalt, Fachanwalt f\u00fcr Verwaltungsrecht","url":"https:\/\/www.hotstegs-recht.de\/?author=1"}]}},"amp_enabled":true,"_links":{"self":[{"href":"https:\/\/www.hotstegs-recht.de\/index.php?rest_route=\/wp\/v2\/posts\/2957","targetHints":{"allow":["GET"]}}],"collection":[{"href":"https:\/\/www.hotstegs-recht.de\/index.php?rest_route=\/wp\/v2\/posts"}],"about":[{"href":"https:\/\/www.hotstegs-recht.de\/index.php?rest_route=\/wp\/v2\/types\/post"}],"author":[{"embeddable":true,"href":"https:\/\/www.hotstegs-recht.de\/index.php?rest_route=\/wp\/v2\/users\/1"}],"replies":[{"embeddable":true,"href":"https:\/\/www.hotstegs-recht.de\/index.php?rest_route=%2Fwp%2Fv2%2Fcomments&post=2957"}],"version-history":[{"count":0,"href":"https:\/\/www.hotstegs-recht.de\/index.php?rest_route=\/wp\/v2\/posts\/2957\/revisions"}],"wp:attachment":[{"href":"https:\/\/www.hotstegs-recht.de\/index.php?rest_route=%2Fwp%2Fv2%2Fmedia&parent=2957"}],"wp:term":[{"taxonomy":"category","embeddable":true,"href":"https:\/\/www.hotstegs-recht.de\/index.php?rest_route=%2Fwp%2Fv2%2Fcategories&post=2957"},{"taxonomy":"post_tag","embeddable":true,"href":"https:\/\/www.hotstegs-recht.de\/index.php?rest_route=%2Fwp%2Fv2%2Ftags&post=2957"}],"curies":[{"name":"wp","href":"https:\/\/api.w.org\/{rel}","templated":true}]}}