{"id":2569,"date":"2014-04-26T07:21:28","date_gmt":"2014-04-26T05:21:28","guid":{"rendered":"http:\/\/www.hotstegs-recht.de\/?p=2569"},"modified":"2014-04-27T17:54:30","modified_gmt":"2014-04-27T15:54:30","slug":"gericht-erachtet-begehren-fuer-unzulaessig-waz-v-26-04-2014","status":"publish","type":"post","link":"https:\/\/www.hotstegs-recht.de\/?p=2569","title":{"rendered":"Gericht erachtet Begehren f\u00fcr unzul\u00e4ssig, WAZ v. 26.04.2014"},"content":{"rendered":"<p>Von Stefan Scherer<\/p>\n<p>Das war es: Nachdem das Verwaltungsgericht Arnsberg am Freitag das B\u00fcrgerbegehren der Grundschuleltern f\u00fcr unzul\u00e4ssig erkl\u00e4rte, beenden diese ihren Kampf f\u00fcr den Erhalt der Grundschullandschaft. Die Verwaltung indes arbeitet nun mit Hochdruck daran, den L\u00e4ndchenweg so herzurichten, dass dort nach den Sommerferien die Grundschulen Westfalendamm und M\u00f6llenkotten einziehen k\u00f6nnen. Der Ratsbeschluss vom 28. November 2013 hat damit Bestand. Neben den erw\u00e4hnten Umz\u00fcgen betrifft dieser auch die Katholische Grundschule S\u00fcdstra\u00dfe, die in das frei werdende Schulgeb\u00e4ude im M\u00f6llenkotten umsiedeln wird.<!--more--><\/p>\n<p><strong>Entt\u00e4uschung und Erleichterung<\/strong><\/p>\n<p>Der Gerichtsbeschluss, bei dem die Eltern nach negativem Ratsvotum mit einer einstweiligen Anordnung die Zul\u00e4ssigkeit ihres Begehrens erwirken wollten, fu\u00dft darauf, dass im Begehren Tatsachen falsch wiedergegeben worden seien. &#8222;In der Begr\u00fcndung wird ausdr\u00fccklich erkl\u00e4rt, der Ratsbeschluss trage nicht zur Konsolidierung des Haushalts bei&#8220;, teilt das Gericht in seiner siebenseitigen Begr\u00fcndung mit. Die Stadt Schwelm habe nachvollziehbar dargelegt, dass das Gegenteil der Fall sei. Diese &#8222;Behauptung ins Blaue&#8220;, wie die Richter schreiben, h\u00e4tte bei den Unterzeichnern &#8222;den irref\u00fchrenden Eindruck hervorgerufen, die Aufrechterhaltung der bisherigen Schulstandorte sei kostenneutral oder f\u00fcr den st\u00e4dtischen Haushalt gar g\u00fcnstiger.&#8220;<\/p>\n<p>Entt\u00e4uschung bei der Initiative. Olaf Stutzenberger: &#8222;Das ist schade, aber wir werden diese Entscheidung wie zugesichert akzeptieren und keine Beschwerde beim Oberverwaltungsgericht einlegen&#8220;. Gleichwohl sieht Rechtsanwalt Robert Hotstegs\u2007die Sache kritisch: &#8222;Der Beschluss folgt pauschal den Behauptungen der Stadt, obwohl die Rechenfehler der st\u00e4dtischen Kostensch\u00e4tzung offensichtlich sind. Dies pointiert zu benennen, muss in einem B\u00fcrgerbegehren m\u00f6glich sein.&#8220; Dadurch, dass das Gericht die Bewertung der Kostensch\u00e4tzung als &#8222;unrichtige Behauptung&#8220; darstelle, w\u00fcrde zuk\u00fcnftig Initiativen die M\u00f6glichkeit genommen, sich kritisch mit Rathaus-Zahlen auseinander zu setzen.<\/p>\n<p>Im Schwelmer Rathaus herrscht Erleichterung. &#8222;Wir sind froh, dass Klarheit geschaffen ist und werden alles daran setzen, ein betriebsbereites Grundschulgeb\u00e4ude am L\u00e4ndchenweg herzurichten&#8220;, sagt K\u00e4mmerer Ralf Schweinsberg. Die Ausschreibungen sollen am Montag starten. W\u00e4hrend der Sommerferien sollen sicherheitsrelevante Ma\u00dfnahmen, Sanit\u00e4ranlagen und eine Umz\u00e4unung des Gel\u00e4ndes geschaffen werden. &#8222;Es geht um die Kinder und wir wollen einen Schulfrieden schaffen&#8220;, sagt Schweinsberg.<\/p>\n<p><strong>Initiative beobachtet den Umbau<\/strong><\/p>\n<p>Die Initiative will sehr genau beobachten, ob zum einem das Geld, was die Politik zugesagt hat, auch tats\u00e4chlich zur Verf\u00fcgung gestellt wird, und zum anderen, ob alle n\u00f6tigen Ma\u00dfnahmen zum Schulbeginn umgesetzt sind. &#8222;Ansonsten wird kein Kind auf diese Schule gehen&#8220;, sagt Olaf Stutzenberger. Aus der Politik \u00e4u\u00dferte sich die FDP. &#8222;5000 B\u00fcrger wollten ihr Recht auf einen B\u00fcrgerentscheid geltend machen. Bei dem von uns beantragten Ratsb\u00fcrgerentscheid h\u00e4tten sie unabh\u00e4ngig von Rechtsfragen \u00fcber ihr Begehren entscheiden k\u00f6nnen&#8220;, sagt Fraktionsvorsitzender Michael Schwunk.<\/p>\n","protected":false},"excerpt":{"rendered":"<p>Von Stefan Scherer Das war es: Nachdem das Verwaltungsgericht Arnsberg am Freitag das B\u00fcrgerbegehren der Grundschuleltern f\u00fcr unzul\u00e4ssig erkl\u00e4rte, beenden diese ihren Kampf f\u00fcr den Erhalt der Grundschullandschaft. Die Verwaltung indes arbeitet nun mit Hochdruck daran, den L\u00e4ndchenweg so herzurichten, dass dort nach den Sommerferien die Grundschulen Westfalendamm und M\u00f6llenkotten einziehen k\u00f6nnen. Der Ratsbeschluss vom &hellip; <\/p>\n<p class=\"link-more\"><a href=\"https:\/\/www.hotstegs-recht.de\/?p=2569\" class=\"more-link\"><span class=\"screen-reader-text\">\u201eGericht erachtet Begehren f\u00fcr unzul\u00e4ssig, WAZ v. 26.04.2014\u201c <\/span>weiterlesen<\/a><\/p>\n","protected":false},"author":4,"featured_media":0,"comment_status":"closed","ping_status":"closed","sticky":false,"template":"","format":"standard","meta":{"footnotes":""},"categories":[4,9,16],"tags":[],"class_list":["post-2569","post","type-post","status-publish","format-standard","hentry","category-aktuelles","category-presse","category-burgerbeteiligung"],"yoast_head":"<!-- This site is optimized with the Yoast SEO plugin v27.4 - https:\/\/yoast.com\/product\/yoast-seo-wordpress\/ -->\n<title>Gericht erachtet Begehren f\u00fcr unzul\u00e4ssig, WAZ v. 26.04.2014 - Hotstegs Rechtsanwaltsgesellschaft | Rechtsanw\u00e4lt:innen und Fachanw\u00e4lt:innen f\u00fcr Verwaltungsrecht<\/title>\n<meta name=\"description\" content=\"- Termine unter Tel. 0211 \/ 497657-16\" \/>\n<meta name=\"robots\" content=\"index, follow, max-snippet:-1, max-image-preview:large, max-video-preview:-1\" \/>\n<link rel=\"canonical\" href=\"https:\/\/www.hotstegs-recht.de\/?p=2569\" \/>\n<meta property=\"og:locale\" content=\"de_DE\" \/>\n<meta property=\"og:type\" content=\"article\" \/>\n<meta property=\"og:title\" content=\"Gericht erachtet Begehren f\u00fcr unzul\u00e4ssig, WAZ v. 26.04.2014 - Hotstegs Rechtsanwaltsgesellschaft | Rechtsanw\u00e4lt:innen und Fachanw\u00e4lt:innen f\u00fcr Verwaltungsrecht\" \/>\n<meta property=\"og:description\" content=\"- Termine unter Tel. 0211 \/ 497657-16\" \/>\n<meta property=\"og:url\" content=\"https:\/\/www.hotstegs-recht.de\/?p=2569\" \/>\n<meta property=\"og:site_name\" content=\"Hotstegs Rechtsanwaltsgesellschaft | Rechtsanw\u00e4lt:innen und Fachanw\u00e4lt:innen f\u00fcr Verwaltungsrecht\" \/>\n<meta property=\"article:publisher\" content=\"https:\/\/www.facebook.com\/hotstegs.recht\" \/>\n<meta property=\"article:published_time\" content=\"2014-04-26T05:21:28+00:00\" \/>\n<meta property=\"article:modified_time\" content=\"2014-04-27T15:54:30+00:00\" \/>\n<meta name=\"author\" content=\"Mitarbeiter:in\" \/>\n<meta name=\"twitter:card\" content=\"summary_large_image\" \/>\n<meta name=\"twitter:creator\" content=\"@hotstegs_recht\" \/>\n<meta name=\"twitter:site\" content=\"@hotstegs_recht\" \/>\n<meta name=\"twitter:label1\" content=\"Verfasst von\" \/>\n\t<meta name=\"twitter:data1\" content=\"Mitarbeiter:in\" \/>\n\t<meta name=\"twitter:label2\" content=\"Gesch\u00e4tzte Lesezeit\" \/>\n\t<meta name=\"twitter:data2\" content=\"2\u00a0Minuten\" \/>\n<!-- \/ Yoast SEO plugin. -->","yoast_head_json":{"title":"Gericht erachtet Begehren f\u00fcr unzul\u00e4ssig, WAZ v. 26.04.2014 - Hotstegs Rechtsanwaltsgesellschaft | Rechtsanw\u00e4lt:innen und Fachanw\u00e4lt:innen f\u00fcr Verwaltungsrecht","description":"- Termine unter Tel. 0211 \/ 497657-16","robots":{"index":"index","follow":"follow","max-snippet":"max-snippet:-1","max-image-preview":"max-image-preview:large","max-video-preview":"max-video-preview:-1"},"canonical":"https:\/\/www.hotstegs-recht.de\/?p=2569","og_locale":"de_DE","og_type":"article","og_title":"Gericht erachtet Begehren f\u00fcr unzul\u00e4ssig, WAZ v. 26.04.2014 - Hotstegs Rechtsanwaltsgesellschaft | Rechtsanw\u00e4lt:innen und Fachanw\u00e4lt:innen f\u00fcr Verwaltungsrecht","og_description":"- Termine unter Tel. 0211 \/ 497657-16","og_url":"https:\/\/www.hotstegs-recht.de\/?p=2569","og_site_name":"Hotstegs Rechtsanwaltsgesellschaft | Rechtsanw\u00e4lt:innen und Fachanw\u00e4lt:innen f\u00fcr Verwaltungsrecht","article_publisher":"https:\/\/www.facebook.com\/hotstegs.recht","article_published_time":"2014-04-26T05:21:28+00:00","article_modified_time":"2014-04-27T15:54:30+00:00","author":"Mitarbeiter:in","twitter_card":"summary_large_image","twitter_creator":"@hotstegs_recht","twitter_site":"@hotstegs_recht","twitter_misc":{"Verfasst von":"Mitarbeiter:in","Gesch\u00e4tzte Lesezeit":"2\u00a0Minuten"},"schema":{"@context":"https:\/\/schema.org","@graph":[{"@type":"Article","@id":"https:\/\/www.hotstegs-recht.de\/?p=2569#article","isPartOf":{"@id":"https:\/\/www.hotstegs-recht.de\/?p=2569"},"author":{"name":"Mitarbeiter:in","@id":"https:\/\/www.hotstegs-recht.de\/#\/schema\/person\/18c7a8260c2d9ded2b8308feab0990a2"},"headline":"Gericht erachtet Begehren f\u00fcr unzul\u00e4ssig, WAZ v. 26.04.2014","datePublished":"2014-04-26T05:21:28+00:00","dateModified":"2014-04-27T15:54:30+00:00","mainEntityOfPage":{"@id":"https:\/\/www.hotstegs-recht.de\/?p=2569"},"wordCount":466,"publisher":{"@id":"https:\/\/www.hotstegs-recht.de\/#organization"},"articleSection":["Aktuelles","Presse","B\u00fcrgerbeteiligung"],"inLanguage":"de"},{"@type":"WebPage","@id":"https:\/\/www.hotstegs-recht.de\/?p=2569","url":"https:\/\/www.hotstegs-recht.de\/?p=2569","name":"Gericht erachtet Begehren f\u00fcr unzul\u00e4ssig, WAZ v. 26.04.2014 - Hotstegs Rechtsanwaltsgesellschaft | Rechtsanw\u00e4lt:innen und Fachanw\u00e4lt:innen f\u00fcr Verwaltungsrecht","isPartOf":{"@id":"https:\/\/www.hotstegs-recht.de\/#website"},"datePublished":"2014-04-26T05:21:28+00:00","dateModified":"2014-04-27T15:54:30+00:00","description":"- Termine unter Tel. 0211 \/ 497657-16","breadcrumb":{"@id":"https:\/\/www.hotstegs-recht.de\/?p=2569#breadcrumb"},"inLanguage":"de","potentialAction":[{"@type":"ReadAction","target":["https:\/\/www.hotstegs-recht.de\/?p=2569"]}]},{"@type":"BreadcrumbList","@id":"https:\/\/www.hotstegs-recht.de\/?p=2569#breadcrumb","itemListElement":[{"@type":"ListItem","position":1,"name":"Startseite","item":"https:\/\/www.hotstegs-recht.de\/"},{"@type":"ListItem","position":2,"name":"Gericht erachtet Begehren f\u00fcr unzul\u00e4ssig, WAZ v. 26.04.2014"}]},{"@type":"WebSite","@id":"https:\/\/www.hotstegs-recht.de\/#website","url":"https:\/\/www.hotstegs-recht.de\/","name":"Hotstegs Rechtsanwaltsgesellschaft | Rechtsanw\u00e4lt:innen und Fachanw\u00e4lt:innen f\u00fcr Verwaltungsrecht","description":"\u00f6ffentliches Dienstrecht und Disziplinarverfahren | Rechtsanwalt Robert Hotstegs | Rechtsanw\u00e4ltin Sarah Nu\u00dfbaum | Rechtsanw\u00e4ltin Katharina Voigt","publisher":{"@id":"https:\/\/www.hotstegs-recht.de\/#organization"},"potentialAction":[{"@type":"SearchAction","target":{"@type":"EntryPoint","urlTemplate":"https:\/\/www.hotstegs-recht.de\/?s={search_term_string}"},"query-input":{"@type":"PropertyValueSpecification","valueRequired":true,"valueName":"search_term_string"}}],"inLanguage":"de"},{"@type":"Organization","@id":"https:\/\/www.hotstegs-recht.de\/#organization","name":"Hotstegs Rechtsanwaltsgesellschaft","url":"https:\/\/www.hotstegs-recht.de\/","logo":{"@type":"ImageObject","inLanguage":"de","@id":"https:\/\/www.hotstegs-recht.de\/#\/schema\/logo\/image\/","url":"https:\/\/www.hotstegs-recht.de\/wp-content\/uploads\/2021\/09\/logo_2020.png","contentUrl":"https:\/\/www.hotstegs-recht.de\/wp-content\/uploads\/2021\/09\/logo_2020.png","width":180,"height":51,"caption":"Hotstegs Rechtsanwaltsgesellschaft"},"image":{"@id":"https:\/\/www.hotstegs-recht.de\/#\/schema\/logo\/image\/"},"sameAs":["https:\/\/www.facebook.com\/hotstegs.recht","https:\/\/x.com\/hotstegs_recht","https:\/\/www.instagram.com\/hotstegs.recht","https:\/\/de.linkedin.com\/company\/hotstegs-recht"]},{"@type":"Person","@id":"https:\/\/www.hotstegs-recht.de\/#\/schema\/person\/18c7a8260c2d9ded2b8308feab0990a2","name":"Mitarbeiter:in","image":{"@type":"ImageObject","inLanguage":"de","@id":"https:\/\/secure.gravatar.com\/avatar\/ff927e44276052255fa51b438cd49d6bee71e07c0621a998717cee201e5d2fff?s=96&d=blank&r=g","url":"https:\/\/secure.gravatar.com\/avatar\/ff927e44276052255fa51b438cd49d6bee71e07c0621a998717cee201e5d2fff?s=96&d=blank&r=g","contentUrl":"https:\/\/secure.gravatar.com\/avatar\/ff927e44276052255fa51b438cd49d6bee71e07c0621a998717cee201e5d2fff?s=96&d=blank&r=g","caption":"Mitarbeiter:in"},"url":"https:\/\/www.hotstegs-recht.de\/?author=4"}]}},"amp_enabled":true,"_links":{"self":[{"href":"https:\/\/www.hotstegs-recht.de\/index.php?rest_route=\/wp\/v2\/posts\/2569","targetHints":{"allow":["GET"]}}],"collection":[{"href":"https:\/\/www.hotstegs-recht.de\/index.php?rest_route=\/wp\/v2\/posts"}],"about":[{"href":"https:\/\/www.hotstegs-recht.de\/index.php?rest_route=\/wp\/v2\/types\/post"}],"author":[{"embeddable":true,"href":"https:\/\/www.hotstegs-recht.de\/index.php?rest_route=\/wp\/v2\/users\/4"}],"replies":[{"embeddable":true,"href":"https:\/\/www.hotstegs-recht.de\/index.php?rest_route=%2Fwp%2Fv2%2Fcomments&post=2569"}],"version-history":[{"count":0,"href":"https:\/\/www.hotstegs-recht.de\/index.php?rest_route=\/wp\/v2\/posts\/2569\/revisions"}],"wp:attachment":[{"href":"https:\/\/www.hotstegs-recht.de\/index.php?rest_route=%2Fwp%2Fv2%2Fmedia&parent=2569"}],"wp:term":[{"taxonomy":"category","embeddable":true,"href":"https:\/\/www.hotstegs-recht.de\/index.php?rest_route=%2Fwp%2Fv2%2Fcategories&post=2569"},{"taxonomy":"post_tag","embeddable":true,"href":"https:\/\/www.hotstegs-recht.de\/index.php?rest_route=%2Fwp%2Fv2%2Ftags&post=2569"}],"curies":[{"name":"wp","href":"https:\/\/api.w.org\/{rel}","templated":true}]}}