{"id":2551,"date":"2014-04-01T04:05:32","date_gmt":"2014-04-01T02:05:32","guid":{"rendered":"http:\/\/www.hotstegs-recht.de\/?p=2551"},"modified":"2014-04-01T04:05:32","modified_gmt":"2014-04-01T02:05:32","slug":"eltern-wollen-von-stadt-fair-behandelt-werden-waz-v-31-03-2014","status":"publish","type":"post","link":"https:\/\/www.hotstegs-recht.de\/?p=2551","title":{"rendered":"Eltern wollen von Stadt fair behandelt werden, WAZ v. 31.03.2014"},"content":{"rendered":"<p>Schwelm. F\u00fcr die Stadtverwaltung scheint sich das B\u00fcrgerbegehren zum Erhalt der Hauptschule in Schwelm wegen Nichteinhaltung der Fristen erledigt zu haben. Nicht so f\u00fcr die betroffenen Eltern. Sie wollen weiterhin f\u00fcr ihr Anliegen werben und die fehlenden 356 Unterschriften sammeln \u2013 auch auf der Fr\u00fchjahrsmesse der Gesellschafts f\u00fcr Stadtmarketing und Wirtschaftsf\u00f6rderung am kommenden Wochenende in und an der Eventhalle auf dem Eisenwerkgel\u00e4nde.<!--more--><\/p>\n<p><strong>B\u00fcrgermeister schweigt<\/strong><\/p>\n<p>Konkret geht es um die Vorlage der Verwaltung f\u00fcr die kommende Ratssitzung am 10. April. Als Beschlussentwurf legt das Rathaus den Politikern nahe, das B\u00fcrgerbegehren \u201eHauptschulen\u201c als unzul\u00e4ssig zu erkl\u00e4ren, weil innerhalb der gesetzten Frist vom 10. M\u00e4rz die Unterst\u00fctzungsunterschriften nicht eingegangen seien.<\/p>\n<p>Mit der genannten Frist vom 10. M\u00e4rz sind die Eltern ganz und gar nicht einverstanden. Am 13. M\u00e4rz haben sie deshalb im Rathaus einen Brief abgegeben und ihre eigene Rechnung aufgemacht. Danach l\u00e4uft die Frist f\u00fcr die Unterschriftensammlung noch bis einschlie\u00dflich 14. April. Seitdem herrscht seitens des B\u00fcrgermeisters Funkstille. Auch mehrfache Versuche der Elterninitiative, telefonisch und per E-Mail mit B\u00fcrgermeister Jochen Stobbe Kontakt aufzunehmen, sind nach Aussage der Elternschaft ins Leere gelaufen. \u201eWir f\u00fchlen uns als B\u00fcrger nicht wahrgenommen und in unseren Rechten beschnitten\u201c, zeigt sich Maike Bertram, Elternpflegschaftsvorsitzende der Gustav-Heinemann-Schule, vom Verhalten des B\u00fcrgermeisters entt\u00e4uscht. Das Sekretariat des B\u00fcrgermeister habe uns gesagt, der B\u00fcrgermeister rufe zur\u00fcck. Doch nichts sei passiert.<\/p>\n<p>Auch die Ratsfraktionen hat die Elterninitiative am letzten Donnerstag per E-Mail informiert. Doch auch da habe es bis jetzt noch keine Reaktionen gegeben. \u201eWir m\u00f6chten fair behandelt werden und unser demokratisch verbrieftes Recht bekommen\u201c, sagt Claus Kaiser und k\u00fcndigt an, durch einen Anwalt die Ergreifung rechtliche Schritte gegen\u00fcber der Stadt pr\u00fcfen zu lassen.<\/p>\n<p>Bei der Berechnung der Abgabefrist f\u00fcr das B\u00fcrgerbegehren hatten sich die Hauptschul-Eltern von Robert Hotstegs, Fachanwalt f\u00fcr Verwaltungsrecht in D\u00fcsseldorf, beraten lassen. Danach ergibt sich folgende Sachlage, die B\u00fcrgermeister Jochen Stobbe in dem Brief vom 13. M\u00e4rz geschildert wurde:<\/p>\n<p>\u201eWir haben unserer B\u00fcrgerbegehren am 06.12.2013 eingereicht, Eingangsdatum lt. Antwort von Herrn Eibers 10.12.2013. Ab diesem Tag setzt die Fristhemmung ein und endet mit Erhalt der Kostensch\u00e4tzung am 23.01.2014.<\/p>\n<p>Die Hemmfrist zugerechnet auf die 3-Monatsfrist, welche am 28.02.2014 geendet h\u00e4tte, ergibt einen Abgabetermin 14.04.2014. Dieser Termin wurde nach eingehender Pr\u00fcfung s\u00e4mtlicher Unterlagen von unserem Anwalt errechnet.\u201c<\/p>\n<p>Bernd Richter<\/p>\n","protected":false},"excerpt":{"rendered":"<p>Schwelm. F\u00fcr die Stadtverwaltung scheint sich das B\u00fcrgerbegehren zum Erhalt der Hauptschule in Schwelm wegen Nichteinhaltung der Fristen erledigt zu haben. Nicht so f\u00fcr die betroffenen Eltern. Sie wollen weiterhin f\u00fcr ihr Anliegen werben und die fehlenden 356 Unterschriften sammeln \u2013 auch auf der Fr\u00fchjahrsmesse der Gesellschafts f\u00fcr Stadtmarketing und Wirtschaftsf\u00f6rderung am kommenden Wochenende in &hellip; <\/p>\n<p class=\"link-more\"><a href=\"https:\/\/www.hotstegs-recht.de\/?p=2551\" class=\"more-link\"><span class=\"screen-reader-text\">\u201eEltern wollen von Stadt fair behandelt werden, WAZ v. 31.03.2014\u201c <\/span>weiterlesen<\/a><\/p>\n","protected":false},"author":4,"featured_media":0,"comment_status":"closed","ping_status":"closed","sticky":false,"template":"","format":"standard","meta":{"footnotes":""},"categories":[4,9,16],"tags":[],"class_list":["post-2551","post","type-post","status-publish","format-standard","hentry","category-aktuelles","category-presse","category-burgerbeteiligung"],"yoast_head":"<!-- This site is optimized with the Yoast SEO plugin v27.4 - https:\/\/yoast.com\/product\/yoast-seo-wordpress\/ -->\n<title>Eltern wollen von Stadt fair behandelt werden, WAZ v. 31.03.2014 - Hotstegs Rechtsanwaltsgesellschaft | Rechtsanw\u00e4lt:innen und Fachanw\u00e4lt:innen f\u00fcr Verwaltungsrecht<\/title>\n<meta name=\"description\" content=\"- Termine unter Tel. 0211 \/ 497657-16\" \/>\n<meta name=\"robots\" content=\"index, follow, max-snippet:-1, max-image-preview:large, max-video-preview:-1\" \/>\n<link rel=\"canonical\" href=\"https:\/\/www.hotstegs-recht.de\/?p=2551\" \/>\n<meta property=\"og:locale\" content=\"de_DE\" \/>\n<meta property=\"og:type\" content=\"article\" \/>\n<meta property=\"og:title\" content=\"Eltern wollen von Stadt fair behandelt werden, WAZ v. 31.03.2014 - Hotstegs Rechtsanwaltsgesellschaft | Rechtsanw\u00e4lt:innen und Fachanw\u00e4lt:innen f\u00fcr Verwaltungsrecht\" \/>\n<meta property=\"og:description\" content=\"- Termine unter Tel. 0211 \/ 497657-16\" \/>\n<meta property=\"og:url\" content=\"https:\/\/www.hotstegs-recht.de\/?p=2551\" \/>\n<meta property=\"og:site_name\" content=\"Hotstegs Rechtsanwaltsgesellschaft | Rechtsanw\u00e4lt:innen und Fachanw\u00e4lt:innen f\u00fcr Verwaltungsrecht\" \/>\n<meta property=\"article:publisher\" content=\"https:\/\/www.facebook.com\/hotstegs.recht\" \/>\n<meta property=\"article:published_time\" content=\"2014-04-01T02:05:32+00:00\" \/>\n<meta name=\"author\" content=\"Mitarbeiter:in\" \/>\n<meta name=\"twitter:card\" content=\"summary_large_image\" \/>\n<meta name=\"twitter:creator\" content=\"@hotstegs_recht\" \/>\n<meta name=\"twitter:site\" content=\"@hotstegs_recht\" \/>\n<meta name=\"twitter:label1\" content=\"Verfasst von\" \/>\n\t<meta name=\"twitter:data1\" content=\"Mitarbeiter:in\" \/>\n\t<meta name=\"twitter:label2\" content=\"Gesch\u00e4tzte Lesezeit\" \/>\n\t<meta name=\"twitter:data2\" content=\"2\u00a0Minuten\" \/>\n<!-- \/ Yoast SEO plugin. -->","yoast_head_json":{"title":"Eltern wollen von Stadt fair behandelt werden, WAZ v. 31.03.2014 - Hotstegs Rechtsanwaltsgesellschaft | Rechtsanw\u00e4lt:innen und Fachanw\u00e4lt:innen f\u00fcr Verwaltungsrecht","description":"- Termine unter Tel. 0211 \/ 497657-16","robots":{"index":"index","follow":"follow","max-snippet":"max-snippet:-1","max-image-preview":"max-image-preview:large","max-video-preview":"max-video-preview:-1"},"canonical":"https:\/\/www.hotstegs-recht.de\/?p=2551","og_locale":"de_DE","og_type":"article","og_title":"Eltern wollen von Stadt fair behandelt werden, WAZ v. 31.03.2014 - Hotstegs Rechtsanwaltsgesellschaft | Rechtsanw\u00e4lt:innen und Fachanw\u00e4lt:innen f\u00fcr Verwaltungsrecht","og_description":"- Termine unter Tel. 0211 \/ 497657-16","og_url":"https:\/\/www.hotstegs-recht.de\/?p=2551","og_site_name":"Hotstegs Rechtsanwaltsgesellschaft | Rechtsanw\u00e4lt:innen und Fachanw\u00e4lt:innen f\u00fcr Verwaltungsrecht","article_publisher":"https:\/\/www.facebook.com\/hotstegs.recht","article_published_time":"2014-04-01T02:05:32+00:00","author":"Mitarbeiter:in","twitter_card":"summary_large_image","twitter_creator":"@hotstegs_recht","twitter_site":"@hotstegs_recht","twitter_misc":{"Verfasst von":"Mitarbeiter:in","Gesch\u00e4tzte Lesezeit":"2\u00a0Minuten"},"schema":{"@context":"https:\/\/schema.org","@graph":[{"@type":"Article","@id":"https:\/\/www.hotstegs-recht.de\/?p=2551#article","isPartOf":{"@id":"https:\/\/www.hotstegs-recht.de\/?p=2551"},"author":{"name":"Mitarbeiter:in","@id":"https:\/\/www.hotstegs-recht.de\/#\/schema\/person\/18c7a8260c2d9ded2b8308feab0990a2"},"headline":"Eltern wollen von Stadt fair behandelt werden, WAZ v. 31.03.2014","datePublished":"2014-04-01T02:05:32+00:00","mainEntityOfPage":{"@id":"https:\/\/www.hotstegs-recht.de\/?p=2551"},"wordCount":408,"publisher":{"@id":"https:\/\/www.hotstegs-recht.de\/#organization"},"articleSection":["Aktuelles","Presse","B\u00fcrgerbeteiligung"],"inLanguage":"de"},{"@type":"WebPage","@id":"https:\/\/www.hotstegs-recht.de\/?p=2551","url":"https:\/\/www.hotstegs-recht.de\/?p=2551","name":"Eltern wollen von Stadt fair behandelt werden, WAZ v. 31.03.2014 - Hotstegs Rechtsanwaltsgesellschaft | Rechtsanw\u00e4lt:innen und Fachanw\u00e4lt:innen f\u00fcr Verwaltungsrecht","isPartOf":{"@id":"https:\/\/www.hotstegs-recht.de\/#website"},"datePublished":"2014-04-01T02:05:32+00:00","description":"- Termine unter Tel. 0211 \/ 497657-16","breadcrumb":{"@id":"https:\/\/www.hotstegs-recht.de\/?p=2551#breadcrumb"},"inLanguage":"de","potentialAction":[{"@type":"ReadAction","target":["https:\/\/www.hotstegs-recht.de\/?p=2551"]}]},{"@type":"BreadcrumbList","@id":"https:\/\/www.hotstegs-recht.de\/?p=2551#breadcrumb","itemListElement":[{"@type":"ListItem","position":1,"name":"Startseite","item":"https:\/\/www.hotstegs-recht.de\/"},{"@type":"ListItem","position":2,"name":"Eltern wollen von Stadt fair behandelt werden, WAZ v. 31.03.2014"}]},{"@type":"WebSite","@id":"https:\/\/www.hotstegs-recht.de\/#website","url":"https:\/\/www.hotstegs-recht.de\/","name":"Hotstegs Rechtsanwaltsgesellschaft | Rechtsanw\u00e4lt:innen und Fachanw\u00e4lt:innen f\u00fcr Verwaltungsrecht","description":"\u00f6ffentliches Dienstrecht und Disziplinarverfahren | Rechtsanwalt Robert Hotstegs | Rechtsanw\u00e4ltin Sarah Nu\u00dfbaum | Rechtsanw\u00e4ltin Katharina Voigt","publisher":{"@id":"https:\/\/www.hotstegs-recht.de\/#organization"},"potentialAction":[{"@type":"SearchAction","target":{"@type":"EntryPoint","urlTemplate":"https:\/\/www.hotstegs-recht.de\/?s={search_term_string}"},"query-input":{"@type":"PropertyValueSpecification","valueRequired":true,"valueName":"search_term_string"}}],"inLanguage":"de"},{"@type":"Organization","@id":"https:\/\/www.hotstegs-recht.de\/#organization","name":"Hotstegs Rechtsanwaltsgesellschaft","url":"https:\/\/www.hotstegs-recht.de\/","logo":{"@type":"ImageObject","inLanguage":"de","@id":"https:\/\/www.hotstegs-recht.de\/#\/schema\/logo\/image\/","url":"https:\/\/www.hotstegs-recht.de\/wp-content\/uploads\/2021\/09\/logo_2020.png","contentUrl":"https:\/\/www.hotstegs-recht.de\/wp-content\/uploads\/2021\/09\/logo_2020.png","width":180,"height":51,"caption":"Hotstegs Rechtsanwaltsgesellschaft"},"image":{"@id":"https:\/\/www.hotstegs-recht.de\/#\/schema\/logo\/image\/"},"sameAs":["https:\/\/www.facebook.com\/hotstegs.recht","https:\/\/x.com\/hotstegs_recht","https:\/\/www.instagram.com\/hotstegs.recht","https:\/\/de.linkedin.com\/company\/hotstegs-recht"]},{"@type":"Person","@id":"https:\/\/www.hotstegs-recht.de\/#\/schema\/person\/18c7a8260c2d9ded2b8308feab0990a2","name":"Mitarbeiter:in","image":{"@type":"ImageObject","inLanguage":"de","@id":"https:\/\/secure.gravatar.com\/avatar\/ff927e44276052255fa51b438cd49d6bee71e07c0621a998717cee201e5d2fff?s=96&d=blank&r=g","url":"https:\/\/secure.gravatar.com\/avatar\/ff927e44276052255fa51b438cd49d6bee71e07c0621a998717cee201e5d2fff?s=96&d=blank&r=g","contentUrl":"https:\/\/secure.gravatar.com\/avatar\/ff927e44276052255fa51b438cd49d6bee71e07c0621a998717cee201e5d2fff?s=96&d=blank&r=g","caption":"Mitarbeiter:in"},"url":"https:\/\/www.hotstegs-recht.de\/?author=4"}]}},"amp_enabled":true,"_links":{"self":[{"href":"https:\/\/www.hotstegs-recht.de\/index.php?rest_route=\/wp\/v2\/posts\/2551","targetHints":{"allow":["GET"]}}],"collection":[{"href":"https:\/\/www.hotstegs-recht.de\/index.php?rest_route=\/wp\/v2\/posts"}],"about":[{"href":"https:\/\/www.hotstegs-recht.de\/index.php?rest_route=\/wp\/v2\/types\/post"}],"author":[{"embeddable":true,"href":"https:\/\/www.hotstegs-recht.de\/index.php?rest_route=\/wp\/v2\/users\/4"}],"replies":[{"embeddable":true,"href":"https:\/\/www.hotstegs-recht.de\/index.php?rest_route=%2Fwp%2Fv2%2Fcomments&post=2551"}],"version-history":[{"count":0,"href":"https:\/\/www.hotstegs-recht.de\/index.php?rest_route=\/wp\/v2\/posts\/2551\/revisions"}],"wp:attachment":[{"href":"https:\/\/www.hotstegs-recht.de\/index.php?rest_route=%2Fwp%2Fv2%2Fmedia&parent=2551"}],"wp:term":[{"taxonomy":"category","embeddable":true,"href":"https:\/\/www.hotstegs-recht.de\/index.php?rest_route=%2Fwp%2Fv2%2Fcategories&post=2551"},{"taxonomy":"post_tag","embeddable":true,"href":"https:\/\/www.hotstegs-recht.de\/index.php?rest_route=%2Fwp%2Fv2%2Ftags&post=2551"}],"curies":[{"name":"wp","href":"https:\/\/api.w.org\/{rel}","templated":true}]}}