{"id":2537,"date":"2014-03-15T10:50:30","date_gmt":"2014-03-15T09:50:30","guid":{"rendered":"http:\/\/www.hotstegs-recht.de\/?p=2537"},"modified":"2014-03-17T12:53:03","modified_gmt":"2014-03-17T11:53:03","slug":"rat-lehnt-buergerbegehren-ab-general-anzeiger-v-15-03-2014","status":"publish","type":"post","link":"https:\/\/www.hotstegs-recht.de\/?p=2537","title":{"rendered":"Rat lehnt B\u00fcrgerbegehren ab, General Anzeiger v. 15.03.2014"},"content":{"rendered":"<p>khd | UNKEL.  Der Unkeler Verbandsgemeinderat hat mit den 14 Stimmen von CDU und FWG mehrheitlich das vom F\u00f6rderverein Freibad Unkel (FFU) angestrebte B\u00fcrgerbegehren als unzul\u00e4ssig abgelehnt. Damit folgte die &#8222;b\u00fcrgerliche Koalition&#8220; der Ansicht der Verwaltung.<!--more--><\/p>\n<p>Diese hatte auf der Grundlage von zwei Gutachten den Antrag wegen des ihrer Ansicht nach unzul\u00e4ssigen Kostendeckungsvorschlags nicht akzeptiert. Die elf Mandatstr\u00e4ger von SPD, FDP, Gr\u00fcnen und Linken folgten nach eingehender Debatte dagegen nicht der Beschlussvorlage.<\/p>\n<p>Bevor VG-Chef Karsten Fehr die Vertreter des Antragsstellers, Katja Lorenzini, Annemarie Lehmacher und Robin Syllwasschy, zu Wort kommen lie\u00df, beantragte er eine 15-min\u00fctige Sitzungsunterbrechung. Grund war ein juristisches Kurzgutachten zu der Bewilligung des B\u00fcrgerbegehrens, das der FFU erst kurz zuvor ausgeteilt hatte. Darin war die Anwaltsgesellschaft Hotstegs zu dem Ergebnis gekommen, dass &#8222;von einem zul\u00e4ssigen Kostendeckungsvorschlag auszugehen&#8220; sei, da m\u00f6gliche Folgekosten durch einen Grundst\u00fcckverkauf gedeckt w\u00fcrden. &#8222;Formal und inhaltlich ist somit nicht zu rechtfertigen, das B\u00fcrgerbegehren als unzul\u00e4ssig zu erkl\u00e4ren&#8220;, schloss entsprechend Syllwasschy.<\/p>\n<p>Diese hatte auf der Grundlage von zwei Gutachten den Antrag wegen des ihrer Ansicht nach unzul\u00e4ssigen Kostendeckungsvorschlags nicht akzeptiert. Die elf Mandatstr\u00e4ger von SPD, FDP, Gr\u00fcnen und Linken folgten nach eingehender Debatte dagegen nicht der Beschlussvorlage.<\/p>\n<p>Bevor VG-Chef Karsten Fehr die Vertreter des Antragsstellers, Katja Lorenzini, Annemarie Lehmacher und Robin Syllwasschy, zu Wort kommen lie\u00df, beantragte er eine 15-min\u00fctige Sitzungsunterbrechung. Grund war ein juristisches Kurzgutachten zu der Bewilligung des B\u00fcrgerbegehrens, das der FFU erst kurz zuvor ausgeteilt hatte. Darin war die Anwaltsgesellschaft Hotstegs zu dem Ergebnis gekommen, dass &#8222;von einem zul\u00e4ssigen Kostendeckungsvorschlag auszugehen&#8220; sei, da m\u00f6gliche Folgekosten durch einen Grundst\u00fcckverkauf gedeckt w\u00fcrden. &#8222;Formal und inhaltlich ist somit nicht zu rechtfertigen, das B\u00fcrgerbegehren als unzul\u00e4ssig zu erkl\u00e4ren&#8220;, schloss entsprechend Syllwasschy.<\/p>\n<p>&#8222;Jeder, der sich mit den Unterlagen des FFU besch\u00e4ftigt hat, h\u00e4tte in dem von der Verwaltung in Auftrag gegeben Gutachten offensichtliche Fehler, Ungenauigkeiten und Willk\u00fcrlichkeiten erkennen m\u00fcssen&#8220;, erkl\u00e4rte Lorenzini anschlie\u00dfend. Informationen, die w\u00e4hrend eines einst\u00fcndigen Telefonats erteilt worden seien, habe der Gutachter einfach ignoriert. Entsprechend seien seine Aussagen ungenau, willk\u00fcrlich und teilweise sogar falsch, so die FFU-Vorsitzende.<\/p>\n<p>&#8222;Es gab immer wieder neue H\u00fcrden und Bedenken, so dass wir mittlerweile der Auffassung sind, dass unser Projekt von der Verwaltung und von Teilen der Politik schlicht und einfach nicht gewollt ist&#8220;, monierte Lorenzini. Es gehe allerdings nicht darum, was die Ratsmitglieder wollen, sondern darum, was der B\u00fcrger m\u00f6chte, argumentierte sie. &#8222;Ich kann nur hoffen, dass Sie den B\u00fcrgern, f\u00fcr die Sie hier sitzen, zutrauen, \u00fcber ein so wichtiges Thema selber zu entscheiden&#8220;, schloss sie ihre Ausf\u00fchrungen.<\/p>\n<p>Die blieben nat\u00fcrlich nicht unwidersprochen. Entschieden wies Fehr den Vorwurf als &#8222;Unversch\u00e4mtheit&#8220; zur\u00fcck, die Verwaltung habe H\u00fcrden aufgebaut, da sie nicht hinter dem Projekt gestanden habe. Die Verwaltung habe einen Pr\u00fcfauftrag und bei diesem halte er sich an das Gesetz. &#8222;Die \u00dcbernahme der B\u00fcrgschaft beinhaltet ein hohes Risiko, das finanziell nicht gedeckt ist&#8220;, betonte Fehr. Das hinderte Bernhard Mann (SPD) jedoch nicht daran, von einem Gef\u00e4lligkeitsgutachten zu sprechen, durch welches ein demokratischer Diskurs unterbunden werden solle. &#8222;Mehr Demokratie wagen&#8220; im Sinne von Willy Brandt forderte auch SPD-Fraktionssprecher Klaus-Henning Rosen, w\u00e4hrend der Gr\u00fcne Ansgar Federhen warnte, die B\u00fcrger lie\u00dfen sich mit fadenscheinigen Behauptungen nicht mehr abspeisen.<\/p>\n<p>Konkreter wurde Edgar Neustein (CDU). &#8222;Da kein Privatmann ein defizit\u00e4res Freibad kaufen w\u00fcrde, m\u00fcssten wir bei einer \u00dcbernahme der B\u00fcrgschaft in H\u00f6he von 720 000 Euro die Umlagen erh\u00f6hen, so dass wir die vier Kommunen zu einer Neuverschuldung zwingen w\u00fcrden&#8220;, mahnte er.<\/p>\n<p>&#8222;Dass eine Sanierung des Freibades zurzeit nicht zu realisieren ist, liegt nicht an Ihrem mangelnden Einsatz, sondern an der Unm\u00f6glichkeit, unser Freibad wirtschaftlich ausk\u00f6mmlich betreiben zu k\u00f6nnen&#8220;, versuchte er den FFU zu tr\u00f6sten. Diese Faktenlage zwinge den VG-Rat dazu, das B\u00fcrgerbegehren nicht zuzulassen. Mit dieser Ablehnung abfinden will sich der Verein jedoch nicht. Wie Lorenzini bereits im Vorfeld erkl\u00e4rte, wird er eine Rechts\u00fcberpr\u00fcfung durch die Aufsichts- und Dienstleistungsdirektion beantragen und eine Feststellungsklage beim Verwaltungsgericht einreichen.<\/p>\n","protected":false},"excerpt":{"rendered":"<p>khd | UNKEL. Der Unkeler Verbandsgemeinderat hat mit den 14 Stimmen von CDU und FWG mehrheitlich das vom F\u00f6rderverein Freibad Unkel (FFU) angestrebte B\u00fcrgerbegehren als unzul\u00e4ssig abgelehnt. Damit folgte die &#8222;b\u00fcrgerliche Koalition&#8220; der Ansicht der Verwaltung.<\/p>\n","protected":false},"author":4,"featured_media":0,"comment_status":"closed","ping_status":"closed","sticky":false,"template":"","format":"standard","meta":{"footnotes":""},"categories":[4,9,16],"tags":[],"class_list":["post-2537","post","type-post","status-publish","format-standard","hentry","category-aktuelles","category-presse","category-burgerbeteiligung"],"yoast_head":"<!-- This site is optimized with the Yoast SEO plugin v27.4 - https:\/\/yoast.com\/product\/yoast-seo-wordpress\/ -->\n<title>Rat lehnt B\u00fcrgerbegehren ab, General Anzeiger v. 15.03.2014 - Hotstegs Rechtsanwaltsgesellschaft | Rechtsanw\u00e4lt:innen und Fachanw\u00e4lt:innen f\u00fcr Verwaltungsrecht<\/title>\n<meta name=\"description\" content=\"- Termine unter Tel. 0211 \/ 497657-16\" \/>\n<meta name=\"robots\" content=\"index, follow, max-snippet:-1, max-image-preview:large, max-video-preview:-1\" \/>\n<link rel=\"canonical\" href=\"https:\/\/www.hotstegs-recht.de\/?p=2537\" \/>\n<meta property=\"og:locale\" content=\"de_DE\" \/>\n<meta property=\"og:type\" content=\"article\" \/>\n<meta property=\"og:title\" content=\"Rat lehnt B\u00fcrgerbegehren ab, General Anzeiger v. 15.03.2014 - Hotstegs Rechtsanwaltsgesellschaft | Rechtsanw\u00e4lt:innen und Fachanw\u00e4lt:innen f\u00fcr Verwaltungsrecht\" \/>\n<meta property=\"og:description\" content=\"- Termine unter Tel. 0211 \/ 497657-16\" \/>\n<meta property=\"og:url\" content=\"https:\/\/www.hotstegs-recht.de\/?p=2537\" \/>\n<meta property=\"og:site_name\" content=\"Hotstegs Rechtsanwaltsgesellschaft | Rechtsanw\u00e4lt:innen und Fachanw\u00e4lt:innen f\u00fcr Verwaltungsrecht\" \/>\n<meta property=\"article:publisher\" content=\"https:\/\/www.facebook.com\/hotstegs.recht\" \/>\n<meta property=\"article:published_time\" content=\"2014-03-15T09:50:30+00:00\" \/>\n<meta property=\"article:modified_time\" content=\"2014-03-17T11:53:03+00:00\" \/>\n<meta name=\"author\" content=\"Mitarbeiter:in\" \/>\n<meta name=\"twitter:card\" content=\"summary_large_image\" \/>\n<meta name=\"twitter:creator\" content=\"@hotstegs_recht\" \/>\n<meta name=\"twitter:site\" content=\"@hotstegs_recht\" \/>\n<meta name=\"twitter:label1\" content=\"Verfasst von\" \/>\n\t<meta name=\"twitter:data1\" content=\"Mitarbeiter:in\" \/>\n\t<meta name=\"twitter:label2\" content=\"Gesch\u00e4tzte Lesezeit\" \/>\n\t<meta name=\"twitter:data2\" content=\"3\u00a0Minuten\" \/>\n<!-- \/ Yoast SEO plugin. -->","yoast_head_json":{"title":"Rat lehnt B\u00fcrgerbegehren ab, General Anzeiger v. 15.03.2014 - Hotstegs Rechtsanwaltsgesellschaft | Rechtsanw\u00e4lt:innen und Fachanw\u00e4lt:innen f\u00fcr Verwaltungsrecht","description":"- Termine unter Tel. 0211 \/ 497657-16","robots":{"index":"index","follow":"follow","max-snippet":"max-snippet:-1","max-image-preview":"max-image-preview:large","max-video-preview":"max-video-preview:-1"},"canonical":"https:\/\/www.hotstegs-recht.de\/?p=2537","og_locale":"de_DE","og_type":"article","og_title":"Rat lehnt B\u00fcrgerbegehren ab, General Anzeiger v. 15.03.2014 - Hotstegs Rechtsanwaltsgesellschaft | Rechtsanw\u00e4lt:innen und Fachanw\u00e4lt:innen f\u00fcr Verwaltungsrecht","og_description":"- Termine unter Tel. 0211 \/ 497657-16","og_url":"https:\/\/www.hotstegs-recht.de\/?p=2537","og_site_name":"Hotstegs Rechtsanwaltsgesellschaft | Rechtsanw\u00e4lt:innen und Fachanw\u00e4lt:innen f\u00fcr Verwaltungsrecht","article_publisher":"https:\/\/www.facebook.com\/hotstegs.recht","article_published_time":"2014-03-15T09:50:30+00:00","article_modified_time":"2014-03-17T11:53:03+00:00","author":"Mitarbeiter:in","twitter_card":"summary_large_image","twitter_creator":"@hotstegs_recht","twitter_site":"@hotstegs_recht","twitter_misc":{"Verfasst von":"Mitarbeiter:in","Gesch\u00e4tzte Lesezeit":"3\u00a0Minuten"},"schema":{"@context":"https:\/\/schema.org","@graph":[{"@type":"Article","@id":"https:\/\/www.hotstegs-recht.de\/?p=2537#article","isPartOf":{"@id":"https:\/\/www.hotstegs-recht.de\/?p=2537"},"author":{"name":"Mitarbeiter:in","@id":"https:\/\/www.hotstegs-recht.de\/#\/schema\/person\/18c7a8260c2d9ded2b8308feab0990a2"},"headline":"Rat lehnt B\u00fcrgerbegehren ab, General Anzeiger v. 15.03.2014","datePublished":"2014-03-15T09:50:30+00:00","dateModified":"2014-03-17T11:53:03+00:00","mainEntityOfPage":{"@id":"https:\/\/www.hotstegs-recht.de\/?p=2537"},"wordCount":703,"publisher":{"@id":"https:\/\/www.hotstegs-recht.de\/#organization"},"articleSection":["Aktuelles","Presse","B\u00fcrgerbeteiligung"],"inLanguage":"de"},{"@type":"WebPage","@id":"https:\/\/www.hotstegs-recht.de\/?p=2537","url":"https:\/\/www.hotstegs-recht.de\/?p=2537","name":"Rat lehnt B\u00fcrgerbegehren ab, General Anzeiger v. 15.03.2014 - Hotstegs Rechtsanwaltsgesellschaft | Rechtsanw\u00e4lt:innen und Fachanw\u00e4lt:innen f\u00fcr Verwaltungsrecht","isPartOf":{"@id":"https:\/\/www.hotstegs-recht.de\/#website"},"datePublished":"2014-03-15T09:50:30+00:00","dateModified":"2014-03-17T11:53:03+00:00","description":"- Termine unter Tel. 0211 \/ 497657-16","breadcrumb":{"@id":"https:\/\/www.hotstegs-recht.de\/?p=2537#breadcrumb"},"inLanguage":"de","potentialAction":[{"@type":"ReadAction","target":["https:\/\/www.hotstegs-recht.de\/?p=2537"]}]},{"@type":"BreadcrumbList","@id":"https:\/\/www.hotstegs-recht.de\/?p=2537#breadcrumb","itemListElement":[{"@type":"ListItem","position":1,"name":"Startseite","item":"https:\/\/www.hotstegs-recht.de\/"},{"@type":"ListItem","position":2,"name":"Rat lehnt B\u00fcrgerbegehren ab, General Anzeiger v. 15.03.2014"}]},{"@type":"WebSite","@id":"https:\/\/www.hotstegs-recht.de\/#website","url":"https:\/\/www.hotstegs-recht.de\/","name":"Hotstegs Rechtsanwaltsgesellschaft | Rechtsanw\u00e4lt:innen und Fachanw\u00e4lt:innen f\u00fcr Verwaltungsrecht","description":"\u00f6ffentliches Dienstrecht und Disziplinarverfahren | Rechtsanwalt Robert Hotstegs | Rechtsanw\u00e4ltin Sarah Nu\u00dfbaum | Rechtsanw\u00e4ltin Katharina Voigt","publisher":{"@id":"https:\/\/www.hotstegs-recht.de\/#organization"},"potentialAction":[{"@type":"SearchAction","target":{"@type":"EntryPoint","urlTemplate":"https:\/\/www.hotstegs-recht.de\/?s={search_term_string}"},"query-input":{"@type":"PropertyValueSpecification","valueRequired":true,"valueName":"search_term_string"}}],"inLanguage":"de"},{"@type":"Organization","@id":"https:\/\/www.hotstegs-recht.de\/#organization","name":"Hotstegs Rechtsanwaltsgesellschaft","url":"https:\/\/www.hotstegs-recht.de\/","logo":{"@type":"ImageObject","inLanguage":"de","@id":"https:\/\/www.hotstegs-recht.de\/#\/schema\/logo\/image\/","url":"https:\/\/www.hotstegs-recht.de\/wp-content\/uploads\/2021\/09\/logo_2020.png","contentUrl":"https:\/\/www.hotstegs-recht.de\/wp-content\/uploads\/2021\/09\/logo_2020.png","width":180,"height":51,"caption":"Hotstegs Rechtsanwaltsgesellschaft"},"image":{"@id":"https:\/\/www.hotstegs-recht.de\/#\/schema\/logo\/image\/"},"sameAs":["https:\/\/www.facebook.com\/hotstegs.recht","https:\/\/x.com\/hotstegs_recht","https:\/\/www.instagram.com\/hotstegs.recht","https:\/\/de.linkedin.com\/company\/hotstegs-recht"]},{"@type":"Person","@id":"https:\/\/www.hotstegs-recht.de\/#\/schema\/person\/18c7a8260c2d9ded2b8308feab0990a2","name":"Mitarbeiter:in","image":{"@type":"ImageObject","inLanguage":"de","@id":"https:\/\/secure.gravatar.com\/avatar\/ff927e44276052255fa51b438cd49d6bee71e07c0621a998717cee201e5d2fff?s=96&d=blank&r=g","url":"https:\/\/secure.gravatar.com\/avatar\/ff927e44276052255fa51b438cd49d6bee71e07c0621a998717cee201e5d2fff?s=96&d=blank&r=g","contentUrl":"https:\/\/secure.gravatar.com\/avatar\/ff927e44276052255fa51b438cd49d6bee71e07c0621a998717cee201e5d2fff?s=96&d=blank&r=g","caption":"Mitarbeiter:in"},"url":"https:\/\/www.hotstegs-recht.de\/?author=4"}]}},"amp_enabled":true,"_links":{"self":[{"href":"https:\/\/www.hotstegs-recht.de\/index.php?rest_route=\/wp\/v2\/posts\/2537","targetHints":{"allow":["GET"]}}],"collection":[{"href":"https:\/\/www.hotstegs-recht.de\/index.php?rest_route=\/wp\/v2\/posts"}],"about":[{"href":"https:\/\/www.hotstegs-recht.de\/index.php?rest_route=\/wp\/v2\/types\/post"}],"author":[{"embeddable":true,"href":"https:\/\/www.hotstegs-recht.de\/index.php?rest_route=\/wp\/v2\/users\/4"}],"replies":[{"embeddable":true,"href":"https:\/\/www.hotstegs-recht.de\/index.php?rest_route=%2Fwp%2Fv2%2Fcomments&post=2537"}],"version-history":[{"count":0,"href":"https:\/\/www.hotstegs-recht.de\/index.php?rest_route=\/wp\/v2\/posts\/2537\/revisions"}],"wp:attachment":[{"href":"https:\/\/www.hotstegs-recht.de\/index.php?rest_route=%2Fwp%2Fv2%2Fmedia&parent=2537"}],"wp:term":[{"taxonomy":"category","embeddable":true,"href":"https:\/\/www.hotstegs-recht.de\/index.php?rest_route=%2Fwp%2Fv2%2Fcategories&post=2537"},{"taxonomy":"post_tag","embeddable":true,"href":"https:\/\/www.hotstegs-recht.de\/index.php?rest_route=%2Fwp%2Fv2%2Ftags&post=2537"}],"curies":[{"name":"wp","href":"https:\/\/api.w.org\/{rel}","templated":true}]}}