{"id":2531,"date":"2014-03-13T07:12:02","date_gmt":"2014-03-13T06:12:02","guid":{"rendered":"http:\/\/www.hotstegs-recht.de\/?p=2531"},"modified":"2014-03-13T14:16:29","modified_gmt":"2014-03-13T13:16:29","slug":"zur-not-ziehen-die-eltern-vor-gericht-waz-v-13-03-2014","status":"publish","type":"post","link":"https:\/\/www.hotstegs-recht.de\/?p=2531","title":{"rendered":"Zur Not ziehen die Eltern vor Gericht, WAZ v. 13.03.2014"},"content":{"rendered":"<p>Von Stefan Scherer<\/p>\n<p>Die Eltern, die sich f\u00fcr den Erhalt der Gustav-Heinemann-Hauptschule in Schwelm einsetzen, hatten die Unterschriftenlisten schon desillusioniert eingesammelt. Gestern wichen Wut und Entt\u00e4uschung \u00fcber ein m\u00f6gliches Scheitern des B\u00fcrgerbegehrens neuer Zuversicht. Der auf B\u00fcrgerbegehren spezialisierte Anwalt Robert Hotstegs teilte ihnen mit, dass die Frist zur Abgabe der Unterschriften, die die Stadt den Eltern vorgelegt hatte, rechtlich falsch sei.<!--more--><\/p>\n<p>Laut Mitteilung der Stadt h\u00e4tten die Unterschriften bis zum vergangenen Montag im Rathaus vorliegen m\u00fcssen. &#8222;Weil wir erst am 23. Januar von der Stadt die korrekte Kostensch\u00e4tzung bekommen haben, war uns das \u00fcberhaupt nicht m\u00f6glich, bis zu diesem Termin die erforderlichen Unterschriften zusammen zu bekommen&#8220;, sagt Meike Bertram.<\/p>\n<p><strong>Fachanwalt bewertet die Lage<\/strong><\/p>\n<p>Nachfragen der Hauptschuleltern bei der Stadt, warum die Grundschuleltern bei ihrem B\u00fcrgerbegehren die Kostensch\u00e4tzung von der Verwaltung fr\u00fcher bekamen und trotzdem l\u00e4nger Zeit zur Unterschriftensammlung hatten, blieben unbeantwortet. Das letzte von B\u00fcrgermeister Jochen Stobbe unterzeichnete Schreiben aus dem Rathaus endet mit dem Satz: &#8222;Die Berechnung des B\u00fcrgerbegehrens ist in \u00a7 26 der Gemeindeordnung Nordrhein-Westfalen klar beschrieben; eine Verl\u00e4ngerung der Frist ist gesetzlich nicht vorgesehen. Ich bedaure, Ihnen keinen g\u00fcnstigeren Bescheid erteilen zu k\u00f6nnen.&#8220;<\/p>\n<p>Das sieht der D\u00fcsseldorfer Anwalt Robert Hotstegs anders. Er teilte den Eltern gestern mit, wie sich die Drei-Monats-Frist zusammensetzt. Die Uhr begann zu ticken mit dem Ratsbeschluss am 28. November vergangenen Jahres, die Gustav-Heinemann-Schule auslaufen zu lassen. Mit der offiziellen Ank\u00fcndigung, ein B\u00fcrgerbegehren starten zu wollen, trete allerdings eine Hemmung der Frist ein, bis die Kostensch\u00e4tzung der Stadt vorliege. Hei\u00dft: Vom 10. Dezember, als das Ank\u00fcndigungsschreiben der Eltern im Rathaus einging, bis zum 23. Januar, als die Verwaltung die korrekte Kostensch\u00e4tzung \u00fcbermittelte, d\u00fcrfe kein Tag von der Drei-Monats-Frist verstreichen.<\/p>\n<p><strong>Z\u00fcnglein an der Waage<\/strong><\/p>\n<p>&#8222;Demnach h\u00e4tten wir bis zum 14. April Zeit, die Unterschriften zusammenzutragen&#8220;, sagt Claus Kaiser. F\u00fcr ihn und seine Mitstreiter steht fest: Sollte die Verwaltung sich gegen diese rechtliche Auffassung sperren, werden sie sich anwaltliche Hilfe nehmen und auch vor Gericht ziehen. &#8222;Wir gehen aber zun\u00e4chst einmal davon aus, dass die Stadt diese Einsch\u00e4tzung der Rechtslage teilt&#8220;, f\u00e4hrt Kaiser fort. Auch seien die Eltern bestrebt, die Frist nicht bis zum letzten Tag auszunutzen. &#8222;Wir werden uns bem\u00fchen, alles Erforderliche vor dem 10. April zusammen zu bekommen&#8220;, sagt Maike Bertram. Dann findet eine turnusm\u00e4\u00dfige Ratssitzung statt, in der die Politik \u00fcber das B\u00fcrgerbegehren befinden k\u00f6nnte. Andernfalls m\u00fcsste eine Sondersitzung anberaumt werden.<\/p>\n<p>Z\u00fcnglein an der Waage k\u00f6nnte die Einz\u00fcgigkeit sein, die f\u00fcr die Eingangsklassen der Hauptschule in den kommenden Jahren prognostiziert wird. Sie d\u00fcrfe &#8211; wie die Hauptschule in Niedersprockh\u00f6vel &#8211; nur mit einer Ausnahmegenehmigung fortgef\u00fchrt werden. Wann das m\u00f6glich ist, regelt das Schulgesetz: &#8222;Wenn den Sch\u00fclern der Weg zu einer anderen Hauptschule (&#8230;) nicht zugemutet werden kann oder sich aus dem Standort und der Schulentwicklungsplanung ergibt, dass ihre Fortf\u00fchrung f\u00fcr die soziale und kulturelle Entwicklung der Gemeinde von entscheidender Bedeutung ist und diese Aufgabe von einer anderen weiterf\u00fchrenden Schule nicht \u00fcbernommen werden kann.&#8220;<\/p>\n<p>Bevor die Stadtv\u00e4ter \u00fcber die Zul\u00e4ssigkeit entscheiden, wollen die Eltern alles daran setzen, die Unterschriften zusammenzutragen. &#8222;Wir werden ab morgen die Listen wieder in den Gesch\u00e4ften auslegen und an diversen Terminen mit einem Infostand in der Innenstadt pr\u00e4sent sein&#8220;, sagt Kaiser.<\/p>\n","protected":false},"excerpt":{"rendered":"<p>Von Stefan Scherer Die Eltern, die sich f\u00fcr den Erhalt der Gustav-Heinemann-Hauptschule in Schwelm einsetzen, hatten die Unterschriftenlisten schon desillusioniert eingesammelt. Gestern wichen Wut und Entt\u00e4uschung \u00fcber ein m\u00f6gliches Scheitern des B\u00fcrgerbegehrens neuer Zuversicht. Der auf B\u00fcrgerbegehren spezialisierte Anwalt Robert Hotstegs teilte ihnen mit, dass die Frist zur Abgabe der Unterschriften, die die Stadt den &hellip; <\/p>\n<p class=\"link-more\"><a href=\"https:\/\/www.hotstegs-recht.de\/?p=2531\" class=\"more-link\"><span class=\"screen-reader-text\">\u201eZur Not ziehen die Eltern vor Gericht, WAZ v. 13.03.2014\u201c <\/span>weiterlesen<\/a><\/p>\n","protected":false},"author":4,"featured_media":0,"comment_status":"closed","ping_status":"closed","sticky":false,"template":"","format":"standard","meta":{"footnotes":""},"categories":[4,9,16],"tags":[],"class_list":["post-2531","post","type-post","status-publish","format-standard","hentry","category-aktuelles","category-presse","category-burgerbeteiligung"],"yoast_head":"<!-- This site is optimized with the Yoast SEO plugin v27.4 - https:\/\/yoast.com\/product\/yoast-seo-wordpress\/ -->\n<title>Zur Not ziehen die Eltern vor Gericht, WAZ v. 13.03.2014 - Hotstegs Rechtsanwaltsgesellschaft | Rechtsanw\u00e4lt:innen und Fachanw\u00e4lt:innen f\u00fcr Verwaltungsrecht<\/title>\n<meta name=\"description\" content=\"- Termine unter Tel. 0211 \/ 497657-16\" \/>\n<meta name=\"robots\" content=\"index, follow, max-snippet:-1, max-image-preview:large, max-video-preview:-1\" \/>\n<link rel=\"canonical\" href=\"https:\/\/www.hotstegs-recht.de\/?p=2531\" \/>\n<meta property=\"og:locale\" content=\"de_DE\" \/>\n<meta property=\"og:type\" content=\"article\" \/>\n<meta property=\"og:title\" content=\"Zur Not ziehen die Eltern vor Gericht, WAZ v. 13.03.2014 - Hotstegs Rechtsanwaltsgesellschaft | Rechtsanw\u00e4lt:innen und Fachanw\u00e4lt:innen f\u00fcr Verwaltungsrecht\" \/>\n<meta property=\"og:description\" content=\"- Termine unter Tel. 0211 \/ 497657-16\" \/>\n<meta property=\"og:url\" content=\"https:\/\/www.hotstegs-recht.de\/?p=2531\" \/>\n<meta property=\"og:site_name\" content=\"Hotstegs Rechtsanwaltsgesellschaft | Rechtsanw\u00e4lt:innen und Fachanw\u00e4lt:innen f\u00fcr Verwaltungsrecht\" \/>\n<meta property=\"article:publisher\" content=\"https:\/\/www.facebook.com\/hotstegs.recht\" \/>\n<meta property=\"article:published_time\" content=\"2014-03-13T06:12:02+00:00\" \/>\n<meta property=\"article:modified_time\" content=\"2014-03-13T13:16:29+00:00\" \/>\n<meta name=\"author\" content=\"Mitarbeiter:in\" \/>\n<meta name=\"twitter:card\" content=\"summary_large_image\" \/>\n<meta name=\"twitter:creator\" content=\"@hotstegs_recht\" \/>\n<meta name=\"twitter:site\" content=\"@hotstegs_recht\" \/>\n<meta name=\"twitter:label1\" content=\"Verfasst von\" \/>\n\t<meta name=\"twitter:data1\" content=\"Mitarbeiter:in\" \/>\n\t<meta name=\"twitter:label2\" content=\"Gesch\u00e4tzte Lesezeit\" \/>\n\t<meta name=\"twitter:data2\" content=\"3\u00a0Minuten\" \/>\n<!-- \/ Yoast SEO plugin. -->","yoast_head_json":{"title":"Zur Not ziehen die Eltern vor Gericht, WAZ v. 13.03.2014 - Hotstegs Rechtsanwaltsgesellschaft | Rechtsanw\u00e4lt:innen und Fachanw\u00e4lt:innen f\u00fcr Verwaltungsrecht","description":"- Termine unter Tel. 0211 \/ 497657-16","robots":{"index":"index","follow":"follow","max-snippet":"max-snippet:-1","max-image-preview":"max-image-preview:large","max-video-preview":"max-video-preview:-1"},"canonical":"https:\/\/www.hotstegs-recht.de\/?p=2531","og_locale":"de_DE","og_type":"article","og_title":"Zur Not ziehen die Eltern vor Gericht, WAZ v. 13.03.2014 - Hotstegs Rechtsanwaltsgesellschaft | Rechtsanw\u00e4lt:innen und Fachanw\u00e4lt:innen f\u00fcr Verwaltungsrecht","og_description":"- Termine unter Tel. 0211 \/ 497657-16","og_url":"https:\/\/www.hotstegs-recht.de\/?p=2531","og_site_name":"Hotstegs Rechtsanwaltsgesellschaft | Rechtsanw\u00e4lt:innen und Fachanw\u00e4lt:innen f\u00fcr Verwaltungsrecht","article_publisher":"https:\/\/www.facebook.com\/hotstegs.recht","article_published_time":"2014-03-13T06:12:02+00:00","article_modified_time":"2014-03-13T13:16:29+00:00","author":"Mitarbeiter:in","twitter_card":"summary_large_image","twitter_creator":"@hotstegs_recht","twitter_site":"@hotstegs_recht","twitter_misc":{"Verfasst von":"Mitarbeiter:in","Gesch\u00e4tzte Lesezeit":"3\u00a0Minuten"},"schema":{"@context":"https:\/\/schema.org","@graph":[{"@type":"Article","@id":"https:\/\/www.hotstegs-recht.de\/?p=2531#article","isPartOf":{"@id":"https:\/\/www.hotstegs-recht.de\/?p=2531"},"author":{"name":"Mitarbeiter:in","@id":"https:\/\/www.hotstegs-recht.de\/#\/schema\/person\/18c7a8260c2d9ded2b8308feab0990a2"},"headline":"Zur Not ziehen die Eltern vor Gericht, WAZ v. 13.03.2014","datePublished":"2014-03-13T06:12:02+00:00","dateModified":"2014-03-13T13:16:29+00:00","mainEntityOfPage":{"@id":"https:\/\/www.hotstegs-recht.de\/?p=2531"},"wordCount":574,"publisher":{"@id":"https:\/\/www.hotstegs-recht.de\/#organization"},"articleSection":["Aktuelles","Presse","B\u00fcrgerbeteiligung"],"inLanguage":"de"},{"@type":"WebPage","@id":"https:\/\/www.hotstegs-recht.de\/?p=2531","url":"https:\/\/www.hotstegs-recht.de\/?p=2531","name":"Zur Not ziehen die Eltern vor Gericht, WAZ v. 13.03.2014 - Hotstegs Rechtsanwaltsgesellschaft | Rechtsanw\u00e4lt:innen und Fachanw\u00e4lt:innen f\u00fcr Verwaltungsrecht","isPartOf":{"@id":"https:\/\/www.hotstegs-recht.de\/#website"},"datePublished":"2014-03-13T06:12:02+00:00","dateModified":"2014-03-13T13:16:29+00:00","description":"- Termine unter Tel. 0211 \/ 497657-16","breadcrumb":{"@id":"https:\/\/www.hotstegs-recht.de\/?p=2531#breadcrumb"},"inLanguage":"de","potentialAction":[{"@type":"ReadAction","target":["https:\/\/www.hotstegs-recht.de\/?p=2531"]}]},{"@type":"BreadcrumbList","@id":"https:\/\/www.hotstegs-recht.de\/?p=2531#breadcrumb","itemListElement":[{"@type":"ListItem","position":1,"name":"Startseite","item":"https:\/\/www.hotstegs-recht.de\/"},{"@type":"ListItem","position":2,"name":"Zur Not ziehen die Eltern vor Gericht, WAZ v. 13.03.2014"}]},{"@type":"WebSite","@id":"https:\/\/www.hotstegs-recht.de\/#website","url":"https:\/\/www.hotstegs-recht.de\/","name":"Hotstegs Rechtsanwaltsgesellschaft | Rechtsanw\u00e4lt:innen und Fachanw\u00e4lt:innen f\u00fcr Verwaltungsrecht","description":"\u00f6ffentliches Dienstrecht und Disziplinarverfahren | Rechtsanwalt Robert Hotstegs | Rechtsanw\u00e4ltin Sarah Nu\u00dfbaum | Rechtsanw\u00e4ltin Katharina Voigt","publisher":{"@id":"https:\/\/www.hotstegs-recht.de\/#organization"},"potentialAction":[{"@type":"SearchAction","target":{"@type":"EntryPoint","urlTemplate":"https:\/\/www.hotstegs-recht.de\/?s={search_term_string}"},"query-input":{"@type":"PropertyValueSpecification","valueRequired":true,"valueName":"search_term_string"}}],"inLanguage":"de"},{"@type":"Organization","@id":"https:\/\/www.hotstegs-recht.de\/#organization","name":"Hotstegs Rechtsanwaltsgesellschaft","url":"https:\/\/www.hotstegs-recht.de\/","logo":{"@type":"ImageObject","inLanguage":"de","@id":"https:\/\/www.hotstegs-recht.de\/#\/schema\/logo\/image\/","url":"https:\/\/www.hotstegs-recht.de\/wp-content\/uploads\/2021\/09\/logo_2020.png","contentUrl":"https:\/\/www.hotstegs-recht.de\/wp-content\/uploads\/2021\/09\/logo_2020.png","width":180,"height":51,"caption":"Hotstegs Rechtsanwaltsgesellschaft"},"image":{"@id":"https:\/\/www.hotstegs-recht.de\/#\/schema\/logo\/image\/"},"sameAs":["https:\/\/www.facebook.com\/hotstegs.recht","https:\/\/x.com\/hotstegs_recht","https:\/\/www.instagram.com\/hotstegs.recht","https:\/\/de.linkedin.com\/company\/hotstegs-recht"]},{"@type":"Person","@id":"https:\/\/www.hotstegs-recht.de\/#\/schema\/person\/18c7a8260c2d9ded2b8308feab0990a2","name":"Mitarbeiter:in","image":{"@type":"ImageObject","inLanguage":"de","@id":"https:\/\/secure.gravatar.com\/avatar\/ff927e44276052255fa51b438cd49d6bee71e07c0621a998717cee201e5d2fff?s=96&d=blank&r=g","url":"https:\/\/secure.gravatar.com\/avatar\/ff927e44276052255fa51b438cd49d6bee71e07c0621a998717cee201e5d2fff?s=96&d=blank&r=g","contentUrl":"https:\/\/secure.gravatar.com\/avatar\/ff927e44276052255fa51b438cd49d6bee71e07c0621a998717cee201e5d2fff?s=96&d=blank&r=g","caption":"Mitarbeiter:in"},"url":"https:\/\/www.hotstegs-recht.de\/?author=4"}]}},"amp_enabled":true,"_links":{"self":[{"href":"https:\/\/www.hotstegs-recht.de\/index.php?rest_route=\/wp\/v2\/posts\/2531","targetHints":{"allow":["GET"]}}],"collection":[{"href":"https:\/\/www.hotstegs-recht.de\/index.php?rest_route=\/wp\/v2\/posts"}],"about":[{"href":"https:\/\/www.hotstegs-recht.de\/index.php?rest_route=\/wp\/v2\/types\/post"}],"author":[{"embeddable":true,"href":"https:\/\/www.hotstegs-recht.de\/index.php?rest_route=\/wp\/v2\/users\/4"}],"replies":[{"embeddable":true,"href":"https:\/\/www.hotstegs-recht.de\/index.php?rest_route=%2Fwp%2Fv2%2Fcomments&post=2531"}],"version-history":[{"count":0,"href":"https:\/\/www.hotstegs-recht.de\/index.php?rest_route=\/wp\/v2\/posts\/2531\/revisions"}],"wp:attachment":[{"href":"https:\/\/www.hotstegs-recht.de\/index.php?rest_route=%2Fwp%2Fv2%2Fmedia&parent=2531"}],"wp:term":[{"taxonomy":"category","embeddable":true,"href":"https:\/\/www.hotstegs-recht.de\/index.php?rest_route=%2Fwp%2Fv2%2Fcategories&post=2531"},{"taxonomy":"post_tag","embeddable":true,"href":"https:\/\/www.hotstegs-recht.de\/index.php?rest_route=%2Fwp%2Fv2%2Ftags&post=2531"}],"curies":[{"name":"wp","href":"https:\/\/api.w.org\/{rel}","templated":true}]}}