{"id":2253,"date":"2013-11-12T16:08:13","date_gmt":"2013-11-12T15:08:13","guid":{"rendered":"http:\/\/www.hotstegs-recht.de\/?p=2253"},"modified":"2016-10-14T18:17:31","modified_gmt":"2016-10-14T16:17:31","slug":"kopftuchtragen-kein-hindernis-fuer-die-einstellung-als-beamtin-in-den-allgemeinen-verwaltungsdienst-des-landes-nordrhein-westfalen-verwaltungsgericht-duesseldorf-urteil-vom-08-11-2013-26-k-590712","status":"publish","type":"post","link":"https:\/\/www.hotstegs-recht.de\/?p=2253","title":{"rendered":"Kopftuchtragen kein Hindernis f\u00fcr die Einstellung als Beamtin in den allgemeinen Verwaltungsdienst des Landes Nordrhein-Westfalen, Verwaltungsgericht D\u00fcsseldorf, Urteil vom 08.11.2013, 26 K 5907\/12"},"content":{"rendered":"<p>Das Tragen eines Kopftuches stellt kein Hindernis f\u00fcr die Einstellung als Beamtin in den allgemeinen Verwaltungsdienst des Landes Nordrhein-Westfalen dar. Das hat das Verwaltungsgericht D\u00fcsseldorf mit Urteil vom 08.11.2013 entschieden. <!--more--><br \/>\nDie entsprechende Pressemitteilung des Gerichts f\u00fchrt im Wortlaut aus:<\/p>\n<blockquote><p>&#8222;Mit dem heute in \u00f6ffentlicher Sitzung verk\u00fcndeten Urteil hat die 26. Kammer des Verwaltungsgerichts D\u00fcsseldorf den Kreis Mettmann verpflichtet, \u00fcber den Antrag einer Muslimin, welche aus religi\u00f6sen Gr\u00fcnden auch w\u00e4hrend der Dienstaus\u00fcbung ein Kopftuch tragen m\u00f6chte, auf Einstellung als Beamtin auf Probe in den allgemeinen Verwaltungsdienst neu zu entscheiden. In der m\u00fcndlichen Urteilsbegr\u00fcndung hat der Vorsitzende dargelegt, dass anders als bei einer Lehrerin im Schuldienst das Tragen eines Kopftuches kein Hindernis f\u00fcr die Einstellung als Beamtin in den allgemeinen Verwaltungsdienst des Landes Nordrhein-Westfalen sei. Auch die Einsch\u00e4tzung des Kreises, der Kl\u00e4gerin fehle die charakterliche Eignung, und aufgrund wechselnder und widerspr\u00fcchlicher Aussagen im Hinblick auf ihre Bereitschaft, auf das Tragen des Kopftuches ggf. zu verzichten, sei ein irreparabler Vertrauensverlust eingetreten, best\u00e4tigte sich f\u00fcr das Gericht sowohl nach Aktenlage als auch nach einer eingehenden pers\u00f6nlichen Befragung der Kl\u00e4gerin nicht.<\/p>\n<p>Gegen das Urteil ist ein Antrag auf Zulassung der Berufung beim Oberverwaltungsgericht f\u00fcr das Land Nordrhein-Westfalen in M\u00fcnster m\u00f6glich.<\/p>\n<p>Aktenzeichen: <a href=\"https:\/\/dejure.org\/dienste\/vernetzung\/rechtsprechung?Text=26%20K%205907\/12\" title=\"VG D&uuml;sseldorf, 08.11.2013 - 26 K 5907\/12: Kopftuchtragen kein Hindernis f&uuml;r die Einstellung als...\">26 K 5907\/12<\/a>&#8220;.<\/p><\/blockquote>\n<p>Das Urteil verdeutlicht, dass das Tragen religi\u00f6ser Symbole den Dienstherrn nicht per se berechtigt, eine Verbeamtung abzulehnen. Entscheidend sind vielmehr die Umst\u00e4nde des konkreten Einzelfalles, insbesondere der konkrete T\u00e4tigkeitsbereich der\/des um die \u00dcbernahme in das Beamtenverh\u00e4ltnis Nachsuchenden.<\/p>\n","protected":false},"excerpt":{"rendered":"<p>Das Tragen eines Kopftuches stellt kein Hindernis f\u00fcr die Einstellung als Beamtin in den allgemeinen Verwaltungsdienst des Landes Nordrhein-Westfalen dar. Das hat das Verwaltungsgericht D\u00fcsseldorf mit Urteil vom 08.11.2013 entschieden.<\/p>\n","protected":false},"author":5,"featured_media":0,"comment_status":"open","ping_status":"open","sticky":false,"template":"","format":"standard","meta":{"footnotes":""},"categories":[4,14],"tags":[55],"class_list":["post-2253","post","type-post","status-publish","format-standard","hentry","category-aktuelles","category-beamtenrecht","tag-verbeamtung"],"yoast_head":"<!-- This site is optimized with the Yoast SEO plugin v27.4 - https:\/\/yoast.com\/product\/yoast-seo-wordpress\/ -->\n<title>Kopftuchtragen kein Hindernis f\u00fcr die Einstellung als Beamtin in den allgemeinen Verwaltungsdienst des Landes Nordrhein-Westfalen, Verwaltungsgericht D\u00fcsseldorf, Urteil vom 08.11.2013, 26 K 5907\/12 - Hotstegs Rechtsanwaltsgesellschaft | Rechtsanw\u00e4lt:innen und Fachanw\u00e4lt:innen f\u00fcr Verwaltungsrecht<\/title>\n<meta name=\"description\" content=\"- Termine unter Tel. 0211 \/ 497657-16\" \/>\n<meta name=\"robots\" content=\"index, follow, max-snippet:-1, max-image-preview:large, max-video-preview:-1\" \/>\n<link rel=\"canonical\" href=\"https:\/\/www.hotstegs-recht.de\/?p=2253\" \/>\n<meta property=\"og:locale\" content=\"de_DE\" \/>\n<meta property=\"og:type\" content=\"article\" \/>\n<meta property=\"og:title\" content=\"Kopftuchtragen kein Hindernis f\u00fcr die Einstellung als Beamtin in den allgemeinen Verwaltungsdienst des Landes Nordrhein-Westfalen, Verwaltungsgericht D\u00fcsseldorf, Urteil vom 08.11.2013, 26 K 5907\/12 - Hotstegs Rechtsanwaltsgesellschaft | Rechtsanw\u00e4lt:innen und Fachanw\u00e4lt:innen f\u00fcr Verwaltungsrecht\" \/>\n<meta property=\"og:description\" content=\"- Termine unter Tel. 0211 \/ 497657-16\" \/>\n<meta property=\"og:url\" content=\"https:\/\/www.hotstegs-recht.de\/?p=2253\" \/>\n<meta property=\"og:site_name\" content=\"Hotstegs Rechtsanwaltsgesellschaft | Rechtsanw\u00e4lt:innen und Fachanw\u00e4lt:innen f\u00fcr Verwaltungsrecht\" \/>\n<meta property=\"article:publisher\" content=\"https:\/\/www.facebook.com\/hotstegs.recht\" \/>\n<meta property=\"article:published_time\" content=\"2013-11-12T15:08:13+00:00\" \/>\n<meta property=\"article:modified_time\" content=\"2016-10-14T16:17:31+00:00\" \/>\n<meta name=\"author\" content=\"Dr. Nicole Wolf\" \/>\n<meta name=\"twitter:card\" content=\"summary_large_image\" \/>\n<meta name=\"twitter:creator\" content=\"@hotstegs_recht\" \/>\n<meta name=\"twitter:site\" content=\"@hotstegs_recht\" \/>\n<meta name=\"twitter:label1\" content=\"Verfasst von\" \/>\n\t<meta name=\"twitter:data1\" content=\"Dr. Nicole Wolf\" \/>\n\t<meta name=\"twitter:label2\" content=\"Gesch\u00e4tzte Lesezeit\" \/>\n\t<meta name=\"twitter:data2\" content=\"1\u00a0Minute\" \/>\n<!-- \/ Yoast SEO plugin. -->","yoast_head_json":{"title":"Kopftuchtragen kein Hindernis f\u00fcr die Einstellung als Beamtin in den allgemeinen Verwaltungsdienst des Landes Nordrhein-Westfalen, Verwaltungsgericht D\u00fcsseldorf, Urteil vom 08.11.2013, 26 K 5907\/12 - Hotstegs Rechtsanwaltsgesellschaft | Rechtsanw\u00e4lt:innen und Fachanw\u00e4lt:innen f\u00fcr Verwaltungsrecht","description":"- Termine unter Tel. 0211 \/ 497657-16","robots":{"index":"index","follow":"follow","max-snippet":"max-snippet:-1","max-image-preview":"max-image-preview:large","max-video-preview":"max-video-preview:-1"},"canonical":"https:\/\/www.hotstegs-recht.de\/?p=2253","og_locale":"de_DE","og_type":"article","og_title":"Kopftuchtragen kein Hindernis f\u00fcr die Einstellung als Beamtin in den allgemeinen Verwaltungsdienst des Landes Nordrhein-Westfalen, Verwaltungsgericht D\u00fcsseldorf, Urteil vom 08.11.2013, 26 K 5907\/12 - Hotstegs Rechtsanwaltsgesellschaft | Rechtsanw\u00e4lt:innen und Fachanw\u00e4lt:innen f\u00fcr Verwaltungsrecht","og_description":"- Termine unter Tel. 0211 \/ 497657-16","og_url":"https:\/\/www.hotstegs-recht.de\/?p=2253","og_site_name":"Hotstegs Rechtsanwaltsgesellschaft | Rechtsanw\u00e4lt:innen und Fachanw\u00e4lt:innen f\u00fcr Verwaltungsrecht","article_publisher":"https:\/\/www.facebook.com\/hotstegs.recht","article_published_time":"2013-11-12T15:08:13+00:00","article_modified_time":"2016-10-14T16:17:31+00:00","author":"Dr. Nicole Wolf","twitter_card":"summary_large_image","twitter_creator":"@hotstegs_recht","twitter_site":"@hotstegs_recht","twitter_misc":{"Verfasst von":"Dr. Nicole Wolf","Gesch\u00e4tzte Lesezeit":"1\u00a0Minute"},"schema":{"@context":"https:\/\/schema.org","@graph":[{"@type":"Article","@id":"https:\/\/www.hotstegs-recht.de\/?p=2253#article","isPartOf":{"@id":"https:\/\/www.hotstegs-recht.de\/?p=2253"},"author":{"name":"Dr. Nicole Wolf","@id":"https:\/\/www.hotstegs-recht.de\/#\/schema\/person\/a9f23c6cd254fd9278709202ede2a48d"},"headline":"Kopftuchtragen kein Hindernis f\u00fcr die Einstellung als Beamtin in den allgemeinen Verwaltungsdienst des Landes Nordrhein-Westfalen, Verwaltungsgericht D\u00fcsseldorf, Urteil vom 08.11.2013, 26 K 5907\/12","datePublished":"2013-11-12T15:08:13+00:00","dateModified":"2016-10-14T16:17:31+00:00","mainEntityOfPage":{"@id":"https:\/\/www.hotstegs-recht.de\/?p=2253"},"wordCount":282,"commentCount":0,"publisher":{"@id":"https:\/\/www.hotstegs-recht.de\/#organization"},"keywords":["Verbeamtung"],"articleSection":["Aktuelles","Beamtenrecht"],"inLanguage":"de","potentialAction":[{"@type":"CommentAction","name":"Comment","target":["https:\/\/www.hotstegs-recht.de\/?p=2253#respond"]}]},{"@type":"WebPage","@id":"https:\/\/www.hotstegs-recht.de\/?p=2253","url":"https:\/\/www.hotstegs-recht.de\/?p=2253","name":"Kopftuchtragen kein Hindernis f\u00fcr die Einstellung als Beamtin in den allgemeinen Verwaltungsdienst des Landes Nordrhein-Westfalen, Verwaltungsgericht D\u00fcsseldorf, Urteil vom 08.11.2013, 26 K 5907\/12 - Hotstegs Rechtsanwaltsgesellschaft | Rechtsanw\u00e4lt:innen und Fachanw\u00e4lt:innen f\u00fcr Verwaltungsrecht","isPartOf":{"@id":"https:\/\/www.hotstegs-recht.de\/#website"},"datePublished":"2013-11-12T15:08:13+00:00","dateModified":"2016-10-14T16:17:31+00:00","description":"- Termine unter Tel. 0211 \/ 497657-16","breadcrumb":{"@id":"https:\/\/www.hotstegs-recht.de\/?p=2253#breadcrumb"},"inLanguage":"de","potentialAction":[{"@type":"ReadAction","target":["https:\/\/www.hotstegs-recht.de\/?p=2253"]}]},{"@type":"BreadcrumbList","@id":"https:\/\/www.hotstegs-recht.de\/?p=2253#breadcrumb","itemListElement":[{"@type":"ListItem","position":1,"name":"Startseite","item":"https:\/\/www.hotstegs-recht.de\/"},{"@type":"ListItem","position":2,"name":"Kopftuchtragen kein Hindernis f\u00fcr die Einstellung als Beamtin in den allgemeinen Verwaltungsdienst des Landes Nordrhein-Westfalen, Verwaltungsgericht D\u00fcsseldorf, Urteil vom 08.11.2013, 26 K 5907\/12"}]},{"@type":"WebSite","@id":"https:\/\/www.hotstegs-recht.de\/#website","url":"https:\/\/www.hotstegs-recht.de\/","name":"Hotstegs Rechtsanwaltsgesellschaft | Rechtsanw\u00e4lt:innen und Fachanw\u00e4lt:innen f\u00fcr Verwaltungsrecht","description":"\u00f6ffentliches Dienstrecht und Disziplinarverfahren | Rechtsanwalt Robert Hotstegs | Rechtsanw\u00e4ltin Sarah Nu\u00dfbaum | Rechtsanw\u00e4ltin Katharina Voigt","publisher":{"@id":"https:\/\/www.hotstegs-recht.de\/#organization"},"potentialAction":[{"@type":"SearchAction","target":{"@type":"EntryPoint","urlTemplate":"https:\/\/www.hotstegs-recht.de\/?s={search_term_string}"},"query-input":{"@type":"PropertyValueSpecification","valueRequired":true,"valueName":"search_term_string"}}],"inLanguage":"de"},{"@type":"Organization","@id":"https:\/\/www.hotstegs-recht.de\/#organization","name":"Hotstegs Rechtsanwaltsgesellschaft","url":"https:\/\/www.hotstegs-recht.de\/","logo":{"@type":"ImageObject","inLanguage":"de","@id":"https:\/\/www.hotstegs-recht.de\/#\/schema\/logo\/image\/","url":"https:\/\/www.hotstegs-recht.de\/wp-content\/uploads\/2021\/09\/logo_2020.png","contentUrl":"https:\/\/www.hotstegs-recht.de\/wp-content\/uploads\/2021\/09\/logo_2020.png","width":180,"height":51,"caption":"Hotstegs Rechtsanwaltsgesellschaft"},"image":{"@id":"https:\/\/www.hotstegs-recht.de\/#\/schema\/logo\/image\/"},"sameAs":["https:\/\/www.facebook.com\/hotstegs.recht","https:\/\/x.com\/hotstegs_recht","https:\/\/www.instagram.com\/hotstegs.recht","https:\/\/de.linkedin.com\/company\/hotstegs-recht"]},{"@type":"Person","@id":"https:\/\/www.hotstegs-recht.de\/#\/schema\/person\/a9f23c6cd254fd9278709202ede2a48d","name":"Dr. Nicole Wolf","image":{"@type":"ImageObject","inLanguage":"de","@id":"https:\/\/secure.gravatar.com\/avatar\/591096f34f056ae9ba03080bed2db7f153061b4ddfa63f084a9081317f050d19?s=96&d=blank&r=g","url":"https:\/\/secure.gravatar.com\/avatar\/591096f34f056ae9ba03080bed2db7f153061b4ddfa63f084a9081317f050d19?s=96&d=blank&r=g","contentUrl":"https:\/\/secure.gravatar.com\/avatar\/591096f34f056ae9ba03080bed2db7f153061b4ddfa63f084a9081317f050d19?s=96&d=blank&r=g","caption":"Dr. Nicole Wolf"},"description":"Rechtsanw\u00e4ltin 2013 bis 2016","url":"https:\/\/www.hotstegs-recht.de\/?author=5"}]}},"amp_enabled":true,"_links":{"self":[{"href":"https:\/\/www.hotstegs-recht.de\/index.php?rest_route=\/wp\/v2\/posts\/2253","targetHints":{"allow":["GET"]}}],"collection":[{"href":"https:\/\/www.hotstegs-recht.de\/index.php?rest_route=\/wp\/v2\/posts"}],"about":[{"href":"https:\/\/www.hotstegs-recht.de\/index.php?rest_route=\/wp\/v2\/types\/post"}],"author":[{"embeddable":true,"href":"https:\/\/www.hotstegs-recht.de\/index.php?rest_route=\/wp\/v2\/users\/5"}],"replies":[{"embeddable":true,"href":"https:\/\/www.hotstegs-recht.de\/index.php?rest_route=%2Fwp%2Fv2%2Fcomments&post=2253"}],"version-history":[{"count":1,"href":"https:\/\/www.hotstegs-recht.de\/index.php?rest_route=\/wp\/v2\/posts\/2253\/revisions"}],"predecessor-version":[{"id":4981,"href":"https:\/\/www.hotstegs-recht.de\/index.php?rest_route=\/wp\/v2\/posts\/2253\/revisions\/4981"}],"wp:attachment":[{"href":"https:\/\/www.hotstegs-recht.de\/index.php?rest_route=%2Fwp%2Fv2%2Fmedia&parent=2253"}],"wp:term":[{"taxonomy":"category","embeddable":true,"href":"https:\/\/www.hotstegs-recht.de\/index.php?rest_route=%2Fwp%2Fv2%2Fcategories&post=2253"},{"taxonomy":"post_tag","embeddable":true,"href":"https:\/\/www.hotstegs-recht.de\/index.php?rest_route=%2Fwp%2Fv2%2Ftags&post=2253"}],"curies":[{"name":"wp","href":"https:\/\/api.w.org\/{rel}","templated":true}]}}