{"id":2244,"date":"2013-10-30T22:10:28","date_gmt":"2013-10-30T21:10:28","guid":{"rendered":"http:\/\/www.hotstegs-recht.de\/?p=2244"},"modified":"2016-10-14T18:19:18","modified_gmt":"2016-10-14T16:19:18","slug":"gesundheitliche-eignung-von-probebeamten-bundesverwaltungsgericht-urteil-v-30-10-2013-az-2-c-16-12","status":"publish","type":"post","link":"https:\/\/www.hotstegs-recht.de\/?p=2244","title":{"rendered":"gesundheitliche Eignung von Probebeamten, Bundesverwaltungsgericht, Urteil v. 30.10.2013, Az. 2 C 16.12"},"content":{"rendered":"<p>Eine Beamtin auf Probe, die ihre \u00dcbernahme in ein Beamtenverh\u00e4ltnis auf Lebenszeit anstrebt, ist gesundheitlich nicht nur dann ungeeignet, wenn ihre vorzeitige Pensionierung vor Erreichen der gesetzlichen Altersgrenze \u00fcberwiegend wahrscheinlich ist. Ihr fehlt die zum Abschluss der Probezeit erforderliche gesundheitliche Eignung auch dann, wenn tats\u00e4chliche Anhaltspunkte mit \u00fcberwiegender Wahrscheinlichkeit die Annahme rechtfertigen, sie werde bis zur Pensionierung h\u00e4ufige und erhebliche krankheitsbedingte Fehlzeiten aufweisen. Das hat das Bundesverwaltungsgericht in Leipzig heute entschieden. Damit hat es im Anschluss an Urteile vom 25. Juli 2013 den zugunsten der Bewerber abgesenkten generellen Prognosema\u00dfstab auch auf solche chronischen Erkrankungen angewendet, die zwar nicht zur vorzeitigen Zurruhesetzung f\u00fchren, wohl aber regelm\u00e4\u00dfig erhebliche Ausfallzeiten zur Folge haben.<!--more--><\/p>\n<p>Die im Dezember 1997 zur Beamtin auf Probe ernannte Kl\u00e4gerin befand sich von Anfang 1999 bis Februar 2005 wegen ihrer beiden Kinder im Mutterschutz, Erziehungsurlaub und anschlie\u00dfend in der Elternzeit. Von Februar 2005 bis Ende 2006 war die Kl\u00e4gerin infolge von Bandscheibenerkrankungen dienstunf\u00e4hig erkrankt. Im Hinblick hierauf wurde ihre Probezeit bis Ende September 2007 verl\u00e4ngert. Im Januar 2007 leistete die Kl\u00e4gerin teilweise Dienst, ab April 2007 in Vollzeit. Mit der Begr\u00fcndung, die Kl\u00e4gerin sei gesundheitlich ungeeignet, entlie\u00df die Beh\u00f6rde die Kl\u00e4gerin.<\/p>\n<p>Das Oberverwaltungsgericht hat die Entlassungsverf\u00fcgung der Beh\u00f6rde aufgrund einer eigenen Beweisaufnahme best\u00e4tigt. Die prognostische Einsch\u00e4tzung der Beh\u00f6rde hinsichtlich der gesundheitlichen Eignung der Kl\u00e4gerin sei nicht zu beanstanden. Die Bandscheibenerkrankungen der Kl\u00e4gerin sowie das damit zusammenh\u00e4ngende chronifizierte Schmerzsyndrom mit selbstst\u00e4ndigem Krankheitswert st\u00fcnden einer positiven gesundheitlichen Eignungsprognose zum Ablauf der Probezeit entgegen.<\/p>\n<p>Das Bundesverwaltungsgericht hat auf die Revision der Kl\u00e4gerin das Urteil aufgehoben und das Verfahren an das Oberverwaltungsgericht zur\u00fcckverwiesen. Dieses wird insbesondere erneut dar\u00fcber zu entscheiden haben, ob die Kl\u00e4gerin nach dem neuen Prognosema\u00dfstab zum ma\u00dfgeblichen Zeitpunkt des Ablaufs der Probezeit gesundheitlich ungeeignet war. Bei der Beurteilung der gesundheitlichen Eignung steht der Verwaltung &#8211; anders als bei der Beurteilung der fachlichen Eignung &#8211; kein nur eingeschr\u00e4nkt nachpr\u00fcfbarer Beurteilungsspielraum zu. Leidet eine Beamtin an einer chronischen Erkrankung und ist damit zu rechnen, sie werde \u00fcber Jahre hinweg regelm\u00e4\u00dfig krankheitsbedingt ausfallen, so schlie\u00dfen diese Ausfallzeiten die gesundheitliche Eignung erst aus, wenn \u00fcberwiegend wahrscheinlich ist, dass sie deswegen eine erheblich geringere Lebensdienstzeit leisten wird.<\/p>\n<p>BVerwG <a href=\"https:\/\/dejure.org\/dienste\/vernetzung\/rechtsprechung?Text=2%20C%2016.12\" title=\"2 C 16.12 (3 zugeordnete Entscheidungen)\">2 C 16.12<\/a> &#8211; Urteil vom 30. Oktober 2013<\/p>\n<p>Vorinstanzen:<br \/>\nOVG Berlin-Brandenburg <a href=\"https:\/\/dejure.org\/dienste\/vernetzung\/rechtsprechung?Text=6%20B%2020.09\" title=\"6 B 20.09 (2 zugeordnete Entscheidungen)\">6 B 20.09<\/a> &#8211; Urteil vom 05. September 2011<br \/>\nVG Berlin <a href=\"https:\/\/dejure.org\/dienste\/vernetzung\/rechtsprechung?Text=7%20A%20147.08\" title=\"VG Berlin, 29.06.2009 - 7 A 147.08\">7 A 147.08<\/a> &#8211; Urteil vom 29. Juni 2009<\/p>\n","protected":false},"excerpt":{"rendered":"<p>Eine Beamtin auf Probe, die ihre \u00dcbernahme in ein Beamtenverh\u00e4ltnis auf Lebenszeit anstrebt, ist gesundheitlich nicht nur dann ungeeignet, wenn ihre vorzeitige Pensionierung vor Erreichen der gesetzlichen Altersgrenze \u00fcberwiegend wahrscheinlich ist. Ihr fehlt die zum Abschluss der Probezeit erforderliche gesundheitliche Eignung auch dann, wenn tats\u00e4chliche Anhaltspunkte mit \u00fcberwiegender Wahrscheinlichkeit die Annahme rechtfertigen, sie werde bis &hellip; <\/p>\n<p class=\"link-more\"><a href=\"https:\/\/www.hotstegs-recht.de\/?p=2244\" class=\"more-link\"><span class=\"screen-reader-text\">\u201egesundheitliche Eignung von Probebeamten, Bundesverwaltungsgericht, Urteil v. 30.10.2013, Az. 2 C 16.12\u201c <\/span>weiterlesen<\/a><\/p>\n","protected":false},"author":1,"featured_media":0,"comment_status":"open","ping_status":"open","sticky":false,"template":"","format":"standard","meta":{"footnotes":""},"categories":[4,14],"tags":[55],"class_list":["post-2244","post","type-post","status-publish","format-standard","hentry","category-aktuelles","category-beamtenrecht","tag-verbeamtung"],"yoast_head":"<!-- This site is optimized with the Yoast SEO plugin v27.4 - https:\/\/yoast.com\/product\/yoast-seo-wordpress\/ -->\n<title>gesundheitliche Eignung von Probebeamten, Bundesverwaltungsgericht, Urteil v. 30.10.2013, Az. 2 C 16.12 - Hotstegs Rechtsanwaltsgesellschaft | Rechtsanw\u00e4lt:innen und Fachanw\u00e4lt:innen f\u00fcr Verwaltungsrecht<\/title>\n<meta name=\"description\" content=\"- Termine unter Tel. 0211 \/ 497657-16\" \/>\n<meta name=\"robots\" content=\"index, follow, max-snippet:-1, max-image-preview:large, max-video-preview:-1\" \/>\n<link rel=\"canonical\" href=\"https:\/\/www.hotstegs-recht.de\/?p=2244\" \/>\n<meta property=\"og:locale\" content=\"de_DE\" \/>\n<meta property=\"og:type\" content=\"article\" \/>\n<meta property=\"og:title\" content=\"gesundheitliche Eignung von Probebeamten, Bundesverwaltungsgericht, Urteil v. 30.10.2013, Az. 2 C 16.12 - Hotstegs Rechtsanwaltsgesellschaft | Rechtsanw\u00e4lt:innen und Fachanw\u00e4lt:innen f\u00fcr Verwaltungsrecht\" \/>\n<meta property=\"og:description\" content=\"- Termine unter Tel. 0211 \/ 497657-16\" \/>\n<meta property=\"og:url\" content=\"https:\/\/www.hotstegs-recht.de\/?p=2244\" \/>\n<meta property=\"og:site_name\" content=\"Hotstegs Rechtsanwaltsgesellschaft | Rechtsanw\u00e4lt:innen und Fachanw\u00e4lt:innen f\u00fcr Verwaltungsrecht\" \/>\n<meta property=\"article:publisher\" content=\"https:\/\/www.facebook.com\/hotstegs.recht\" \/>\n<meta property=\"article:published_time\" content=\"2013-10-30T21:10:28+00:00\" \/>\n<meta property=\"article:modified_time\" content=\"2016-10-14T16:19:18+00:00\" \/>\n<meta name=\"author\" content=\"Robert Hotstegs\" \/>\n<meta name=\"twitter:card\" content=\"summary_large_image\" \/>\n<meta name=\"twitter:creator\" content=\"@hotstegs_recht\" \/>\n<meta name=\"twitter:site\" content=\"@hotstegs_recht\" \/>\n<meta name=\"twitter:label1\" content=\"Verfasst von\" \/>\n\t<meta name=\"twitter:data1\" content=\"Robert Hotstegs\" \/>\n\t<meta name=\"twitter:label2\" content=\"Gesch\u00e4tzte Lesezeit\" \/>\n\t<meta name=\"twitter:data2\" content=\"2\u00a0Minuten\" \/>\n<!-- \/ Yoast SEO plugin. -->","yoast_head_json":{"title":"gesundheitliche Eignung von Probebeamten, Bundesverwaltungsgericht, Urteil v. 30.10.2013, Az. 2 C 16.12 - Hotstegs Rechtsanwaltsgesellschaft | Rechtsanw\u00e4lt:innen und Fachanw\u00e4lt:innen f\u00fcr Verwaltungsrecht","description":"- Termine unter Tel. 0211 \/ 497657-16","robots":{"index":"index","follow":"follow","max-snippet":"max-snippet:-1","max-image-preview":"max-image-preview:large","max-video-preview":"max-video-preview:-1"},"canonical":"https:\/\/www.hotstegs-recht.de\/?p=2244","og_locale":"de_DE","og_type":"article","og_title":"gesundheitliche Eignung von Probebeamten, Bundesverwaltungsgericht, Urteil v. 30.10.2013, Az. 2 C 16.12 - Hotstegs Rechtsanwaltsgesellschaft | Rechtsanw\u00e4lt:innen und Fachanw\u00e4lt:innen f\u00fcr Verwaltungsrecht","og_description":"- Termine unter Tel. 0211 \/ 497657-16","og_url":"https:\/\/www.hotstegs-recht.de\/?p=2244","og_site_name":"Hotstegs Rechtsanwaltsgesellschaft | Rechtsanw\u00e4lt:innen und Fachanw\u00e4lt:innen f\u00fcr Verwaltungsrecht","article_publisher":"https:\/\/www.facebook.com\/hotstegs.recht","article_published_time":"2013-10-30T21:10:28+00:00","article_modified_time":"2016-10-14T16:19:18+00:00","author":"Robert Hotstegs","twitter_card":"summary_large_image","twitter_creator":"@hotstegs_recht","twitter_site":"@hotstegs_recht","twitter_misc":{"Verfasst von":"Robert Hotstegs","Gesch\u00e4tzte Lesezeit":"2\u00a0Minuten"},"schema":{"@context":"https:\/\/schema.org","@graph":[{"@type":"Article","@id":"https:\/\/www.hotstegs-recht.de\/?p=2244#article","isPartOf":{"@id":"https:\/\/www.hotstegs-recht.de\/?p=2244"},"author":{"name":"Robert Hotstegs","@id":"https:\/\/www.hotstegs-recht.de\/#\/schema\/person\/b5290b51a91e1e27ec6af13643a76ab0"},"headline":"gesundheitliche Eignung von Probebeamten, Bundesverwaltungsgericht, Urteil v. 30.10.2013, Az. 2 C 16.12","datePublished":"2013-10-30T21:10:28+00:00","dateModified":"2016-10-14T16:19:18+00:00","mainEntityOfPage":{"@id":"https:\/\/www.hotstegs-recht.de\/?p=2244"},"wordCount":407,"commentCount":0,"publisher":{"@id":"https:\/\/www.hotstegs-recht.de\/#organization"},"keywords":["Verbeamtung"],"articleSection":["Aktuelles","Beamtenrecht"],"inLanguage":"de","potentialAction":[{"@type":"CommentAction","name":"Comment","target":["https:\/\/www.hotstegs-recht.de\/?p=2244#respond"]}]},{"@type":"WebPage","@id":"https:\/\/www.hotstegs-recht.de\/?p=2244","url":"https:\/\/www.hotstegs-recht.de\/?p=2244","name":"gesundheitliche Eignung von Probebeamten, Bundesverwaltungsgericht, Urteil v. 30.10.2013, Az. 2 C 16.12 - Hotstegs Rechtsanwaltsgesellschaft | Rechtsanw\u00e4lt:innen und Fachanw\u00e4lt:innen f\u00fcr Verwaltungsrecht","isPartOf":{"@id":"https:\/\/www.hotstegs-recht.de\/#website"},"datePublished":"2013-10-30T21:10:28+00:00","dateModified":"2016-10-14T16:19:18+00:00","description":"- Termine unter Tel. 0211 \/ 497657-16","breadcrumb":{"@id":"https:\/\/www.hotstegs-recht.de\/?p=2244#breadcrumb"},"inLanguage":"de","potentialAction":[{"@type":"ReadAction","target":["https:\/\/www.hotstegs-recht.de\/?p=2244"]}]},{"@type":"BreadcrumbList","@id":"https:\/\/www.hotstegs-recht.de\/?p=2244#breadcrumb","itemListElement":[{"@type":"ListItem","position":1,"name":"Startseite","item":"https:\/\/www.hotstegs-recht.de\/"},{"@type":"ListItem","position":2,"name":"gesundheitliche Eignung von Probebeamten, Bundesverwaltungsgericht, Urteil v. 30.10.2013, Az. 2 C 16.12"}]},{"@type":"WebSite","@id":"https:\/\/www.hotstegs-recht.de\/#website","url":"https:\/\/www.hotstegs-recht.de\/","name":"Hotstegs Rechtsanwaltsgesellschaft | Rechtsanw\u00e4lt:innen und Fachanw\u00e4lt:innen f\u00fcr Verwaltungsrecht","description":"\u00f6ffentliches Dienstrecht und Disziplinarverfahren | Rechtsanwalt Robert Hotstegs | Rechtsanw\u00e4ltin Sarah Nu\u00dfbaum | Rechtsanw\u00e4ltin Katharina Voigt","publisher":{"@id":"https:\/\/www.hotstegs-recht.de\/#organization"},"potentialAction":[{"@type":"SearchAction","target":{"@type":"EntryPoint","urlTemplate":"https:\/\/www.hotstegs-recht.de\/?s={search_term_string}"},"query-input":{"@type":"PropertyValueSpecification","valueRequired":true,"valueName":"search_term_string"}}],"inLanguage":"de"},{"@type":"Organization","@id":"https:\/\/www.hotstegs-recht.de\/#organization","name":"Hotstegs Rechtsanwaltsgesellschaft","url":"https:\/\/www.hotstegs-recht.de\/","logo":{"@type":"ImageObject","inLanguage":"de","@id":"https:\/\/www.hotstegs-recht.de\/#\/schema\/logo\/image\/","url":"https:\/\/www.hotstegs-recht.de\/wp-content\/uploads\/2021\/09\/logo_2020.png","contentUrl":"https:\/\/www.hotstegs-recht.de\/wp-content\/uploads\/2021\/09\/logo_2020.png","width":180,"height":51,"caption":"Hotstegs Rechtsanwaltsgesellschaft"},"image":{"@id":"https:\/\/www.hotstegs-recht.de\/#\/schema\/logo\/image\/"},"sameAs":["https:\/\/www.facebook.com\/hotstegs.recht","https:\/\/x.com\/hotstegs_recht","https:\/\/www.instagram.com\/hotstegs.recht","https:\/\/de.linkedin.com\/company\/hotstegs-recht"]},{"@type":"Person","@id":"https:\/\/www.hotstegs-recht.de\/#\/schema\/person\/b5290b51a91e1e27ec6af13643a76ab0","name":"Robert Hotstegs","image":{"@type":"ImageObject","inLanguage":"de","@id":"https:\/\/secure.gravatar.com\/avatar\/7d923d735cd88c8f3b65c6506ab775c5eb23a82716d81ce74eb3951cb8430f5a?s=96&d=blank&r=g","url":"https:\/\/secure.gravatar.com\/avatar\/7d923d735cd88c8f3b65c6506ab775c5eb23a82716d81ce74eb3951cb8430f5a?s=96&d=blank&r=g","contentUrl":"https:\/\/secure.gravatar.com\/avatar\/7d923d735cd88c8f3b65c6506ab775c5eb23a82716d81ce74eb3951cb8430f5a?s=96&d=blank&r=g","caption":"Robert Hotstegs"},"description":"Rechtsanwalt, Fachanwalt f\u00fcr Verwaltungsrecht","url":"https:\/\/www.hotstegs-recht.de\/?author=1"}]}},"amp_enabled":true,"_links":{"self":[{"href":"https:\/\/www.hotstegs-recht.de\/index.php?rest_route=\/wp\/v2\/posts\/2244","targetHints":{"allow":["GET"]}}],"collection":[{"href":"https:\/\/www.hotstegs-recht.de\/index.php?rest_route=\/wp\/v2\/posts"}],"about":[{"href":"https:\/\/www.hotstegs-recht.de\/index.php?rest_route=\/wp\/v2\/types\/post"}],"author":[{"embeddable":true,"href":"https:\/\/www.hotstegs-recht.de\/index.php?rest_route=\/wp\/v2\/users\/1"}],"replies":[{"embeddable":true,"href":"https:\/\/www.hotstegs-recht.de\/index.php?rest_route=%2Fwp%2Fv2%2Fcomments&post=2244"}],"version-history":[{"count":1,"href":"https:\/\/www.hotstegs-recht.de\/index.php?rest_route=\/wp\/v2\/posts\/2244\/revisions"}],"predecessor-version":[{"id":4990,"href":"https:\/\/www.hotstegs-recht.de\/index.php?rest_route=\/wp\/v2\/posts\/2244\/revisions\/4990"}],"wp:attachment":[{"href":"https:\/\/www.hotstegs-recht.de\/index.php?rest_route=%2Fwp%2Fv2%2Fmedia&parent=2244"}],"wp:term":[{"taxonomy":"category","embeddable":true,"href":"https:\/\/www.hotstegs-recht.de\/index.php?rest_route=%2Fwp%2Fv2%2Fcategories&post=2244"},{"taxonomy":"post_tag","embeddable":true,"href":"https:\/\/www.hotstegs-recht.de\/index.php?rest_route=%2Fwp%2Fv2%2Ftags&post=2244"}],"curies":[{"name":"wp","href":"https:\/\/api.w.org\/{rel}","templated":true}]}}