{"id":2224,"date":"2013-10-17T17:20:35","date_gmt":"2013-10-17T15:20:35","guid":{"rendered":"http:\/\/www.hotstegs-recht.de\/?p=2224"},"modified":"2013-10-17T17:20:35","modified_gmt":"2013-10-17T15:20:35","slug":"haan-strassentausch-ist-noch-nicht-erfolgt-rheinische-post-v-17-10-2013","status":"publish","type":"post","link":"https:\/\/www.hotstegs-recht.de\/?p=2224","title":{"rendered":"Haan: Stra\u00dfentausch ist noch nicht erfolgt, Rheinische Post v. 17.10.2013"},"content":{"rendered":"<p>Weil die B\u00fcrgerinitiative &#8222;Lebenswertes Haan&#8220; Klage eingereicht hat, muss der Kreis Mettmann erst aufs Urteil warten.<\/p>\n<p>Eigentlich sollte seit diesem Monat die Turnstra\u00dfe nur noch eine Gemeindestra\u00dfe und nicht mehr die Kreisstra\u00dfe 5 sein, und die Martin-Luther-Stra\u00dfe eine Kreisstra\u00dfe. Der Stadtrat hatte dem Vorhaben mehrheitlich zugestimmt. Doch die B\u00fcrgerinitiative &#8222;Lebenswertes Haan&#8220; hat ihm einen Strich durch die Rechnung gemacht. Genauer gesagt: einige Mitglieder der Initiative.<!--more--><\/p>\n<p>Neun Personen \u2013 Anwohner der Martin-Luther-Stra\u00dfe \u2013 haben laut Verwaltungsgericht in D\u00fcsseldorf am 11. Juli gemeinsam Klage gegen die Entscheidung des Kreises Mettmann vom 15. Juni eingereicht. &#8222;Ihre Anwaltskanzlei hat im August Akteineinsicht bekommen und angek\u00fcndigt, eine weitere Klagebegr\u00fcndung nachzureichen&#8220;, berichtet Gerichtssprecher Winfried Schwerdtfeger.<\/p>\n<p>Darauf warte man noch, ehe Kammertermine festgesetzt werden k\u00f6nnten. &#8222;Grunds\u00e4tzlich ist die Kammer schnell und schiebt solche F\u00e4lle nicht auf die lange Bank.&#8220; In einer ersten Begr\u00fcndung h\u00e4tten die Kl\u00e4ger erkl\u00e4rt, dass sich durch die Umstufung der Martin-Luther-Stra\u00dfe keine neue Verkehrsbedeutung ergebe, wie es im Stra\u00dfen- und Wegegesetz NRW vorgeschrieben sei.<\/p>\n<p>Auch beim Kreis Mettmann wartet man auf die genaue Klagebegr\u00fcndung. Denn das Einreichen der Klage habe eine &#8222;aufschiebende Wirkung des Vollzuges&#8220;, sagt Kreissprecherin Daniela Hitzemann. &#8222;Bis das Gericht entschieden hat, kann die Umstufung der Stra\u00dfen nicht erfolgen.&#8220;<\/p>\n<p>Die Turnstra\u00dfe ist marode und muss dringend saniert werden. Dar\u00fcber hinaus ist sie quasi nur eine halbe Kreisstra\u00dfe, weil sie als Einbahnstra\u00dfe in lediglich eine Richtung \u2013 n\u00e4mlich Richtung Solingen \u2013 befahrbar ist. Mit der Folge, dass die Verkehrsteilnehmer schon lange gerne die in beiden Richtung befahrbare Martin-Luther-Stra\u00dfe von und nach Solingen nutzen.<\/p>\n<p>Sollte der Tausch erfolgen, \u00e4ndert sich f\u00fcr die Verkehrsteilnehmer auch nicht sofort etwas. &#8222;Der Kreis zahlt uns zwar Geld f\u00fcr unterlassene Instandsetzungsma\u00dfnahmen an der Turnstra\u00dfe, aber die Bauarbeiten muss die Stadt selbst planen&#8220;, erkl\u00e4rt Beigeordneter Engin Alparslan. Damit werde man erst beginnen, wenn klar sei, wann die veranschlagten 250 000 Euro vom Kreis nach Haan flie\u00dfen. Da sich die Stra\u00dfe bisher im Zust\u00e4ndigkeitsbereich des Kreises befinde, habe die Stadt noch keine Planungen gemacht. &#8222;Gemeindestra\u00dfen plant man anders als Kreisstra\u00dfen.&#8220;<\/p>\n<p>Quelle: www.rp-online.de\/hilden<\/p>\n","protected":false},"excerpt":{"rendered":"<p>Weil die B\u00fcrgerinitiative &#8222;Lebenswertes Haan&#8220; Klage eingereicht hat, muss der Kreis Mettmann erst aufs Urteil warten. Eigentlich sollte seit diesem Monat die Turnstra\u00dfe nur noch eine Gemeindestra\u00dfe und nicht mehr die Kreisstra\u00dfe 5 sein, und die Martin-Luther-Stra\u00dfe eine Kreisstra\u00dfe. Der Stadtrat hatte dem Vorhaben mehrheitlich zugestimmt. Doch die B\u00fcrgerinitiative &#8222;Lebenswertes Haan&#8220; hat ihm einen Strich &hellip; <\/p>\n<p class=\"link-more\"><a href=\"https:\/\/www.hotstegs-recht.de\/?p=2224\" class=\"more-link\"><span class=\"screen-reader-text\">\u201eHaan: Stra\u00dfentausch ist noch nicht erfolgt, Rheinische Post v. 17.10.2013\u201c <\/span>weiterlesen<\/a><\/p>\n","protected":false},"author":4,"featured_media":0,"comment_status":"open","ping_status":"open","sticky":false,"template":"","format":"standard","meta":{"footnotes":""},"categories":[4,9,16],"tags":[],"class_list":["post-2224","post","type-post","status-publish","format-standard","hentry","category-aktuelles","category-presse","category-burgerbeteiligung"],"yoast_head":"<!-- This site is optimized with the Yoast SEO plugin v27.4 - https:\/\/yoast.com\/product\/yoast-seo-wordpress\/ -->\n<title>Haan: Stra\u00dfentausch ist noch nicht erfolgt, Rheinische Post v. 17.10.2013 - Hotstegs Rechtsanwaltsgesellschaft | Rechtsanw\u00e4lt:innen und Fachanw\u00e4lt:innen f\u00fcr Verwaltungsrecht<\/title>\n<meta name=\"description\" content=\"- Termine unter Tel. 0211 \/ 497657-16\" \/>\n<meta name=\"robots\" content=\"index, follow, max-snippet:-1, max-image-preview:large, max-video-preview:-1\" \/>\n<link rel=\"canonical\" href=\"https:\/\/www.hotstegs-recht.de\/?p=2224\" \/>\n<meta property=\"og:locale\" content=\"de_DE\" \/>\n<meta property=\"og:type\" content=\"article\" \/>\n<meta property=\"og:title\" content=\"Haan: Stra\u00dfentausch ist noch nicht erfolgt, Rheinische Post v. 17.10.2013 - Hotstegs Rechtsanwaltsgesellschaft | Rechtsanw\u00e4lt:innen und Fachanw\u00e4lt:innen f\u00fcr Verwaltungsrecht\" \/>\n<meta property=\"og:description\" content=\"- Termine unter Tel. 0211 \/ 497657-16\" \/>\n<meta property=\"og:url\" content=\"https:\/\/www.hotstegs-recht.de\/?p=2224\" \/>\n<meta property=\"og:site_name\" content=\"Hotstegs Rechtsanwaltsgesellschaft | Rechtsanw\u00e4lt:innen und Fachanw\u00e4lt:innen f\u00fcr Verwaltungsrecht\" \/>\n<meta property=\"article:publisher\" content=\"https:\/\/www.facebook.com\/hotstegs.recht\" \/>\n<meta property=\"article:published_time\" content=\"2013-10-17T15:20:35+00:00\" \/>\n<meta name=\"author\" content=\"Mitarbeiter:in\" \/>\n<meta name=\"twitter:card\" content=\"summary_large_image\" \/>\n<meta name=\"twitter:creator\" content=\"@hotstegs_recht\" \/>\n<meta name=\"twitter:site\" content=\"@hotstegs_recht\" \/>\n<meta name=\"twitter:label1\" content=\"Verfasst von\" \/>\n\t<meta name=\"twitter:data1\" content=\"Mitarbeiter:in\" \/>\n\t<meta name=\"twitter:label2\" content=\"Gesch\u00e4tzte Lesezeit\" \/>\n\t<meta name=\"twitter:data2\" content=\"2\u00a0Minuten\" \/>\n<!-- \/ Yoast SEO plugin. -->","yoast_head_json":{"title":"Haan: Stra\u00dfentausch ist noch nicht erfolgt, Rheinische Post v. 17.10.2013 - Hotstegs Rechtsanwaltsgesellschaft | Rechtsanw\u00e4lt:innen und Fachanw\u00e4lt:innen f\u00fcr Verwaltungsrecht","description":"- Termine unter Tel. 0211 \/ 497657-16","robots":{"index":"index","follow":"follow","max-snippet":"max-snippet:-1","max-image-preview":"max-image-preview:large","max-video-preview":"max-video-preview:-1"},"canonical":"https:\/\/www.hotstegs-recht.de\/?p=2224","og_locale":"de_DE","og_type":"article","og_title":"Haan: Stra\u00dfentausch ist noch nicht erfolgt, Rheinische Post v. 17.10.2013 - Hotstegs Rechtsanwaltsgesellschaft | Rechtsanw\u00e4lt:innen und Fachanw\u00e4lt:innen f\u00fcr Verwaltungsrecht","og_description":"- Termine unter Tel. 0211 \/ 497657-16","og_url":"https:\/\/www.hotstegs-recht.de\/?p=2224","og_site_name":"Hotstegs Rechtsanwaltsgesellschaft | Rechtsanw\u00e4lt:innen und Fachanw\u00e4lt:innen f\u00fcr Verwaltungsrecht","article_publisher":"https:\/\/www.facebook.com\/hotstegs.recht","article_published_time":"2013-10-17T15:20:35+00:00","author":"Mitarbeiter:in","twitter_card":"summary_large_image","twitter_creator":"@hotstegs_recht","twitter_site":"@hotstegs_recht","twitter_misc":{"Verfasst von":"Mitarbeiter:in","Gesch\u00e4tzte Lesezeit":"2\u00a0Minuten"},"schema":{"@context":"https:\/\/schema.org","@graph":[{"@type":"Article","@id":"https:\/\/www.hotstegs-recht.de\/?p=2224#article","isPartOf":{"@id":"https:\/\/www.hotstegs-recht.de\/?p=2224"},"author":{"name":"Mitarbeiter:in","@id":"https:\/\/www.hotstegs-recht.de\/#\/schema\/person\/18c7a8260c2d9ded2b8308feab0990a2"},"headline":"Haan: Stra\u00dfentausch ist noch nicht erfolgt, Rheinische Post v. 17.10.2013","datePublished":"2013-10-17T15:20:35+00:00","mainEntityOfPage":{"@id":"https:\/\/www.hotstegs-recht.de\/?p=2224"},"wordCount":373,"commentCount":0,"publisher":{"@id":"https:\/\/www.hotstegs-recht.de\/#organization"},"articleSection":["Aktuelles","Presse","B\u00fcrgerbeteiligung"],"inLanguage":"de","potentialAction":[{"@type":"CommentAction","name":"Comment","target":["https:\/\/www.hotstegs-recht.de\/?p=2224#respond"]}]},{"@type":"WebPage","@id":"https:\/\/www.hotstegs-recht.de\/?p=2224","url":"https:\/\/www.hotstegs-recht.de\/?p=2224","name":"Haan: Stra\u00dfentausch ist noch nicht erfolgt, Rheinische Post v. 17.10.2013 - Hotstegs Rechtsanwaltsgesellschaft | Rechtsanw\u00e4lt:innen und Fachanw\u00e4lt:innen f\u00fcr Verwaltungsrecht","isPartOf":{"@id":"https:\/\/www.hotstegs-recht.de\/#website"},"datePublished":"2013-10-17T15:20:35+00:00","description":"- Termine unter Tel. 0211 \/ 497657-16","breadcrumb":{"@id":"https:\/\/www.hotstegs-recht.de\/?p=2224#breadcrumb"},"inLanguage":"de","potentialAction":[{"@type":"ReadAction","target":["https:\/\/www.hotstegs-recht.de\/?p=2224"]}]},{"@type":"BreadcrumbList","@id":"https:\/\/www.hotstegs-recht.de\/?p=2224#breadcrumb","itemListElement":[{"@type":"ListItem","position":1,"name":"Startseite","item":"https:\/\/www.hotstegs-recht.de\/"},{"@type":"ListItem","position":2,"name":"Haan: Stra\u00dfentausch ist noch nicht erfolgt, Rheinische Post v. 17.10.2013"}]},{"@type":"WebSite","@id":"https:\/\/www.hotstegs-recht.de\/#website","url":"https:\/\/www.hotstegs-recht.de\/","name":"Hotstegs Rechtsanwaltsgesellschaft | Rechtsanw\u00e4lt:innen und Fachanw\u00e4lt:innen f\u00fcr Verwaltungsrecht","description":"\u00f6ffentliches Dienstrecht und Disziplinarverfahren | Rechtsanwalt Robert Hotstegs | Rechtsanw\u00e4ltin Sarah Nu\u00dfbaum | Rechtsanw\u00e4ltin Katharina Voigt","publisher":{"@id":"https:\/\/www.hotstegs-recht.de\/#organization"},"potentialAction":[{"@type":"SearchAction","target":{"@type":"EntryPoint","urlTemplate":"https:\/\/www.hotstegs-recht.de\/?s={search_term_string}"},"query-input":{"@type":"PropertyValueSpecification","valueRequired":true,"valueName":"search_term_string"}}],"inLanguage":"de"},{"@type":"Organization","@id":"https:\/\/www.hotstegs-recht.de\/#organization","name":"Hotstegs Rechtsanwaltsgesellschaft","url":"https:\/\/www.hotstegs-recht.de\/","logo":{"@type":"ImageObject","inLanguage":"de","@id":"https:\/\/www.hotstegs-recht.de\/#\/schema\/logo\/image\/","url":"https:\/\/www.hotstegs-recht.de\/wp-content\/uploads\/2021\/09\/logo_2020.png","contentUrl":"https:\/\/www.hotstegs-recht.de\/wp-content\/uploads\/2021\/09\/logo_2020.png","width":180,"height":51,"caption":"Hotstegs Rechtsanwaltsgesellschaft"},"image":{"@id":"https:\/\/www.hotstegs-recht.de\/#\/schema\/logo\/image\/"},"sameAs":["https:\/\/www.facebook.com\/hotstegs.recht","https:\/\/x.com\/hotstegs_recht","https:\/\/www.instagram.com\/hotstegs.recht","https:\/\/de.linkedin.com\/company\/hotstegs-recht"]},{"@type":"Person","@id":"https:\/\/www.hotstegs-recht.de\/#\/schema\/person\/18c7a8260c2d9ded2b8308feab0990a2","name":"Mitarbeiter:in","image":{"@type":"ImageObject","inLanguage":"de","@id":"https:\/\/secure.gravatar.com\/avatar\/ff927e44276052255fa51b438cd49d6bee71e07c0621a998717cee201e5d2fff?s=96&d=blank&r=g","url":"https:\/\/secure.gravatar.com\/avatar\/ff927e44276052255fa51b438cd49d6bee71e07c0621a998717cee201e5d2fff?s=96&d=blank&r=g","contentUrl":"https:\/\/secure.gravatar.com\/avatar\/ff927e44276052255fa51b438cd49d6bee71e07c0621a998717cee201e5d2fff?s=96&d=blank&r=g","caption":"Mitarbeiter:in"},"url":"https:\/\/www.hotstegs-recht.de\/?author=4"}]}},"amp_enabled":true,"_links":{"self":[{"href":"https:\/\/www.hotstegs-recht.de\/index.php?rest_route=\/wp\/v2\/posts\/2224","targetHints":{"allow":["GET"]}}],"collection":[{"href":"https:\/\/www.hotstegs-recht.de\/index.php?rest_route=\/wp\/v2\/posts"}],"about":[{"href":"https:\/\/www.hotstegs-recht.de\/index.php?rest_route=\/wp\/v2\/types\/post"}],"author":[{"embeddable":true,"href":"https:\/\/www.hotstegs-recht.de\/index.php?rest_route=\/wp\/v2\/users\/4"}],"replies":[{"embeddable":true,"href":"https:\/\/www.hotstegs-recht.de\/index.php?rest_route=%2Fwp%2Fv2%2Fcomments&post=2224"}],"version-history":[{"count":0,"href":"https:\/\/www.hotstegs-recht.de\/index.php?rest_route=\/wp\/v2\/posts\/2224\/revisions"}],"wp:attachment":[{"href":"https:\/\/www.hotstegs-recht.de\/index.php?rest_route=%2Fwp%2Fv2%2Fmedia&parent=2224"}],"wp:term":[{"taxonomy":"category","embeddable":true,"href":"https:\/\/www.hotstegs-recht.de\/index.php?rest_route=%2Fwp%2Fv2%2Fcategories&post=2224"},{"taxonomy":"post_tag","embeddable":true,"href":"https:\/\/www.hotstegs-recht.de\/index.php?rest_route=%2Fwp%2Fv2%2Ftags&post=2224"}],"curies":[{"name":"wp","href":"https:\/\/api.w.org\/{rel}","templated":true}]}}