{"id":1811,"date":"2013-04-09T19:53:52","date_gmt":"2013-04-09T17:53:52","guid":{"rendered":"http:\/\/www.obst-hotstegs.de\/?p=1811"},"modified":"2013-04-19T20:00:59","modified_gmt":"2013-04-19T18:00:59","slug":"center-widerstand-formiert-sich-aber-wo-war-das-kcn-kurier-am-sonntag-v-09-03-2013","status":"publish","type":"post","link":"https:\/\/www.hotstegs-recht.de\/?p=1811","title":{"rendered":"Center-Widerstand formiert sich, aber wo war das KCN?, Kurier am Sonntag v. 09.04.2013"},"content":{"rendered":"<p>Es war ganz sch\u00f6n voll im Konferenzraum von MIT Gesundheit an der Stechbahn in Kleve. Ca. 50 B\u00fcrger trafen sich, um den Widerstand gegen die geplante Center-Entwicklung auf dem Minoritenplatz zu organisieren.<\/p>\n<p>Klar ist schon jetzt, dass es ein B\u00fcrgerbegehren geben wird, das letztlich in einem B\u00fcrgerentscheid m\u00fcnden kann.<!--more--><\/p>\n<p>Interessant war f\u00fcr mich, wer da war und wer nicht.<\/p>\n<p>Aufmerksame Zuh\u00f6rer, hinten Max Knippert, vorne Fabian Merges.Stark vertreten war die Fraktion der Offenen Klever: Fraktionschef Paul Zigan, Ex-Ratsdame Annegret Fuchs sowie die sachkundigen B\u00fcrger Fabian Merges und Vater Dr. Josef Merges (als MIT-Chef quasi Gastgeber). Auff\u00e4llig viele K\u00fcnstler und Intellektuelle waren gekommen: Architekt Franz-Rudolf Cr\u00e4mer, Theater-Chef Wolfgang Paterok, K\u00fcnstler Max Knippert, Fotograf Udo Kleinendonk, K\u00fcnstlehrerin Paula Backhaus u.a.<\/p>\n<p>Etwas mager vertreten die H\u00e4ndlerschaft: Aufgefallen sind mir nur Michael Kotters und Barbara Pauls. Daf\u00fcr aber niemand vom KCN-Vorstand (J\u00f6rg Hopmans war bei der zeitgleichen Gr\u00fcndung der AG Neue Mitte\/Hagsche Stra\u00dfe). F\u00fcr mich ist das einigerma\u00dfen r\u00e4tselhaft. Ich kenne das aus meiner fr\u00fcheren T\u00e4tigkeit, dass es vor allem die \u00f6rtlichen Einzelh\u00e4ndler sind, die eine Centerentwicklung f\u00fcrchten und deshalb oft die treibenden Kr\u00e4fte einer Protestbewegung sind.<\/p>\n<p>Das ist in Kleve definitiv nicht der Fall.<\/p>\n<p>KCN-Chef J\u00f6rg Hopmans fordert bekanntlich eine Vertr\u00e4glichkeitsstudie zur geplanten Center-Entwicklung. So berechtigt diese Forderung ist &#8211; vielleicht w\u00e4re doch mal eine KCN-Mitgliederbefragung f\u00e4llig..?<\/p>\n<p>Anwalt Robert Hotstegs vom Verein Mehr Demokratie.Aber zur\u00fcck zur Protestbewegung: Dass sich so viele B\u00fcrger engagieren wollen, ist erstmal stark. Und unabh\u00e4ngig davon, auf welcher Seite man steht, ist es auch gelebte Demokratie. Die Resignation und Teilnahmslosigkeit wird ja oft bem\u00e4ngelt &#8211; jetzt scheint es ein Thema zu geben, dass Menschen bewegt. Wie schlagkr\u00e4ftig die Gruppe sein wird, muss sich aber erst noch zeigen. Genauso wie die Frage, ob der Protest auch R\u00fcckhalt in der Bev\u00f6lkerung finden wird.<\/p>\n<p>Das wird das B\u00fcrgerbegehren zeigen, um das es gestern vor allem ging. Es gab einen Vortrag von Rechtsanwalt Robert Hotstegs vom Verein Mehr Demokratie (Foto), der der Versammlung erkl\u00e4rte wie man ein B\u00fcrgerbegehren und damit auch einen B\u00fcrgerentscheid organisiert und welche H\u00fcrden es da so gibt. Auf alle F\u00e4lle eine ganze Menge. Hotstegs machte auch klar, dass die Verwaltung unter Umst\u00e4nden alle rechtlichen Register ziehen wird, um das B\u00fcrgerbegehren zu vereiteln. F\u00fcr die meisten Anwesenden war zumindest das keine \u00dcberraschung. Dass der Rat aber auch selbst einen B\u00fcrgerentscheid auf den Weg bringen kann, das war schon eine \u00dcberraschung. Ich halte das aber f\u00fcr Kleve f\u00fcr einigerma\u00dfen unwahrscheinlich. Immerhin muss das mit Zweidrittel-Mehrheit im Rat entschieden werden. Der Rat der Stadt Kleve hat 49 stimmberechtige Mitglieder (mit B\u00fcrgermeister) &#8211; die CDU hat mit B\u00fcrgermeister allein schon 24 Stimmen.<\/p>\n<p>Die B\u00fcrgergruppe wird also um die m\u00fchevolle Arbeit des Unterschriftensammelns (im ersten Schritt 3.000 St\u00fcck) wohl nicht herumkommen. Darum herum soll es noch viele Aktionen und Veranstaltungen geben, um die Aufmerksamkeit hoch zu halten.<\/p>\n<p>Besonders die K\u00fcnstler-Fraktion stand nach dem gestrigen Treffen noch lange zusammen und entwickelte erste Ideen. Sie werden sich bereits am Donnerstag im kleinen Kreis wieder treffen, um Ideen vorzubereiten, die den anderen Mitstreitern dann eine Woche sp\u00e4ter pr\u00e4sentiert werden sollen: Das n\u00e4chste Treffen der gesamten Gruppe ist am Montag, 15. April, zur f\u00fcr H\u00e4ndler angenehmeren Uhrzeit um 19 Uhr wieder bei MIT Gesundheit, Stechbahn 20-22 in Kleve.<\/p>\n<p>Olaf Plotke, 9. April 2013<\/p>\n","protected":false},"excerpt":{"rendered":"<p>Es war ganz sch\u00f6n voll im Konferenzraum von MIT Gesundheit an der Stechbahn in Kleve. Ca. 50 B\u00fcrger trafen sich, um den Widerstand gegen die geplante Center-Entwicklung auf dem Minoritenplatz zu organisieren. Klar ist schon jetzt, dass es ein B\u00fcrgerbegehren geben wird, das letztlich in einem B\u00fcrgerentscheid m\u00fcnden kann.<\/p>\n","protected":false},"author":4,"featured_media":0,"comment_status":"closed","ping_status":"closed","sticky":false,"template":"","format":"standard","meta":{"footnotes":""},"categories":[4,9,16],"tags":[],"class_list":["post-1811","post","type-post","status-publish","format-standard","hentry","category-aktuelles","category-presse","category-burgerbeteiligung"],"yoast_head":"<!-- This site is optimized with the Yoast SEO plugin v27.4 - https:\/\/yoast.com\/product\/yoast-seo-wordpress\/ -->\n<title>Center-Widerstand formiert sich, aber wo war das KCN?, Kurier am Sonntag v. 09.04.2013 - Hotstegs Rechtsanwaltsgesellschaft | Rechtsanw\u00e4lt:innen und Fachanw\u00e4lt:innen f\u00fcr Verwaltungsrecht<\/title>\n<meta name=\"description\" content=\"- Termine unter Tel. 0211 \/ 497657-16\" \/>\n<meta name=\"robots\" content=\"index, follow, max-snippet:-1, max-image-preview:large, max-video-preview:-1\" \/>\n<link rel=\"canonical\" href=\"https:\/\/www.hotstegs-recht.de\/?p=1811\" \/>\n<meta property=\"og:locale\" content=\"de_DE\" \/>\n<meta property=\"og:type\" content=\"article\" \/>\n<meta property=\"og:title\" content=\"Center-Widerstand formiert sich, aber wo war das KCN?, Kurier am Sonntag v. 09.04.2013 - Hotstegs Rechtsanwaltsgesellschaft | Rechtsanw\u00e4lt:innen und Fachanw\u00e4lt:innen f\u00fcr Verwaltungsrecht\" \/>\n<meta property=\"og:description\" content=\"- Termine unter Tel. 0211 \/ 497657-16\" \/>\n<meta property=\"og:url\" content=\"https:\/\/www.hotstegs-recht.de\/?p=1811\" \/>\n<meta property=\"og:site_name\" content=\"Hotstegs Rechtsanwaltsgesellschaft | Rechtsanw\u00e4lt:innen und Fachanw\u00e4lt:innen f\u00fcr Verwaltungsrecht\" \/>\n<meta property=\"article:publisher\" content=\"https:\/\/www.facebook.com\/hotstegs.recht\" \/>\n<meta property=\"article:published_time\" content=\"2013-04-09T17:53:52+00:00\" \/>\n<meta property=\"article:modified_time\" content=\"2013-04-19T18:00:59+00:00\" \/>\n<meta name=\"author\" content=\"Mitarbeiter:in\" \/>\n<meta name=\"twitter:card\" content=\"summary_large_image\" \/>\n<meta name=\"twitter:creator\" content=\"@hotstegs_recht\" \/>\n<meta name=\"twitter:site\" content=\"@hotstegs_recht\" \/>\n<meta name=\"twitter:label1\" content=\"Verfasst von\" \/>\n\t<meta name=\"twitter:data1\" content=\"Mitarbeiter:in\" \/>\n\t<meta name=\"twitter:label2\" content=\"Gesch\u00e4tzte Lesezeit\" \/>\n\t<meta name=\"twitter:data2\" content=\"3\u00a0Minuten\" \/>\n<!-- \/ Yoast SEO plugin. -->","yoast_head_json":{"title":"Center-Widerstand formiert sich, aber wo war das KCN?, Kurier am Sonntag v. 09.04.2013 - Hotstegs Rechtsanwaltsgesellschaft | Rechtsanw\u00e4lt:innen und Fachanw\u00e4lt:innen f\u00fcr Verwaltungsrecht","description":"- Termine unter Tel. 0211 \/ 497657-16","robots":{"index":"index","follow":"follow","max-snippet":"max-snippet:-1","max-image-preview":"max-image-preview:large","max-video-preview":"max-video-preview:-1"},"canonical":"https:\/\/www.hotstegs-recht.de\/?p=1811","og_locale":"de_DE","og_type":"article","og_title":"Center-Widerstand formiert sich, aber wo war das KCN?, Kurier am Sonntag v. 09.04.2013 - Hotstegs Rechtsanwaltsgesellschaft | Rechtsanw\u00e4lt:innen und Fachanw\u00e4lt:innen f\u00fcr Verwaltungsrecht","og_description":"- Termine unter Tel. 0211 \/ 497657-16","og_url":"https:\/\/www.hotstegs-recht.de\/?p=1811","og_site_name":"Hotstegs Rechtsanwaltsgesellschaft | Rechtsanw\u00e4lt:innen und Fachanw\u00e4lt:innen f\u00fcr Verwaltungsrecht","article_publisher":"https:\/\/www.facebook.com\/hotstegs.recht","article_published_time":"2013-04-09T17:53:52+00:00","article_modified_time":"2013-04-19T18:00:59+00:00","author":"Mitarbeiter:in","twitter_card":"summary_large_image","twitter_creator":"@hotstegs_recht","twitter_site":"@hotstegs_recht","twitter_misc":{"Verfasst von":"Mitarbeiter:in","Gesch\u00e4tzte Lesezeit":"3\u00a0Minuten"},"schema":{"@context":"https:\/\/schema.org","@graph":[{"@type":"Article","@id":"https:\/\/www.hotstegs-recht.de\/?p=1811#article","isPartOf":{"@id":"https:\/\/www.hotstegs-recht.de\/?p=1811"},"author":{"name":"Mitarbeiter:in","@id":"https:\/\/www.hotstegs-recht.de\/#\/schema\/person\/18c7a8260c2d9ded2b8308feab0990a2"},"headline":"Center-Widerstand formiert sich, aber wo war das KCN?, Kurier am Sonntag v. 09.04.2013","datePublished":"2013-04-09T17:53:52+00:00","dateModified":"2013-04-19T18:00:59+00:00","mainEntityOfPage":{"@id":"https:\/\/www.hotstegs-recht.de\/?p=1811"},"wordCount":604,"publisher":{"@id":"https:\/\/www.hotstegs-recht.de\/#organization"},"articleSection":["Aktuelles","Presse","B\u00fcrgerbeteiligung"],"inLanguage":"de"},{"@type":"WebPage","@id":"https:\/\/www.hotstegs-recht.de\/?p=1811","url":"https:\/\/www.hotstegs-recht.de\/?p=1811","name":"Center-Widerstand formiert sich, aber wo war das KCN?, Kurier am Sonntag v. 09.04.2013 - Hotstegs Rechtsanwaltsgesellschaft | Rechtsanw\u00e4lt:innen und Fachanw\u00e4lt:innen f\u00fcr Verwaltungsrecht","isPartOf":{"@id":"https:\/\/www.hotstegs-recht.de\/#website"},"datePublished":"2013-04-09T17:53:52+00:00","dateModified":"2013-04-19T18:00:59+00:00","description":"- Termine unter Tel. 0211 \/ 497657-16","breadcrumb":{"@id":"https:\/\/www.hotstegs-recht.de\/?p=1811#breadcrumb"},"inLanguage":"de","potentialAction":[{"@type":"ReadAction","target":["https:\/\/www.hotstegs-recht.de\/?p=1811"]}]},{"@type":"BreadcrumbList","@id":"https:\/\/www.hotstegs-recht.de\/?p=1811#breadcrumb","itemListElement":[{"@type":"ListItem","position":1,"name":"Startseite","item":"https:\/\/www.hotstegs-recht.de\/"},{"@type":"ListItem","position":2,"name":"Center-Widerstand formiert sich, aber wo war das KCN?, Kurier am Sonntag v. 09.04.2013"}]},{"@type":"WebSite","@id":"https:\/\/www.hotstegs-recht.de\/#website","url":"https:\/\/www.hotstegs-recht.de\/","name":"Hotstegs Rechtsanwaltsgesellschaft | Rechtsanw\u00e4lt:innen und Fachanw\u00e4lt:innen f\u00fcr Verwaltungsrecht","description":"\u00f6ffentliches Dienstrecht und Disziplinarverfahren | Rechtsanwalt Robert Hotstegs | Rechtsanw\u00e4ltin Sarah Nu\u00dfbaum | Rechtsanw\u00e4ltin Katharina Voigt","publisher":{"@id":"https:\/\/www.hotstegs-recht.de\/#organization"},"potentialAction":[{"@type":"SearchAction","target":{"@type":"EntryPoint","urlTemplate":"https:\/\/www.hotstegs-recht.de\/?s={search_term_string}"},"query-input":{"@type":"PropertyValueSpecification","valueRequired":true,"valueName":"search_term_string"}}],"inLanguage":"de"},{"@type":"Organization","@id":"https:\/\/www.hotstegs-recht.de\/#organization","name":"Hotstegs Rechtsanwaltsgesellschaft","url":"https:\/\/www.hotstegs-recht.de\/","logo":{"@type":"ImageObject","inLanguage":"de","@id":"https:\/\/www.hotstegs-recht.de\/#\/schema\/logo\/image\/","url":"https:\/\/www.hotstegs-recht.de\/wp-content\/uploads\/2021\/09\/logo_2020.png","contentUrl":"https:\/\/www.hotstegs-recht.de\/wp-content\/uploads\/2021\/09\/logo_2020.png","width":180,"height":51,"caption":"Hotstegs Rechtsanwaltsgesellschaft"},"image":{"@id":"https:\/\/www.hotstegs-recht.de\/#\/schema\/logo\/image\/"},"sameAs":["https:\/\/www.facebook.com\/hotstegs.recht","https:\/\/x.com\/hotstegs_recht","https:\/\/www.instagram.com\/hotstegs.recht","https:\/\/de.linkedin.com\/company\/hotstegs-recht"]},{"@type":"Person","@id":"https:\/\/www.hotstegs-recht.de\/#\/schema\/person\/18c7a8260c2d9ded2b8308feab0990a2","name":"Mitarbeiter:in","image":{"@type":"ImageObject","inLanguage":"de","@id":"https:\/\/secure.gravatar.com\/avatar\/ff927e44276052255fa51b438cd49d6bee71e07c0621a998717cee201e5d2fff?s=96&d=blank&r=g","url":"https:\/\/secure.gravatar.com\/avatar\/ff927e44276052255fa51b438cd49d6bee71e07c0621a998717cee201e5d2fff?s=96&d=blank&r=g","contentUrl":"https:\/\/secure.gravatar.com\/avatar\/ff927e44276052255fa51b438cd49d6bee71e07c0621a998717cee201e5d2fff?s=96&d=blank&r=g","caption":"Mitarbeiter:in"},"url":"https:\/\/www.hotstegs-recht.de\/?author=4"}]}},"amp_enabled":true,"_links":{"self":[{"href":"https:\/\/www.hotstegs-recht.de\/index.php?rest_route=\/wp\/v2\/posts\/1811","targetHints":{"allow":["GET"]}}],"collection":[{"href":"https:\/\/www.hotstegs-recht.de\/index.php?rest_route=\/wp\/v2\/posts"}],"about":[{"href":"https:\/\/www.hotstegs-recht.de\/index.php?rest_route=\/wp\/v2\/types\/post"}],"author":[{"embeddable":true,"href":"https:\/\/www.hotstegs-recht.de\/index.php?rest_route=\/wp\/v2\/users\/4"}],"replies":[{"embeddable":true,"href":"https:\/\/www.hotstegs-recht.de\/index.php?rest_route=%2Fwp%2Fv2%2Fcomments&post=1811"}],"version-history":[{"count":0,"href":"https:\/\/www.hotstegs-recht.de\/index.php?rest_route=\/wp\/v2\/posts\/1811\/revisions"}],"wp:attachment":[{"href":"https:\/\/www.hotstegs-recht.de\/index.php?rest_route=%2Fwp%2Fv2%2Fmedia&parent=1811"}],"wp:term":[{"taxonomy":"category","embeddable":true,"href":"https:\/\/www.hotstegs-recht.de\/index.php?rest_route=%2Fwp%2Fv2%2Fcategories&post=1811"},{"taxonomy":"post_tag","embeddable":true,"href":"https:\/\/www.hotstegs-recht.de\/index.php?rest_route=%2Fwp%2Fv2%2Ftags&post=1811"}],"curies":[{"name":"wp","href":"https:\/\/api.w.org\/{rel}","templated":true}]}}