{"id":1784,"date":"2013-04-10T15:31:12","date_gmt":"2013-04-10T13:31:12","guid":{"rendered":"http:\/\/www.obst-hotstegs.de\/?p=1784"},"modified":"2013-04-10T15:31:12","modified_gmt":"2013-04-10T13:31:12","slug":"kcn-neutrales-minoritenplatz-gutachten-rheinische-post-v-10-04-2013","status":"publish","type":"post","link":"https:\/\/www.hotstegs-recht.de\/?p=1784","title":{"rendered":"KCN: Neutrales Minoritenplatz\u2013Gutachten, Rheinische Post v. 10.04.2013"},"content":{"rendered":"<p>VON DIETER DORMANN UND JENS HELMUS<\/p>\n<p>Kleve (RP). Auf Plakaten, die in Gesch\u00e4ften h\u00e4ngen, wird eine &#8222;Denkpause&#8220; f\u00fcr die Neugestaltung der Unterstadt gefordert. Die Initiatoren planen ein B\u00fcrgerbegehren. Das Klever City Netzwerk (KCN) will, dass Folgen des Projektes ermittelt werden.<!--more--><\/p>\n<p>Die Schlagzeilen, die die neue Planung des m\u00f6glichen Minoritenplatz-Investors Sontowski &amp; Partner Mitte M\u00e4rz gemacht hatten, haben bei manchem den Eindruck entstehen lassen: Endlich ist es vollbracht. Endlich gibt es ein Modell, das allen gef\u00e4llt. &#8222;Akzeptabler Entwurf&#8220;, befand CDU-Fraktionschef Udo Janssen. &#8222;Eindeutig sch\u00f6ner&#8220;, urteilte Hedwig Meyer-Wilmes, Fraktionschefin der Gr\u00fcnen. &#8222;Positiv \u00fcberrascht&#8220; war SPD-Fraktionschef Alexander Frantz. Wer aber auch die S\u00e4tze danach registrierte, dem kamen schon damals Zweifel. Stets hie\u00df es: &#8222;Der Besatz entscheidet.&#8220;<\/p>\n<p>Gut drei Wochen sind seither vergangen \u2013 und die Stimmung in Sachen Minoritenplatz kippt wieder einmal. Auf den Stra\u00dfen wird der Meinungswandel sichtbar. In immer mehr Fachgesch\u00e4ften in der City mahnen Plakate: &#8222;Denkpause f\u00fcr die Innenstadt. So nicht! Keine Baus\u00fcnden auf dem Klever Minoritenplatz. Kleve hat genug davon.&#8220; Gestartet hat die Initiative Barbara Pauls vom Geschenke- und Wohnaccessoirs-Gesch\u00e4ft Gasthaus.<\/p>\n<p>Bei einem Treffen der Initiative am Montag informierte der D\u00fcsseldorfer Jurist Robert Hotstegs, Fachanwalt f\u00fcr Verwaltungsrecht und Mitglied des Landesvorstandes des Vereins &#8222;Mehr Demokratie&#8220;, \u00fcber die Chancen eines B\u00fcrgerbegehrens und -entscheides. Dazu w\u00e4ren in einer 50 000-Einwohnerstadt wie Kleve etwa 3000 B\u00fcrger-Unterschriften n\u00f6tig. Zudem besteht laut Robert Hotstegs die M\u00f6glichkeit, dass der Klever Rat einen B\u00fcrgerentscheid anst\u00f6\u00dft. Das n\u00e4chste Treffen der Initiative findet am 15 April, 19 Uhr, in den R\u00e4umen der MIT Gesundheit an der Stechbahn statt.<\/p>\n<p>Der Vorsitzende des Klever City Netzwerkes (KCN), J\u00f6rg Hopmans, wollte sich gestern \u2013 ohne sich mit seinen KCN-Vorstandskollegen abgestimmt zu haben \u2013 noch nicht zu einem m\u00f6glichen B\u00fcrgerentscheid \u00e4u\u00dfern. Der &#8222;Denkpause&#8220;-Initiative steht der KCN-Chef aber keinesfalls ablehnend gegen\u00fcber. Seiner Meinung nach hat die Stadtverwaltung es vers\u00e4umt, sich mit den Auswirkungen des auf dem Minoritenplatzes geplanten Gesch\u00e4ftshauses auf die \u00fcbrige Klever Gesch\u00e4ftslandschaft zu befassen.<\/p>\n<p>&#8222;Die Stadt muss endlich ein neutrales Vertr\u00e4glichkeitsgutachten in Auftrag geben&#8220;, fordert der KCN-Vorsitzende. Bislang gebe es lediglich das &#8222;Cima&#8220;-Gutachten, das laut J\u00f6rg Hopmans mit einem kurzen Blick auf aktuellste Kernkennzahlen der Klever Wirtschaft als &#8222;Gef\u00e4lligkeitsgutachten&#8220; zu entlarven sei.<\/p>\n<p>Zwar betont der KCN-Vorsitzende, dass kein Einzelh\u00e4ndler das Sontowski-Projekt um jeden Preis verhindern wolle. Die Verwaltung m\u00fcsse aber kl\u00e4ren lassen, welche Folgen das 5800-Quadratmeter-Gesch\u00e4ftshaus auf andere Stra\u00dfen \u2013 Kavariner-, Gro\u00dfe-, Hagsche Stra\u00dfe oder Opschlag \u2013 haben wird. J\u00f6rg Hopmans bef\u00fcrchtet Schlimmes: erhebliche Umsatzeinbu\u00dfen f\u00fcr bestehende Fachgesch\u00e4fte und neue Kundenstr\u00f6me, die manche Einkaufsstra\u00dfe jegliche Laufkundschaft nehmen w\u00fcrden. &#8222;So etwas muss untersucht werden, bevor gebaut wird&#8220;, fordert der KCN-Sprecher. Denn wenn die Auswirkungen bekannt seien, k\u00f6nne man andernorts in der Stadt gegensteuern.<\/p>\n<p>Michael Kotters, in dessen Fachgesch\u00e4ft f\u00fcr Haushaltswaren auf der Kavarinerstra\u00dfe das &#8222;Denkpause&#8220;-Plakat auch h\u00e4ngt, unterst\u00fctzt die Forderung nach einem Gutachten zur Frage: &#8222;Welche Gesch\u00e4fte braucht Kleve?&#8220; Am Minoritenplatz soll seiner Ansicht nach ein Projekt &#8222;mit Gewalt&#8220; realisiert werden. Michael Kotters f\u00fcrchtet: &#8222;Nachher haben wir \u00fcberall tote Gesch\u00e4fte.&#8220;<\/p>\n<p>Susanne Rexing, Chefin im Einrichtungshaus an der Kavarinerstra\u00dfe, begr\u00fc\u00dft ebenfalls die &#8222;Denkpause&#8220;-Initiative. Sie kritisiert das im Rathaus zur B\u00fcrgerinformation ausgestellte Modell der Minoritenplatz-Planung. &#8222;Das ist viel zu klein. Keiner kann sich vorstellen, wie das mal aussehen wird&#8220;, meint die Gesch\u00e4ftsfrau und bem\u00e4ngelt auch, dass es noch keinen Termin f\u00fcr die Vorstellung der Neuplanung des Minoritenplatz-Investors in der Stadthalle gibt. Zudem vermisst sie in Kleve einen Gestaltungsbeirat, der Einflu\u00df auf die Qualit\u00e4t \u2013 nicht nur auf die des Sontowski-Neubaus \u2013 nehmen k\u00f6nnte. Ihr Fazit zur Planung der Minoritenplatz-Bebauung: &#8222;Das ist alles nicht optimal.&#8220;<\/p>\n<p>Damit es optimal werden kann, hat KCN-Vorsitzender J\u00f6rg Hopmans ein Gespr\u00e4ch mit dem Stadtk\u00e4mmerer Willibrord Haas vereinbart, in dem er sich mit der Verwaltung auf einen neutralen Gutachter f\u00fcr das Vertr\u00e4glichkeitsgutachten einigen will. Einen Termin daf\u00fcr hat J\u00f6rg Hopmans noch nicht. Dabei dr\u00e4ngt die Zeit. Dem Vernehmen nach will der Rat schon im Mai eine Entscheidung \u00fcber die Minoritenplatz-Bebauung f\u00e4llen \u2013 wenn &#8222;Denkpause&#8220;, B\u00fcrgerbegehren oder -entscheid dies nicht verhindern.<\/p>\n","protected":false},"excerpt":{"rendered":"<p>VON DIETER DORMANN UND JENS HELMUS Kleve (RP). Auf Plakaten, die in Gesch\u00e4ften h\u00e4ngen, wird eine &#8222;Denkpause&#8220; f\u00fcr die Neugestaltung der Unterstadt gefordert. Die Initiatoren planen ein B\u00fcrgerbegehren. Das Klever City Netzwerk (KCN) will, dass Folgen des Projektes ermittelt werden.<\/p>\n","protected":false},"author":4,"featured_media":0,"comment_status":"closed","ping_status":"closed","sticky":false,"template":"","format":"standard","meta":{"footnotes":""},"categories":[9,16,4],"tags":[],"class_list":["post-1784","post","type-post","status-publish","format-standard","hentry","category-presse","category-burgerbeteiligung","category-aktuelles"],"yoast_head":"<!-- This site is optimized with the Yoast SEO plugin v27.4 - https:\/\/yoast.com\/product\/yoast-seo-wordpress\/ -->\n<title>KCN: Neutrales Minoritenplatz\u2013Gutachten, Rheinische Post v. 10.04.2013 - Hotstegs Rechtsanwaltsgesellschaft | Rechtsanw\u00e4lt:innen und Fachanw\u00e4lt:innen f\u00fcr Verwaltungsrecht<\/title>\n<meta name=\"description\" content=\"- Termine unter Tel. 0211 \/ 497657-16\" \/>\n<meta name=\"robots\" content=\"index, follow, max-snippet:-1, max-image-preview:large, max-video-preview:-1\" \/>\n<link rel=\"canonical\" href=\"https:\/\/www.hotstegs-recht.de\/?p=1784\" \/>\n<meta property=\"og:locale\" content=\"de_DE\" \/>\n<meta property=\"og:type\" content=\"article\" \/>\n<meta property=\"og:title\" content=\"KCN: Neutrales Minoritenplatz\u2013Gutachten, Rheinische Post v. 10.04.2013 - Hotstegs Rechtsanwaltsgesellschaft | Rechtsanw\u00e4lt:innen und Fachanw\u00e4lt:innen f\u00fcr Verwaltungsrecht\" \/>\n<meta property=\"og:description\" content=\"- Termine unter Tel. 0211 \/ 497657-16\" \/>\n<meta property=\"og:url\" content=\"https:\/\/www.hotstegs-recht.de\/?p=1784\" \/>\n<meta property=\"og:site_name\" content=\"Hotstegs Rechtsanwaltsgesellschaft | Rechtsanw\u00e4lt:innen und Fachanw\u00e4lt:innen f\u00fcr Verwaltungsrecht\" \/>\n<meta property=\"article:publisher\" content=\"https:\/\/www.facebook.com\/hotstegs.recht\" \/>\n<meta property=\"article:published_time\" content=\"2013-04-10T13:31:12+00:00\" \/>\n<meta name=\"author\" content=\"Mitarbeiter:in\" \/>\n<meta name=\"twitter:card\" content=\"summary_large_image\" \/>\n<meta name=\"twitter:creator\" content=\"@hotstegs_recht\" \/>\n<meta name=\"twitter:site\" content=\"@hotstegs_recht\" \/>\n<meta name=\"twitter:label1\" content=\"Verfasst von\" \/>\n\t<meta name=\"twitter:data1\" content=\"Mitarbeiter:in\" \/>\n\t<meta name=\"twitter:label2\" content=\"Gesch\u00e4tzte Lesezeit\" \/>\n\t<meta name=\"twitter:data2\" content=\"4\u00a0Minuten\" \/>\n<!-- \/ Yoast SEO plugin. -->","yoast_head_json":{"title":"KCN: Neutrales Minoritenplatz\u2013Gutachten, Rheinische Post v. 10.04.2013 - Hotstegs Rechtsanwaltsgesellschaft | Rechtsanw\u00e4lt:innen und Fachanw\u00e4lt:innen f\u00fcr Verwaltungsrecht","description":"- Termine unter Tel. 0211 \/ 497657-16","robots":{"index":"index","follow":"follow","max-snippet":"max-snippet:-1","max-image-preview":"max-image-preview:large","max-video-preview":"max-video-preview:-1"},"canonical":"https:\/\/www.hotstegs-recht.de\/?p=1784","og_locale":"de_DE","og_type":"article","og_title":"KCN: Neutrales Minoritenplatz\u2013Gutachten, Rheinische Post v. 10.04.2013 - Hotstegs Rechtsanwaltsgesellschaft | Rechtsanw\u00e4lt:innen und Fachanw\u00e4lt:innen f\u00fcr Verwaltungsrecht","og_description":"- Termine unter Tel. 0211 \/ 497657-16","og_url":"https:\/\/www.hotstegs-recht.de\/?p=1784","og_site_name":"Hotstegs Rechtsanwaltsgesellschaft | Rechtsanw\u00e4lt:innen und Fachanw\u00e4lt:innen f\u00fcr Verwaltungsrecht","article_publisher":"https:\/\/www.facebook.com\/hotstegs.recht","article_published_time":"2013-04-10T13:31:12+00:00","author":"Mitarbeiter:in","twitter_card":"summary_large_image","twitter_creator":"@hotstegs_recht","twitter_site":"@hotstegs_recht","twitter_misc":{"Verfasst von":"Mitarbeiter:in","Gesch\u00e4tzte Lesezeit":"4\u00a0Minuten"},"schema":{"@context":"https:\/\/schema.org","@graph":[{"@type":"Article","@id":"https:\/\/www.hotstegs-recht.de\/?p=1784#article","isPartOf":{"@id":"https:\/\/www.hotstegs-recht.de\/?p=1784"},"author":{"name":"Mitarbeiter:in","@id":"https:\/\/www.hotstegs-recht.de\/#\/schema\/person\/18c7a8260c2d9ded2b8308feab0990a2"},"headline":"KCN: Neutrales Minoritenplatz\u2013Gutachten, Rheinische Post v. 10.04.2013","datePublished":"2013-04-10T13:31:12+00:00","mainEntityOfPage":{"@id":"https:\/\/www.hotstegs-recht.de\/?p=1784"},"wordCount":717,"publisher":{"@id":"https:\/\/www.hotstegs-recht.de\/#organization"},"articleSection":["Presse","B\u00fcrgerbeteiligung","Aktuelles"],"inLanguage":"de"},{"@type":"WebPage","@id":"https:\/\/www.hotstegs-recht.de\/?p=1784","url":"https:\/\/www.hotstegs-recht.de\/?p=1784","name":"KCN: Neutrales Minoritenplatz\u2013Gutachten, Rheinische Post v. 10.04.2013 - Hotstegs Rechtsanwaltsgesellschaft | Rechtsanw\u00e4lt:innen und Fachanw\u00e4lt:innen f\u00fcr Verwaltungsrecht","isPartOf":{"@id":"https:\/\/www.hotstegs-recht.de\/#website"},"datePublished":"2013-04-10T13:31:12+00:00","description":"- Termine unter Tel. 0211 \/ 497657-16","breadcrumb":{"@id":"https:\/\/www.hotstegs-recht.de\/?p=1784#breadcrumb"},"inLanguage":"de","potentialAction":[{"@type":"ReadAction","target":["https:\/\/www.hotstegs-recht.de\/?p=1784"]}]},{"@type":"BreadcrumbList","@id":"https:\/\/www.hotstegs-recht.de\/?p=1784#breadcrumb","itemListElement":[{"@type":"ListItem","position":1,"name":"Startseite","item":"https:\/\/www.hotstegs-recht.de\/"},{"@type":"ListItem","position":2,"name":"KCN: Neutrales Minoritenplatz\u2013Gutachten, Rheinische Post v. 10.04.2013"}]},{"@type":"WebSite","@id":"https:\/\/www.hotstegs-recht.de\/#website","url":"https:\/\/www.hotstegs-recht.de\/","name":"Hotstegs Rechtsanwaltsgesellschaft | Rechtsanw\u00e4lt:innen und Fachanw\u00e4lt:innen f\u00fcr Verwaltungsrecht","description":"\u00f6ffentliches Dienstrecht und Disziplinarverfahren | Rechtsanwalt Robert Hotstegs | Rechtsanw\u00e4ltin Sarah Nu\u00dfbaum | Rechtsanw\u00e4ltin Katharina Voigt","publisher":{"@id":"https:\/\/www.hotstegs-recht.de\/#organization"},"potentialAction":[{"@type":"SearchAction","target":{"@type":"EntryPoint","urlTemplate":"https:\/\/www.hotstegs-recht.de\/?s={search_term_string}"},"query-input":{"@type":"PropertyValueSpecification","valueRequired":true,"valueName":"search_term_string"}}],"inLanguage":"de"},{"@type":"Organization","@id":"https:\/\/www.hotstegs-recht.de\/#organization","name":"Hotstegs Rechtsanwaltsgesellschaft","url":"https:\/\/www.hotstegs-recht.de\/","logo":{"@type":"ImageObject","inLanguage":"de","@id":"https:\/\/www.hotstegs-recht.de\/#\/schema\/logo\/image\/","url":"https:\/\/www.hotstegs-recht.de\/wp-content\/uploads\/2021\/09\/logo_2020.png","contentUrl":"https:\/\/www.hotstegs-recht.de\/wp-content\/uploads\/2021\/09\/logo_2020.png","width":180,"height":51,"caption":"Hotstegs Rechtsanwaltsgesellschaft"},"image":{"@id":"https:\/\/www.hotstegs-recht.de\/#\/schema\/logo\/image\/"},"sameAs":["https:\/\/www.facebook.com\/hotstegs.recht","https:\/\/x.com\/hotstegs_recht","https:\/\/www.instagram.com\/hotstegs.recht","https:\/\/de.linkedin.com\/company\/hotstegs-recht"]},{"@type":"Person","@id":"https:\/\/www.hotstegs-recht.de\/#\/schema\/person\/18c7a8260c2d9ded2b8308feab0990a2","name":"Mitarbeiter:in","image":{"@type":"ImageObject","inLanguage":"de","@id":"https:\/\/secure.gravatar.com\/avatar\/ff927e44276052255fa51b438cd49d6bee71e07c0621a998717cee201e5d2fff?s=96&d=blank&r=g","url":"https:\/\/secure.gravatar.com\/avatar\/ff927e44276052255fa51b438cd49d6bee71e07c0621a998717cee201e5d2fff?s=96&d=blank&r=g","contentUrl":"https:\/\/secure.gravatar.com\/avatar\/ff927e44276052255fa51b438cd49d6bee71e07c0621a998717cee201e5d2fff?s=96&d=blank&r=g","caption":"Mitarbeiter:in"},"url":"https:\/\/www.hotstegs-recht.de\/?author=4"}]}},"amp_enabled":true,"_links":{"self":[{"href":"https:\/\/www.hotstegs-recht.de\/index.php?rest_route=\/wp\/v2\/posts\/1784","targetHints":{"allow":["GET"]}}],"collection":[{"href":"https:\/\/www.hotstegs-recht.de\/index.php?rest_route=\/wp\/v2\/posts"}],"about":[{"href":"https:\/\/www.hotstegs-recht.de\/index.php?rest_route=\/wp\/v2\/types\/post"}],"author":[{"embeddable":true,"href":"https:\/\/www.hotstegs-recht.de\/index.php?rest_route=\/wp\/v2\/users\/4"}],"replies":[{"embeddable":true,"href":"https:\/\/www.hotstegs-recht.de\/index.php?rest_route=%2Fwp%2Fv2%2Fcomments&post=1784"}],"version-history":[{"count":0,"href":"https:\/\/www.hotstegs-recht.de\/index.php?rest_route=\/wp\/v2\/posts\/1784\/revisions"}],"wp:attachment":[{"href":"https:\/\/www.hotstegs-recht.de\/index.php?rest_route=%2Fwp%2Fv2%2Fmedia&parent=1784"}],"wp:term":[{"taxonomy":"category","embeddable":true,"href":"https:\/\/www.hotstegs-recht.de\/index.php?rest_route=%2Fwp%2Fv2%2Fcategories&post=1784"},{"taxonomy":"post_tag","embeddable":true,"href":"https:\/\/www.hotstegs-recht.de\/index.php?rest_route=%2Fwp%2Fv2%2Ftags&post=1784"}],"curies":[{"name":"wp","href":"https:\/\/api.w.org\/{rel}","templated":true}]}}