{"id":1744,"date":"2013-03-28T19:14:53","date_gmt":"2013-03-28T18:14:53","guid":{"rendered":"http:\/\/www.obst-hotstegs.de\/?p=1744"},"modified":"2013-03-28T19:14:53","modified_gmt":"2013-03-28T18:14:53","slug":"eilantrag-zum-burgerbegehren-kolner-stadt-anzeiger-v-26-03-2013","status":"publish","type":"post","link":"https:\/\/www.hotstegs-recht.de\/?p=1744","title":{"rendered":"Eilantrag zum B\u00fcrgerbegehren, K\u00f6lner Stadt-Anzeiger v. 26.03.2013"},"content":{"rendered":"<p>Die IG Stadtentwicklung hat eine Drei-Stufen-L\u00f6sung vorgestellt, wie die Stadt selbst dem &#8222;City Outlet&#8220; gen\u00fcgend Parkpl\u00e4tze zur Verf\u00fcgung stellen kann. B\u00fcrgermeister B\u00fcttner h\u00e4lt diesen Plan aber f\u00fcr nicht realisierbar. \u00a0Von Thomas Schmitz<!--more--><\/p>\n<p><strong>Bad M\u00fcnstereifel.<\/strong> Der M\u00fcnstereifeler Stadtrat hat letzte Woche ein umfangreiches und f\u00fcr Au\u00dfenstehende recht verworrenes Grundst\u00fcckstauschgesch\u00e4ft mit den Investoren des \u201eCity Outlet\u201c abgesegnet. Damit haben die Politiker den Weg geebnet, dass zum Start des Outlet-Centers etwa 1000 neue Parkpl\u00e4tze entstehen. Diese Anzahl von Parkm\u00f6glichkeiten ist eine Bedingung daf\u00fcr, damit das Center \u00fcberhaupt er\u00f6ffnen darf.<\/p>\n<p>Die IG Stadtentwicklung spricht vom \u201ekatastrophalsten Ratsentscheid der letzten Jahre\u201c. Grundst\u00fccke mit einer Gr\u00f6\u00dfe von 25.000 Quadratmetern w\u00fcrden gegen ein 1200 Quadratmeter gro\u00dfes Grundst\u00fcck, eine Wertausgleichszahlung von 350.000 Euro, die Schaffung von Parkpl\u00e4tzen und einen Stra\u00dfenausbau vor den Hallen im Goldenen Tal im Wert von 1,2 Millionen Euro und eine j\u00e4hrliche Parkgeb\u00fchrenerstattung von 120.000 Euro getauscht. W\u00fcrde die Stadt selbst Parkpl\u00e4tze zur Verf\u00fcgung stellen, so rechnet es die IG vor, dann w\u00fcrde nach f\u00fcnf Jahren ein Gewinn von fast vier Millionen Euro, nach zehn Jahren ein Gewinn von \u00fcber zehn Millionen Euro herausspringen.<\/p>\n<p>Daf\u00fcr hat die IG eine Drei-Stufen-L\u00f6sung vorgeschlagen. Die Stadt solle in einem ersten Schritt die vorhandenen Parkfl\u00e4chen nutzen und in einem zweiten die Wiese im Goldenen Tal aufschottern lassen und nur von den Kunden des Outlet-Centers Parkgeb\u00fchren verlangen.<\/p>\n<p>Diese Bauma\u00dfnahme k\u00f6nnte im Haushalt verankert werden und im Rahmen eines Haushaltssicherungskonzeptes aufgef\u00fchrt werden. Sollte dieses im Sommer genehmigt werden, dann k\u00f6nne man die Schotterparkpl\u00e4tze innerhalb von vier Wochen errichten. In einem dritten Schritt w\u00e4re der Bau eines Parkdecks auf dem Eifelbad-Parkplatz denkbar.<\/p>\n<p>B\u00fcrgermeister Alexander B\u00fcttner sieht das anders. Die Drei-Stufen-L\u00f6sung der IG Stadtentwicklung bestehe aus \u201egro\u00dfem Wunschdenken und kleiner Sachkenntnis\u201c. Schon der erste Schritt, die Nutzung der vorhandenen Parkfl\u00e4che, sei nicht realisierbar. Bad M\u00fcnstereifel verf\u00fcge insgesamt \u00fcber 1200 Parkpl\u00e4tze. H\u00f6chstens 300 davon k\u00f6nne man dem \u201eCity Outlet\u201c zur Verf\u00fcgung stellen. \u201eSchon seit Ende 2011 ist bekannt, dass wir 1000 zus\u00e4tzliche Parkpl\u00e4tze brauchen. Wird diese Grundbedingung nicht erf\u00fcllt, kann das Outlet-Center nicht er\u00f6ffnen\u201c, so B\u00fcttner.<\/p>\n<p><strong>Bedingungen f\u00fcr Schotterparkplatz<\/strong><\/p>\n<p>Auch der zweite Schritt, die Schaffung von Schotterparkpl\u00e4tzen im Goldenen Tal, sei nicht so einfach zu realisieren, wie die IG Stadtentwicklung sich das vorstelle. Der Vorschlag, so B\u00fcttner, sei nichts Neues, die Stadt selbst habe ihn schon ins Auge gefasst. Doch der Erftverband sowie die Untere Wasserbeh\u00f6rde und die Untere Landschaftsbeh\u00f6rde des Kreises stellten Bedingungen f\u00fcr die Umsetzung. \u201eWenn man den Platz nutzen will, muss man ihn auskoffern, die gesamte Fl\u00e4che mit Folie unterlegen und anschlie\u00dfend wieder verf\u00fcllen\u201c, so B\u00fcttner. Au\u00dferdem m\u00fcsse man f\u00fcr eine Entw\u00e4sserung sorgen.<\/p>\n<p>Rund 400.000 Euro kostet das alles. Einen Kredit d\u00fcrfe man nicht aufnehmen. B\u00fcttner wiederholte, dass dieses Vorhaben zwar in den Haushalt aufgenommen werden k\u00f6nnte. Ein anschlie\u00dfendes Haushaltssicherungskonzept w\u00fcrde aber voraussichtlich erst Ende Juli genehmigt. Erst dann k\u00f6nne man mit dem Bau der Parkpl\u00e4tze beginnen. Doch fertig seien sie zur geplanten Er\u00f6ffnung des \u201eCity Outlet\u201c nicht. Unterst\u00fctzung erh\u00e4lt B\u00fcttner von seiner Partei, der CDU, die in einer Pressemitteilung schreibt: \u201eWenn sich diese unsinnige Idee einiger selbst ernannter Stadtentwickler durchsetzen w\u00fcrde, w\u00fcrden in Bad M\u00fcnstereifel die Lichter ausgehen.\u201c<\/p>\n<p>Die IG Stadtentwicklung hat, wie bereits berichtet, ein B\u00fcrgerbegehren eingeleitet mit dem Ziel, dass die Grundst\u00fccke im st\u00e4dtischen Besitz bleiben. Weil der Ratsbeschluss schnell umgesetzt werden soll, ist jetzt ein Eilantrag eingereicht worden. Nur so k\u00f6nne gew\u00e4hrleistet werden, dass ein B\u00fcrgerbegehren nicht unterlaufen werde, hie\u00df es. Wenn die Vertr\u00e4ge unterzeichnet seien, so der zust\u00e4ndige Rechtsanwalt Robert Hotstegs, w\u00fcrde die Unterschriftensammlung ins Leere laufen.<\/p>\n","protected":false},"excerpt":{"rendered":"<p>Die IG Stadtentwicklung hat eine Drei-Stufen-L\u00f6sung vorgestellt, wie die Stadt selbst dem &#8222;City Outlet&#8220; gen\u00fcgend Parkpl\u00e4tze zur Verf\u00fcgung stellen kann. B\u00fcrgermeister B\u00fcttner h\u00e4lt diesen Plan aber f\u00fcr nicht realisierbar. \u00a0Von Thomas Schmitz<\/p>\n","protected":false},"author":4,"featured_media":0,"comment_status":"closed","ping_status":"closed","sticky":false,"template":"","format":"standard","meta":{"footnotes":""},"categories":[4,9,16],"tags":[],"class_list":["post-1744","post","type-post","status-publish","format-standard","hentry","category-aktuelles","category-presse","category-burgerbeteiligung"],"yoast_head":"<!-- This site is optimized with the Yoast SEO plugin v27.4 - https:\/\/yoast.com\/product\/yoast-seo-wordpress\/ -->\n<title>Eilantrag zum B\u00fcrgerbegehren, K\u00f6lner Stadt-Anzeiger v. 26.03.2013 - Hotstegs Rechtsanwaltsgesellschaft | Rechtsanw\u00e4lt:innen und Fachanw\u00e4lt:innen f\u00fcr Verwaltungsrecht<\/title>\n<meta name=\"description\" content=\"- Termine unter Tel. 0211 \/ 497657-16\" \/>\n<meta name=\"robots\" content=\"index, follow, max-snippet:-1, max-image-preview:large, max-video-preview:-1\" \/>\n<link rel=\"canonical\" href=\"https:\/\/www.hotstegs-recht.de\/?p=1744\" \/>\n<meta property=\"og:locale\" content=\"de_DE\" \/>\n<meta property=\"og:type\" content=\"article\" \/>\n<meta property=\"og:title\" content=\"Eilantrag zum B\u00fcrgerbegehren, K\u00f6lner Stadt-Anzeiger v. 26.03.2013 - Hotstegs Rechtsanwaltsgesellschaft | Rechtsanw\u00e4lt:innen und Fachanw\u00e4lt:innen f\u00fcr Verwaltungsrecht\" \/>\n<meta property=\"og:description\" content=\"- Termine unter Tel. 0211 \/ 497657-16\" \/>\n<meta property=\"og:url\" content=\"https:\/\/www.hotstegs-recht.de\/?p=1744\" \/>\n<meta property=\"og:site_name\" content=\"Hotstegs Rechtsanwaltsgesellschaft | Rechtsanw\u00e4lt:innen und Fachanw\u00e4lt:innen f\u00fcr Verwaltungsrecht\" \/>\n<meta property=\"article:publisher\" content=\"https:\/\/www.facebook.com\/hotstegs.recht\" \/>\n<meta property=\"article:published_time\" content=\"2013-03-28T18:14:53+00:00\" \/>\n<meta name=\"author\" content=\"Mitarbeiter:in\" \/>\n<meta name=\"twitter:card\" content=\"summary_large_image\" \/>\n<meta name=\"twitter:creator\" content=\"@hotstegs_recht\" \/>\n<meta name=\"twitter:site\" content=\"@hotstegs_recht\" \/>\n<meta name=\"twitter:label1\" content=\"Verfasst von\" \/>\n\t<meta name=\"twitter:data1\" content=\"Mitarbeiter:in\" \/>\n\t<meta name=\"twitter:label2\" content=\"Gesch\u00e4tzte Lesezeit\" \/>\n\t<meta name=\"twitter:data2\" content=\"3\u00a0Minuten\" \/>\n<!-- \/ Yoast SEO plugin. -->","yoast_head_json":{"title":"Eilantrag zum B\u00fcrgerbegehren, K\u00f6lner Stadt-Anzeiger v. 26.03.2013 - Hotstegs Rechtsanwaltsgesellschaft | Rechtsanw\u00e4lt:innen und Fachanw\u00e4lt:innen f\u00fcr Verwaltungsrecht","description":"- Termine unter Tel. 0211 \/ 497657-16","robots":{"index":"index","follow":"follow","max-snippet":"max-snippet:-1","max-image-preview":"max-image-preview:large","max-video-preview":"max-video-preview:-1"},"canonical":"https:\/\/www.hotstegs-recht.de\/?p=1744","og_locale":"de_DE","og_type":"article","og_title":"Eilantrag zum B\u00fcrgerbegehren, K\u00f6lner Stadt-Anzeiger v. 26.03.2013 - Hotstegs Rechtsanwaltsgesellschaft | Rechtsanw\u00e4lt:innen und Fachanw\u00e4lt:innen f\u00fcr Verwaltungsrecht","og_description":"- Termine unter Tel. 0211 \/ 497657-16","og_url":"https:\/\/www.hotstegs-recht.de\/?p=1744","og_site_name":"Hotstegs Rechtsanwaltsgesellschaft | Rechtsanw\u00e4lt:innen und Fachanw\u00e4lt:innen f\u00fcr Verwaltungsrecht","article_publisher":"https:\/\/www.facebook.com\/hotstegs.recht","article_published_time":"2013-03-28T18:14:53+00:00","author":"Mitarbeiter:in","twitter_card":"summary_large_image","twitter_creator":"@hotstegs_recht","twitter_site":"@hotstegs_recht","twitter_misc":{"Verfasst von":"Mitarbeiter:in","Gesch\u00e4tzte Lesezeit":"3\u00a0Minuten"},"schema":{"@context":"https:\/\/schema.org","@graph":[{"@type":"Article","@id":"https:\/\/www.hotstegs-recht.de\/?p=1744#article","isPartOf":{"@id":"https:\/\/www.hotstegs-recht.de\/?p=1744"},"author":{"name":"Mitarbeiter:in","@id":"https:\/\/www.hotstegs-recht.de\/#\/schema\/person\/18c7a8260c2d9ded2b8308feab0990a2"},"headline":"Eilantrag zum B\u00fcrgerbegehren, K\u00f6lner Stadt-Anzeiger v. 26.03.2013","datePublished":"2013-03-28T18:14:53+00:00","mainEntityOfPage":{"@id":"https:\/\/www.hotstegs-recht.de\/?p=1744"},"wordCount":663,"publisher":{"@id":"https:\/\/www.hotstegs-recht.de\/#organization"},"articleSection":["Aktuelles","Presse","B\u00fcrgerbeteiligung"],"inLanguage":"de"},{"@type":"WebPage","@id":"https:\/\/www.hotstegs-recht.de\/?p=1744","url":"https:\/\/www.hotstegs-recht.de\/?p=1744","name":"Eilantrag zum B\u00fcrgerbegehren, K\u00f6lner Stadt-Anzeiger v. 26.03.2013 - Hotstegs Rechtsanwaltsgesellschaft | Rechtsanw\u00e4lt:innen und Fachanw\u00e4lt:innen f\u00fcr Verwaltungsrecht","isPartOf":{"@id":"https:\/\/www.hotstegs-recht.de\/#website"},"datePublished":"2013-03-28T18:14:53+00:00","description":"- Termine unter Tel. 0211 \/ 497657-16","breadcrumb":{"@id":"https:\/\/www.hotstegs-recht.de\/?p=1744#breadcrumb"},"inLanguage":"de","potentialAction":[{"@type":"ReadAction","target":["https:\/\/www.hotstegs-recht.de\/?p=1744"]}]},{"@type":"BreadcrumbList","@id":"https:\/\/www.hotstegs-recht.de\/?p=1744#breadcrumb","itemListElement":[{"@type":"ListItem","position":1,"name":"Startseite","item":"https:\/\/www.hotstegs-recht.de\/"},{"@type":"ListItem","position":2,"name":"Eilantrag zum B\u00fcrgerbegehren, K\u00f6lner Stadt-Anzeiger v. 26.03.2013"}]},{"@type":"WebSite","@id":"https:\/\/www.hotstegs-recht.de\/#website","url":"https:\/\/www.hotstegs-recht.de\/","name":"Hotstegs Rechtsanwaltsgesellschaft | Rechtsanw\u00e4lt:innen und Fachanw\u00e4lt:innen f\u00fcr Verwaltungsrecht","description":"\u00f6ffentliches Dienstrecht und Disziplinarverfahren | Rechtsanwalt Robert Hotstegs | Rechtsanw\u00e4ltin Sarah Nu\u00dfbaum | Rechtsanw\u00e4ltin Katharina Voigt","publisher":{"@id":"https:\/\/www.hotstegs-recht.de\/#organization"},"potentialAction":[{"@type":"SearchAction","target":{"@type":"EntryPoint","urlTemplate":"https:\/\/www.hotstegs-recht.de\/?s={search_term_string}"},"query-input":{"@type":"PropertyValueSpecification","valueRequired":true,"valueName":"search_term_string"}}],"inLanguage":"de"},{"@type":"Organization","@id":"https:\/\/www.hotstegs-recht.de\/#organization","name":"Hotstegs Rechtsanwaltsgesellschaft","url":"https:\/\/www.hotstegs-recht.de\/","logo":{"@type":"ImageObject","inLanguage":"de","@id":"https:\/\/www.hotstegs-recht.de\/#\/schema\/logo\/image\/","url":"https:\/\/www.hotstegs-recht.de\/wp-content\/uploads\/2021\/09\/logo_2020.png","contentUrl":"https:\/\/www.hotstegs-recht.de\/wp-content\/uploads\/2021\/09\/logo_2020.png","width":180,"height":51,"caption":"Hotstegs Rechtsanwaltsgesellschaft"},"image":{"@id":"https:\/\/www.hotstegs-recht.de\/#\/schema\/logo\/image\/"},"sameAs":["https:\/\/www.facebook.com\/hotstegs.recht","https:\/\/x.com\/hotstegs_recht","https:\/\/www.instagram.com\/hotstegs.recht","https:\/\/de.linkedin.com\/company\/hotstegs-recht"]},{"@type":"Person","@id":"https:\/\/www.hotstegs-recht.de\/#\/schema\/person\/18c7a8260c2d9ded2b8308feab0990a2","name":"Mitarbeiter:in","image":{"@type":"ImageObject","inLanguage":"de","@id":"https:\/\/secure.gravatar.com\/avatar\/ff927e44276052255fa51b438cd49d6bee71e07c0621a998717cee201e5d2fff?s=96&d=blank&r=g","url":"https:\/\/secure.gravatar.com\/avatar\/ff927e44276052255fa51b438cd49d6bee71e07c0621a998717cee201e5d2fff?s=96&d=blank&r=g","contentUrl":"https:\/\/secure.gravatar.com\/avatar\/ff927e44276052255fa51b438cd49d6bee71e07c0621a998717cee201e5d2fff?s=96&d=blank&r=g","caption":"Mitarbeiter:in"},"url":"https:\/\/www.hotstegs-recht.de\/?author=4"}]}},"amp_enabled":true,"_links":{"self":[{"href":"https:\/\/www.hotstegs-recht.de\/index.php?rest_route=\/wp\/v2\/posts\/1744","targetHints":{"allow":["GET"]}}],"collection":[{"href":"https:\/\/www.hotstegs-recht.de\/index.php?rest_route=\/wp\/v2\/posts"}],"about":[{"href":"https:\/\/www.hotstegs-recht.de\/index.php?rest_route=\/wp\/v2\/types\/post"}],"author":[{"embeddable":true,"href":"https:\/\/www.hotstegs-recht.de\/index.php?rest_route=\/wp\/v2\/users\/4"}],"replies":[{"embeddable":true,"href":"https:\/\/www.hotstegs-recht.de\/index.php?rest_route=%2Fwp%2Fv2%2Fcomments&post=1744"}],"version-history":[{"count":0,"href":"https:\/\/www.hotstegs-recht.de\/index.php?rest_route=\/wp\/v2\/posts\/1744\/revisions"}],"wp:attachment":[{"href":"https:\/\/www.hotstegs-recht.de\/index.php?rest_route=%2Fwp%2Fv2%2Fmedia&parent=1744"}],"wp:term":[{"taxonomy":"category","embeddable":true,"href":"https:\/\/www.hotstegs-recht.de\/index.php?rest_route=%2Fwp%2Fv2%2Fcategories&post=1744"},{"taxonomy":"post_tag","embeddable":true,"href":"https:\/\/www.hotstegs-recht.de\/index.php?rest_route=%2Fwp%2Fv2%2Ftags&post=1744"}],"curies":[{"name":"wp","href":"https:\/\/api.w.org\/{rel}","templated":true}]}}