{"id":1731,"date":"2013-03-26T10:28:54","date_gmt":"2013-03-26T09:28:54","guid":{"rendered":"http:\/\/www.obst-hotstegs.de\/?p=1731"},"modified":"2013-03-26T10:28:54","modified_gmt":"2013-03-26T09:28:54","slug":"grundstuckstausch-gericht-eingeschaltet-kolnische-rundschau-v-26-03-2013","status":"publish","type":"post","link":"https:\/\/www.hotstegs-recht.de\/?p=1731","title":{"rendered":"Grundst\u00fcckstausch: Gericht eingeschaltet, K\u00f6lnische Rundschau v. 26.03.2013"},"content":{"rendered":"<p>Mit einem Eilantrag will die \u201eIG Stadtentwicklung\u201c verhindern, dass die Stadt und die Investorengruppe des City-Outlets die Ratsbeschl\u00fcsse zum sogenannten Grundst\u00fcckstausch noch vor dem beantragten B\u00fcrgerbegehren umsetzen kann.\u00a0<!--more-->Von Bernd Zimmermann<\/p>\n<p>Bad M\u00fcnstereifel. Mit einem Eilantrag beim Verwaltungsgericht Aachen will die \u201eIG Stadtentwicklung\u201c verhindern, dass die Stadt Bad M\u00fcnstereifel und die Investorengruppe des City-Outlets die Ratsbeschl\u00fcsse zum sogenannten Grundst\u00fcckstausch noch vor dem beantragten B\u00fcrgerbegehren umsetzen kann und so das B\u00fcrgerbegehren vielleicht unterlaufen wird.<\/p>\n<p>Gestern best\u00e4tigte der Sprecher des Aachener Verwaltungsgerichts, Richter Markus Lehmler, dass der Antrag, den der D\u00fcsseldorfer Rechtsanwalt Robert Hostess f\u00fcr die \u201eIG Stadtentwicklung\u201c formuliert hat, auf seinem Schreibtisch liegt. Lehmler ist gleichzeitig der zust\u00e4ndige Verwaltungsrichter.<\/p>\n<p>Jetzt habe erst einmal die Stadt Zeit, auf den Eilantrag zu reagieren und ihre Position klarzustellen. Eine genau fest gesetzte Frist gebe es daf\u00fcr nicht. Doch es sei allen Beteiligten klar, dass es sich um einen Eilantrag handele, so Lehmler. Die Bearbeitungszeit f\u00fcr Eilantr\u00e4ge liege zwischen einer Woche und im Einzelfall neun Monate.<\/p>\n<p>Norbert Heckelei von der IG Stadtentwicklung begr\u00fcndete gegen\u00fcber der Rundschau und in einem Offenen Brief an die Ratsmitglieder, warum er und seine Mitstreiter den Grundst\u00fcckstausch ablehnen, bei dem es um den Bau von Parkpl\u00e4tzen im Goldenen Tal und den Bau von Stellfl\u00e4chen sowie einer Parkpalette an der Gro\u00dfen Bleiche und der Zimmerei geht.<\/p>\n<p>Das jetzt beschlossene Konzept f\u00fchre zum Ausverkauf der Stadt, durch das B\u00fcrgerbegehren entstehe auch keine Zeitverz\u00f6gerung, wenn die Stadt sich f\u00fcr eine zun\u00e4chst moderate Verfolgung ihres Hauptzieles entscheide, n\u00e4mlich ausreichend Parkraum f\u00fcr die prognostizierte Zahl an Fahrzeugen von Kunden des City-Outlets bereitzustellen.<\/p>\n<p><strong>B\u00fcttner: IG-Plan funktioniert nicht<\/strong><\/p>\n<p>Dazu hat die IG Stadtentwicklung einen Drei-Stufen-Plan vorgelegt. Sie argumentiert weiter f\u00fcr eine kommunale Parkraumbewirtschaftung. Die Stadt, so die \u201eIG\u201c, verf\u00fcge schon \u00fcber ausreichend Parkraum und k\u00f6nne bis Herbst 2013 sogar zus\u00e4tzlichen Parkraum schaffen. Dabei machen die Mitglieder der \u201eIG Stadtentwicklung\u201c folgende Rechnung auf: Die Stadt k\u00f6nne in f\u00fcnf Jahren um 3,85 Millionen Euro reicher sein, wenn sie den Parkraum selbst bewirtschafte, in zehn Jahren seien dies schon 10,45 Millionen Euro. Dazu k\u00e4men noch die Zinsen, die eingespart w\u00fcrden sowie die Wertsteigerung der verwendeten Fl\u00e4chen. Heckelei: \u201eEin Risiko g\u00e4be es nicht, wenn man einen Stufenplan verfolgen w\u00fcrde: Erst die vorhandenen Parkfl\u00e4chen volllaufen lassen, dann die Wiese vor den Hallen soweit n\u00f6tig abschieben und aufschottern f\u00fcr Kleingeld.\u201c Parkgeb\u00fchren solle die Stadt nur von den \u201eFashion-G\u00e4sten\u201c kassieren und ansparen. Wenn das City-Outlet \u201edann brummt\u201c, solle die Stadt am Eifelbad-Parkplatz ein Parkdeck bauen.<\/p>\n<p>Bei der Stadt best\u00e4tigte Sprecherin Marita Hochg\u00fcrtel, dass der Eilantrag eingegangen sei. \u201eWir werden jetzt das Thema nach den vorgesehenen Verfahrensweisen abarbeiten.\u201c<\/p>\n<p>B\u00fcrgermeister Alexander B\u00fcttner erkl\u00e4rte: \u201eWir \u00e4u\u00dfern uns nicht zu laufenden Verfahren. Das wird alles nach Recht und Gesetz entschieden.\u201c Ganz anders aber setzt sich das Stadtoberhaupt mit dem Drei-Stufen-Plan der \u201eIG\u201c auseinander: \u201eDas klingt alles sehr sch\u00f6n. Aber das ist alles nur sch\u00f6n gerechnet, denn es ist wirklichkeitsfremd.\u201c<\/p>\n<p>Die Stadt habe sich auch \u00fcberlegt, ob sie ein Parkplatz-Provisorium bauen k\u00f6nne. Doch dazu bed\u00fcrfe es der Genehmigung durch die Untere Landschaftsbeh\u00f6rde und die Untere Wasserbeh\u00f6rde. \u201eEinfach abschieben und aufschottern geht nicht. Da muss eine Entw\u00e4sserung her. Da muss eine Folie eingebaut werden. Das kostet mindestens 400\u2005000 Euro. Geld, das die Stadt, die sich im Nothaushaltsrecht befindet, nicht verwenden darf\u201c, so B\u00fcttner.<\/p>\n<p>Der Haushalt werde Ende Mai verabschiedet, werde dann sechs bis acht Wochen von der Kommunalaufsicht gepr\u00fcft. \u201eDann ist Herbst. Im Fr\u00fchherbst aber soll das City-Outlet er\u00f6ffnen. Und das muss es auch, weil viele Gesch\u00e4fte im Mauerring ein weiteres halbes Jahr ohne das Outlet nicht \u00fcberleben. W\u00fcrde das Outlet nicht er\u00f6ffnet, blieben auch die anderen G\u00e4ste aus, weil niemand eine sterbende Stadt sehen will\u201c, so B\u00fcttner.<\/p>\n<p>Das Outlet aber werde erst er\u00f6ffnet, wenn die Stadt 1000 zus\u00e4tzliche Parkpl\u00e4tze habe. Jetzt, so B\u00fcttner, m\u00fcssten auch die Gesch\u00e4ftsleute im Mauerring langsam in Richtung City-Outlet aktiv werden.<\/p>\n","protected":false},"excerpt":{"rendered":"<p>Mit einem Eilantrag will die \u201eIG Stadtentwicklung\u201c verhindern, dass die Stadt und die Investorengruppe des City-Outlets die Ratsbeschl\u00fcsse zum sogenannten Grundst\u00fcckstausch noch vor dem beantragten B\u00fcrgerbegehren umsetzen kann.\u00a0<\/p>\n","protected":false},"author":4,"featured_media":0,"comment_status":"closed","ping_status":"closed","sticky":false,"template":"","format":"standard","meta":{"footnotes":""},"categories":[4,9,16],"tags":[],"class_list":["post-1731","post","type-post","status-publish","format-standard","hentry","category-aktuelles","category-presse","category-burgerbeteiligung"],"yoast_head":"<!-- This site is optimized with the Yoast SEO plugin v27.4 - https:\/\/yoast.com\/product\/yoast-seo-wordpress\/ -->\n<title>Grundst\u00fcckstausch: Gericht eingeschaltet, K\u00f6lnische Rundschau v. 26.03.2013 - Hotstegs Rechtsanwaltsgesellschaft | Rechtsanw\u00e4lt:innen und Fachanw\u00e4lt:innen f\u00fcr Verwaltungsrecht<\/title>\n<meta name=\"description\" content=\"- Termine unter Tel. 0211 \/ 497657-16\" \/>\n<meta name=\"robots\" content=\"index, follow, max-snippet:-1, max-image-preview:large, max-video-preview:-1\" \/>\n<link rel=\"canonical\" href=\"https:\/\/www.hotstegs-recht.de\/?p=1731\" \/>\n<meta property=\"og:locale\" content=\"de_DE\" \/>\n<meta property=\"og:type\" content=\"article\" \/>\n<meta property=\"og:title\" content=\"Grundst\u00fcckstausch: Gericht eingeschaltet, K\u00f6lnische Rundschau v. 26.03.2013 - Hotstegs Rechtsanwaltsgesellschaft | Rechtsanw\u00e4lt:innen und Fachanw\u00e4lt:innen f\u00fcr Verwaltungsrecht\" \/>\n<meta property=\"og:description\" content=\"- Termine unter Tel. 0211 \/ 497657-16\" \/>\n<meta property=\"og:url\" content=\"https:\/\/www.hotstegs-recht.de\/?p=1731\" \/>\n<meta property=\"og:site_name\" content=\"Hotstegs Rechtsanwaltsgesellschaft | Rechtsanw\u00e4lt:innen und Fachanw\u00e4lt:innen f\u00fcr Verwaltungsrecht\" \/>\n<meta property=\"article:publisher\" content=\"https:\/\/www.facebook.com\/hotstegs.recht\" \/>\n<meta property=\"article:published_time\" content=\"2013-03-26T09:28:54+00:00\" \/>\n<meta name=\"author\" content=\"Mitarbeiter:in\" \/>\n<meta name=\"twitter:card\" content=\"summary_large_image\" \/>\n<meta name=\"twitter:creator\" content=\"@hotstegs_recht\" \/>\n<meta name=\"twitter:site\" content=\"@hotstegs_recht\" \/>\n<meta name=\"twitter:label1\" content=\"Verfasst von\" \/>\n\t<meta name=\"twitter:data1\" content=\"Mitarbeiter:in\" \/>\n\t<meta name=\"twitter:label2\" content=\"Gesch\u00e4tzte Lesezeit\" \/>\n\t<meta name=\"twitter:data2\" content=\"3\u00a0Minuten\" \/>\n<!-- \/ Yoast SEO plugin. -->","yoast_head_json":{"title":"Grundst\u00fcckstausch: Gericht eingeschaltet, K\u00f6lnische Rundschau v. 26.03.2013 - Hotstegs Rechtsanwaltsgesellschaft | Rechtsanw\u00e4lt:innen und Fachanw\u00e4lt:innen f\u00fcr Verwaltungsrecht","description":"- Termine unter Tel. 0211 \/ 497657-16","robots":{"index":"index","follow":"follow","max-snippet":"max-snippet:-1","max-image-preview":"max-image-preview:large","max-video-preview":"max-video-preview:-1"},"canonical":"https:\/\/www.hotstegs-recht.de\/?p=1731","og_locale":"de_DE","og_type":"article","og_title":"Grundst\u00fcckstausch: Gericht eingeschaltet, K\u00f6lnische Rundschau v. 26.03.2013 - Hotstegs Rechtsanwaltsgesellschaft | Rechtsanw\u00e4lt:innen und Fachanw\u00e4lt:innen f\u00fcr Verwaltungsrecht","og_description":"- Termine unter Tel. 0211 \/ 497657-16","og_url":"https:\/\/www.hotstegs-recht.de\/?p=1731","og_site_name":"Hotstegs Rechtsanwaltsgesellschaft | Rechtsanw\u00e4lt:innen und Fachanw\u00e4lt:innen f\u00fcr Verwaltungsrecht","article_publisher":"https:\/\/www.facebook.com\/hotstegs.recht","article_published_time":"2013-03-26T09:28:54+00:00","author":"Mitarbeiter:in","twitter_card":"summary_large_image","twitter_creator":"@hotstegs_recht","twitter_site":"@hotstegs_recht","twitter_misc":{"Verfasst von":"Mitarbeiter:in","Gesch\u00e4tzte Lesezeit":"3\u00a0Minuten"},"schema":{"@context":"https:\/\/schema.org","@graph":[{"@type":"Article","@id":"https:\/\/www.hotstegs-recht.de\/?p=1731#article","isPartOf":{"@id":"https:\/\/www.hotstegs-recht.de\/?p=1731"},"author":{"name":"Mitarbeiter:in","@id":"https:\/\/www.hotstegs-recht.de\/#\/schema\/person\/18c7a8260c2d9ded2b8308feab0990a2"},"headline":"Grundst\u00fcckstausch: Gericht eingeschaltet, K\u00f6lnische Rundschau v. 26.03.2013","datePublished":"2013-03-26T09:28:54+00:00","mainEntityOfPage":{"@id":"https:\/\/www.hotstegs-recht.de\/?p=1731"},"wordCount":702,"publisher":{"@id":"https:\/\/www.hotstegs-recht.de\/#organization"},"articleSection":["Aktuelles","Presse","B\u00fcrgerbeteiligung"],"inLanguage":"de"},{"@type":"WebPage","@id":"https:\/\/www.hotstegs-recht.de\/?p=1731","url":"https:\/\/www.hotstegs-recht.de\/?p=1731","name":"Grundst\u00fcckstausch: Gericht eingeschaltet, K\u00f6lnische Rundschau v. 26.03.2013 - Hotstegs Rechtsanwaltsgesellschaft | Rechtsanw\u00e4lt:innen und Fachanw\u00e4lt:innen f\u00fcr Verwaltungsrecht","isPartOf":{"@id":"https:\/\/www.hotstegs-recht.de\/#website"},"datePublished":"2013-03-26T09:28:54+00:00","description":"- Termine unter Tel. 0211 \/ 497657-16","breadcrumb":{"@id":"https:\/\/www.hotstegs-recht.de\/?p=1731#breadcrumb"},"inLanguage":"de","potentialAction":[{"@type":"ReadAction","target":["https:\/\/www.hotstegs-recht.de\/?p=1731"]}]},{"@type":"BreadcrumbList","@id":"https:\/\/www.hotstegs-recht.de\/?p=1731#breadcrumb","itemListElement":[{"@type":"ListItem","position":1,"name":"Startseite","item":"https:\/\/www.hotstegs-recht.de\/"},{"@type":"ListItem","position":2,"name":"Grundst\u00fcckstausch: Gericht eingeschaltet, K\u00f6lnische Rundschau v. 26.03.2013"}]},{"@type":"WebSite","@id":"https:\/\/www.hotstegs-recht.de\/#website","url":"https:\/\/www.hotstegs-recht.de\/","name":"Hotstegs Rechtsanwaltsgesellschaft | Rechtsanw\u00e4lt:innen und Fachanw\u00e4lt:innen f\u00fcr Verwaltungsrecht","description":"\u00f6ffentliches Dienstrecht und Disziplinarverfahren | Rechtsanwalt Robert Hotstegs | Rechtsanw\u00e4ltin Sarah Nu\u00dfbaum | Rechtsanw\u00e4ltin Katharina Voigt","publisher":{"@id":"https:\/\/www.hotstegs-recht.de\/#organization"},"potentialAction":[{"@type":"SearchAction","target":{"@type":"EntryPoint","urlTemplate":"https:\/\/www.hotstegs-recht.de\/?s={search_term_string}"},"query-input":{"@type":"PropertyValueSpecification","valueRequired":true,"valueName":"search_term_string"}}],"inLanguage":"de"},{"@type":"Organization","@id":"https:\/\/www.hotstegs-recht.de\/#organization","name":"Hotstegs Rechtsanwaltsgesellschaft","url":"https:\/\/www.hotstegs-recht.de\/","logo":{"@type":"ImageObject","inLanguage":"de","@id":"https:\/\/www.hotstegs-recht.de\/#\/schema\/logo\/image\/","url":"https:\/\/www.hotstegs-recht.de\/wp-content\/uploads\/2021\/09\/logo_2020.png","contentUrl":"https:\/\/www.hotstegs-recht.de\/wp-content\/uploads\/2021\/09\/logo_2020.png","width":180,"height":51,"caption":"Hotstegs Rechtsanwaltsgesellschaft"},"image":{"@id":"https:\/\/www.hotstegs-recht.de\/#\/schema\/logo\/image\/"},"sameAs":["https:\/\/www.facebook.com\/hotstegs.recht","https:\/\/x.com\/hotstegs_recht","https:\/\/www.instagram.com\/hotstegs.recht","https:\/\/de.linkedin.com\/company\/hotstegs-recht"]},{"@type":"Person","@id":"https:\/\/www.hotstegs-recht.de\/#\/schema\/person\/18c7a8260c2d9ded2b8308feab0990a2","name":"Mitarbeiter:in","image":{"@type":"ImageObject","inLanguage":"de","@id":"https:\/\/secure.gravatar.com\/avatar\/ff927e44276052255fa51b438cd49d6bee71e07c0621a998717cee201e5d2fff?s=96&d=blank&r=g","url":"https:\/\/secure.gravatar.com\/avatar\/ff927e44276052255fa51b438cd49d6bee71e07c0621a998717cee201e5d2fff?s=96&d=blank&r=g","contentUrl":"https:\/\/secure.gravatar.com\/avatar\/ff927e44276052255fa51b438cd49d6bee71e07c0621a998717cee201e5d2fff?s=96&d=blank&r=g","caption":"Mitarbeiter:in"},"url":"https:\/\/www.hotstegs-recht.de\/?author=4"}]}},"amp_enabled":true,"_links":{"self":[{"href":"https:\/\/www.hotstegs-recht.de\/index.php?rest_route=\/wp\/v2\/posts\/1731","targetHints":{"allow":["GET"]}}],"collection":[{"href":"https:\/\/www.hotstegs-recht.de\/index.php?rest_route=\/wp\/v2\/posts"}],"about":[{"href":"https:\/\/www.hotstegs-recht.de\/index.php?rest_route=\/wp\/v2\/types\/post"}],"author":[{"embeddable":true,"href":"https:\/\/www.hotstegs-recht.de\/index.php?rest_route=\/wp\/v2\/users\/4"}],"replies":[{"embeddable":true,"href":"https:\/\/www.hotstegs-recht.de\/index.php?rest_route=%2Fwp%2Fv2%2Fcomments&post=1731"}],"version-history":[{"count":0,"href":"https:\/\/www.hotstegs-recht.de\/index.php?rest_route=\/wp\/v2\/posts\/1731\/revisions"}],"wp:attachment":[{"href":"https:\/\/www.hotstegs-recht.de\/index.php?rest_route=%2Fwp%2Fv2%2Fmedia&parent=1731"}],"wp:term":[{"taxonomy":"category","embeddable":true,"href":"https:\/\/www.hotstegs-recht.de\/index.php?rest_route=%2Fwp%2Fv2%2Fcategories&post=1731"},{"taxonomy":"post_tag","embeddable":true,"href":"https:\/\/www.hotstegs-recht.de\/index.php?rest_route=%2Fwp%2Fv2%2Ftags&post=1731"}],"curies":[{"name":"wp","href":"https:\/\/api.w.org\/{rel}","templated":true}]}}