{"id":1716,"date":"2013-03-20T18:42:50","date_gmt":"2013-03-20T17:42:50","guid":{"rendered":"http:\/\/www.obst-hotstegs.de\/?p=1716"},"modified":"2015-02-20T21:32:53","modified_gmt":"2015-02-20T20:32:53","slug":"ovg-stoppt-beforderungsrunde-fur-telekom-beamte-ovg-nrw-v-15-03-2013-az-1-b-13313","status":"publish","type":"post","link":"https:\/\/www.hotstegs-recht.de\/?p=1716","title":{"rendered":"OVG stoppt Bef\u00f6rderungsrunde f\u00fcr Telekom-Beamte, OVG NRW v. 15.03.2013, Az. 1 B 133\/13"},"content":{"rendered":"<p>Die anstehende Bef\u00f6rderungsrunde der Deutschen Telekom AG kann nicht wie geplant durchgef\u00fchrt werden. Dies hat der 1. Senat des Oberverwaltungsgerichts durch Beschluss vom 15. M\u00e4rz 2013 in einem Musterverfahren entschieden und die vorausgehende erstinstanzliche Entscheidung des Verwaltungsgerichts Gelsenkirchen best\u00e4tigt.<\/p>\n<p>Bei der Deutschen Telekom AG sind nach der Privatisierung der Deutschen Bundespost vor etwa 20 Jahren noch mehrere Tausend Beamte besch\u00e4ftigt, von denen nunmehr bundesweit etwa 2.700 bef\u00f6rdert werden sollten. Diese Bef\u00f6rderungsrunde hat das Oberverwaltungsgericht gestoppt.<!--more--><\/p>\n<p>Zur Begr\u00fcndung seiner Entscheidung weist der Senat auf gravierende M\u00e4ngel bei der Auswahl der zu bef\u00f6rdernden Beamten hin. So seien bereits die aus Anlass der geplanten Bef\u00f6rderungen f\u00fcr alle Beamten der Deutschen Telekom AG erstellten dienstlichen Beurteilungen aus zahlreichen Gr\u00fcnden rechtswidrig und k\u00f6nnten daher nicht Grundlage einer Auswahlentscheidung sein. Insbesondere hat der Senat einen systematischen Rechtsfehler darin gesehen, dass die Deutsche Telekom AG den Beurteilern vorgegeben hat, in ihren jeweiligen Organisationseinheiten genauso viele Spitzennoten zu vergeben, wie Bef\u00f6rderungsstellen hierf\u00fcr vorgesehen waren. Damit sei die durch das Grundgesetz zwingend vorgeschriebene leistungsgerechte Beurteilung eines jeden Beamten nicht m\u00f6glich, da nicht mehr seine Leistungen, sondern die von ihm nicht beeinflussbare Zahl der Bef\u00f6rderungsstellen f\u00fcr die Benotung ma\u00dfgeblich sei. Au\u00dferdem entscheide bei diesem System letztlich der Beurteiler \u00fcber die Bef\u00f6rderung, der hierf\u00fcr aber nicht zust\u00e4ndig sei.<\/p>\n<p>Der Beschluss, der unanfechtbar ist, gilt zun\u00e4chst nur f\u00fcr das entschiedene Verfahren. Wegen des dargestellten systematischen Fehlers der Auswahlentscheidungen d\u00fcrfte er mittelbar aber f\u00fcr alle jedenfalls in Nordrhein-Westfalen anstehenden Bef\u00f6rderungen bedeutsam sein.<\/p>\n<p>Beschluss vom 15. M\u00e4rz 2013 \u2013 <a href=\"https:\/\/dejure.org\/dienste\/vernetzung\/rechtsprechung?Text=1%20B%20133\/13\" title=\"OVG Nordrhein-Westfalen, 15.03.2013 - 1 B 133\/13: Bef&ouml;rderungsrunde f&uuml;r Telekom-Beamte\">1 B 133\/13<\/a> &#8211;<\/p>\n<p>(c) Pressemitteilung vom 18.03.2013<\/p>\n<p>&nbsp;<\/p>\n<p><em>Eine Kommentierung der Entscheidung folgt in K\u00fcrze.<\/em><\/p>\n","protected":false},"excerpt":{"rendered":"<p>Die anstehende Bef\u00f6rderungsrunde der Deutschen Telekom AG kann nicht wie geplant durchgef\u00fchrt werden. Dies hat der 1. Senat des Oberverwaltungsgerichts durch Beschluss vom 15. M\u00e4rz 2013 in einem Musterverfahren entschieden und die vorausgehende erstinstanzliche Entscheidung des Verwaltungsgerichts Gelsenkirchen best\u00e4tigt. Bei der Deutschen Telekom AG sind nach der Privatisierung der Deutschen Bundespost vor etwa 20 Jahren &hellip; <\/p>\n<p class=\"link-more\"><a href=\"https:\/\/www.hotstegs-recht.de\/?p=1716\" class=\"more-link\"><span class=\"screen-reader-text\">\u201eOVG stoppt Bef\u00f6rderungsrunde f\u00fcr Telekom-Beamte, OVG NRW v. 15.03.2013, Az. 1 B 133\/13\u201c <\/span>weiterlesen<\/a><\/p>\n","protected":false},"author":2,"featured_media":0,"comment_status":"closed","ping_status":"closed","sticky":false,"template":"","format":"standard","meta":{"footnotes":""},"categories":[4,14],"tags":[33],"class_list":["post-1716","post","type-post","status-publish","format-standard","hentry","category-aktuelles","category-beamtenrecht","tag-dienstliche-beurteilung"],"yoast_head":"<!-- This site is optimized with the Yoast SEO plugin v27.4 - https:\/\/yoast.com\/product\/yoast-seo-wordpress\/ -->\n<title>OVG stoppt Bef\u00f6rderungsrunde f\u00fcr Telekom-Beamte, OVG NRW v. 15.03.2013, Az. 1 B 133\/13 - Hotstegs Rechtsanwaltsgesellschaft | Rechtsanw\u00e4lt:innen und Fachanw\u00e4lt:innen f\u00fcr Verwaltungsrecht<\/title>\n<meta name=\"description\" content=\"- Termine unter Tel. 0211 \/ 497657-16\" \/>\n<meta name=\"robots\" content=\"index, follow, max-snippet:-1, max-image-preview:large, max-video-preview:-1\" \/>\n<link rel=\"canonical\" href=\"https:\/\/www.hotstegs-recht.de\/?p=1716\" \/>\n<meta property=\"og:locale\" content=\"de_DE\" \/>\n<meta property=\"og:type\" content=\"article\" \/>\n<meta property=\"og:title\" content=\"OVG stoppt Bef\u00f6rderungsrunde f\u00fcr Telekom-Beamte, OVG NRW v. 15.03.2013, Az. 1 B 133\/13 - Hotstegs Rechtsanwaltsgesellschaft | Rechtsanw\u00e4lt:innen und Fachanw\u00e4lt:innen f\u00fcr Verwaltungsrecht\" \/>\n<meta property=\"og:description\" content=\"- Termine unter Tel. 0211 \/ 497657-16\" \/>\n<meta property=\"og:url\" content=\"https:\/\/www.hotstegs-recht.de\/?p=1716\" \/>\n<meta property=\"og:site_name\" content=\"Hotstegs Rechtsanwaltsgesellschaft | Rechtsanw\u00e4lt:innen und Fachanw\u00e4lt:innen f\u00fcr Verwaltungsrecht\" \/>\n<meta property=\"article:publisher\" content=\"https:\/\/www.facebook.com\/hotstegs.recht\" \/>\n<meta property=\"article:published_time\" content=\"2013-03-20T17:42:50+00:00\" \/>\n<meta property=\"article:modified_time\" content=\"2015-02-20T20:32:53+00:00\" \/>\n<meta name=\"author\" content=\"Katharina Voigt\" \/>\n<meta name=\"twitter:card\" content=\"summary_large_image\" \/>\n<meta name=\"twitter:creator\" content=\"@hotstegs_recht\" \/>\n<meta name=\"twitter:site\" content=\"@hotstegs_recht\" \/>\n<meta name=\"twitter:label1\" content=\"Verfasst von\" \/>\n\t<meta name=\"twitter:data1\" content=\"Katharina Voigt\" \/>\n\t<meta name=\"twitter:label2\" content=\"Gesch\u00e4tzte Lesezeit\" \/>\n\t<meta name=\"twitter:data2\" content=\"1\u00a0Minute\" \/>\n<!-- \/ Yoast SEO plugin. -->","yoast_head_json":{"title":"OVG stoppt Bef\u00f6rderungsrunde f\u00fcr Telekom-Beamte, OVG NRW v. 15.03.2013, Az. 1 B 133\/13 - Hotstegs Rechtsanwaltsgesellschaft | Rechtsanw\u00e4lt:innen und Fachanw\u00e4lt:innen f\u00fcr Verwaltungsrecht","description":"- Termine unter Tel. 0211 \/ 497657-16","robots":{"index":"index","follow":"follow","max-snippet":"max-snippet:-1","max-image-preview":"max-image-preview:large","max-video-preview":"max-video-preview:-1"},"canonical":"https:\/\/www.hotstegs-recht.de\/?p=1716","og_locale":"de_DE","og_type":"article","og_title":"OVG stoppt Bef\u00f6rderungsrunde f\u00fcr Telekom-Beamte, OVG NRW v. 15.03.2013, Az. 1 B 133\/13 - Hotstegs Rechtsanwaltsgesellschaft | Rechtsanw\u00e4lt:innen und Fachanw\u00e4lt:innen f\u00fcr Verwaltungsrecht","og_description":"- Termine unter Tel. 0211 \/ 497657-16","og_url":"https:\/\/www.hotstegs-recht.de\/?p=1716","og_site_name":"Hotstegs Rechtsanwaltsgesellschaft | Rechtsanw\u00e4lt:innen und Fachanw\u00e4lt:innen f\u00fcr Verwaltungsrecht","article_publisher":"https:\/\/www.facebook.com\/hotstegs.recht","article_published_time":"2013-03-20T17:42:50+00:00","article_modified_time":"2015-02-20T20:32:53+00:00","author":"Katharina Voigt","twitter_card":"summary_large_image","twitter_creator":"@hotstegs_recht","twitter_site":"@hotstegs_recht","twitter_misc":{"Verfasst von":"Katharina Voigt","Gesch\u00e4tzte Lesezeit":"1\u00a0Minute"},"schema":{"@context":"https:\/\/schema.org","@graph":[{"@type":"Article","@id":"https:\/\/www.hotstegs-recht.de\/?p=1716#article","isPartOf":{"@id":"https:\/\/www.hotstegs-recht.de\/?p=1716"},"author":{"name":"Katharina Voigt","@id":"https:\/\/www.hotstegs-recht.de\/#\/schema\/person\/8f5b1e61ee83a4e2535bb74e089e488e"},"headline":"OVG stoppt Bef\u00f6rderungsrunde f\u00fcr Telekom-Beamte, OVG NRW v. 15.03.2013, Az. 1 B 133\/13","datePublished":"2013-03-20T17:42:50+00:00","dateModified":"2015-02-20T20:32:53+00:00","mainEntityOfPage":{"@id":"https:\/\/www.hotstegs-recht.de\/?p=1716"},"wordCount":293,"publisher":{"@id":"https:\/\/www.hotstegs-recht.de\/#organization"},"keywords":["dienstliche Beurteilung"],"articleSection":["Aktuelles","Beamtenrecht"],"inLanguage":"de"},{"@type":"WebPage","@id":"https:\/\/www.hotstegs-recht.de\/?p=1716","url":"https:\/\/www.hotstegs-recht.de\/?p=1716","name":"OVG stoppt Bef\u00f6rderungsrunde f\u00fcr Telekom-Beamte, OVG NRW v. 15.03.2013, Az. 1 B 133\/13 - Hotstegs Rechtsanwaltsgesellschaft | Rechtsanw\u00e4lt:innen und Fachanw\u00e4lt:innen f\u00fcr Verwaltungsrecht","isPartOf":{"@id":"https:\/\/www.hotstegs-recht.de\/#website"},"datePublished":"2013-03-20T17:42:50+00:00","dateModified":"2015-02-20T20:32:53+00:00","description":"- Termine unter Tel. 0211 \/ 497657-16","breadcrumb":{"@id":"https:\/\/www.hotstegs-recht.de\/?p=1716#breadcrumb"},"inLanguage":"de","potentialAction":[{"@type":"ReadAction","target":["https:\/\/www.hotstegs-recht.de\/?p=1716"]}]},{"@type":"BreadcrumbList","@id":"https:\/\/www.hotstegs-recht.de\/?p=1716#breadcrumb","itemListElement":[{"@type":"ListItem","position":1,"name":"Startseite","item":"https:\/\/www.hotstegs-recht.de\/"},{"@type":"ListItem","position":2,"name":"OVG stoppt Bef\u00f6rderungsrunde f\u00fcr Telekom-Beamte, OVG NRW v. 15.03.2013, Az. 1 B 133\/13"}]},{"@type":"WebSite","@id":"https:\/\/www.hotstegs-recht.de\/#website","url":"https:\/\/www.hotstegs-recht.de\/","name":"Hotstegs Rechtsanwaltsgesellschaft | Rechtsanw\u00e4lt:innen und Fachanw\u00e4lt:innen f\u00fcr Verwaltungsrecht","description":"\u00f6ffentliches Dienstrecht und Disziplinarverfahren | Rechtsanwalt Robert Hotstegs | Rechtsanw\u00e4ltin Sarah Nu\u00dfbaum | Rechtsanw\u00e4ltin Katharina Voigt","publisher":{"@id":"https:\/\/www.hotstegs-recht.de\/#organization"},"potentialAction":[{"@type":"SearchAction","target":{"@type":"EntryPoint","urlTemplate":"https:\/\/www.hotstegs-recht.de\/?s={search_term_string}"},"query-input":{"@type":"PropertyValueSpecification","valueRequired":true,"valueName":"search_term_string"}}],"inLanguage":"de"},{"@type":"Organization","@id":"https:\/\/www.hotstegs-recht.de\/#organization","name":"Hotstegs Rechtsanwaltsgesellschaft","url":"https:\/\/www.hotstegs-recht.de\/","logo":{"@type":"ImageObject","inLanguage":"de","@id":"https:\/\/www.hotstegs-recht.de\/#\/schema\/logo\/image\/","url":"https:\/\/www.hotstegs-recht.de\/wp-content\/uploads\/2021\/09\/logo_2020.png","contentUrl":"https:\/\/www.hotstegs-recht.de\/wp-content\/uploads\/2021\/09\/logo_2020.png","width":180,"height":51,"caption":"Hotstegs Rechtsanwaltsgesellschaft"},"image":{"@id":"https:\/\/www.hotstegs-recht.de\/#\/schema\/logo\/image\/"},"sameAs":["https:\/\/www.facebook.com\/hotstegs.recht","https:\/\/x.com\/hotstegs_recht","https:\/\/www.instagram.com\/hotstegs.recht","https:\/\/de.linkedin.com\/company\/hotstegs-recht"]},{"@type":"Person","@id":"https:\/\/www.hotstegs-recht.de\/#\/schema\/person\/8f5b1e61ee83a4e2535bb74e089e488e","name":"Katharina Voigt","image":{"@type":"ImageObject","inLanguage":"de","@id":"https:\/\/secure.gravatar.com\/avatar\/2c3d530c2e82a5c8b30c412e9a4ac98498fcc45bf870f25684cfc5128faa3d2f?s=96&d=blank&r=g","url":"https:\/\/secure.gravatar.com\/avatar\/2c3d530c2e82a5c8b30c412e9a4ac98498fcc45bf870f25684cfc5128faa3d2f?s=96&d=blank&r=g","contentUrl":"https:\/\/secure.gravatar.com\/avatar\/2c3d530c2e82a5c8b30c412e9a4ac98498fcc45bf870f25684cfc5128faa3d2f?s=96&d=blank&r=g","caption":"Katharina Voigt"},"description":"Rechtsanw\u00e4ltin, Fachanw\u00e4ltin f\u00fcr Verwaltungsrecht","url":"https:\/\/www.hotstegs-recht.de\/?author=2"}]}},"amp_enabled":true,"_links":{"self":[{"href":"https:\/\/www.hotstegs-recht.de\/index.php?rest_route=\/wp\/v2\/posts\/1716","targetHints":{"allow":["GET"]}}],"collection":[{"href":"https:\/\/www.hotstegs-recht.de\/index.php?rest_route=\/wp\/v2\/posts"}],"about":[{"href":"https:\/\/www.hotstegs-recht.de\/index.php?rest_route=\/wp\/v2\/types\/post"}],"author":[{"embeddable":true,"href":"https:\/\/www.hotstegs-recht.de\/index.php?rest_route=\/wp\/v2\/users\/2"}],"replies":[{"embeddable":true,"href":"https:\/\/www.hotstegs-recht.de\/index.php?rest_route=%2Fwp%2Fv2%2Fcomments&post=1716"}],"version-history":[{"count":0,"href":"https:\/\/www.hotstegs-recht.de\/index.php?rest_route=\/wp\/v2\/posts\/1716\/revisions"}],"wp:attachment":[{"href":"https:\/\/www.hotstegs-recht.de\/index.php?rest_route=%2Fwp%2Fv2%2Fmedia&parent=1716"}],"wp:term":[{"taxonomy":"category","embeddable":true,"href":"https:\/\/www.hotstegs-recht.de\/index.php?rest_route=%2Fwp%2Fv2%2Fcategories&post=1716"},{"taxonomy":"post_tag","embeddable":true,"href":"https:\/\/www.hotstegs-recht.de\/index.php?rest_route=%2Fwp%2Fv2%2Ftags&post=1716"}],"curies":[{"name":"wp","href":"https:\/\/api.w.org\/{rel}","templated":true}]}}