{"id":1361,"date":"2012-04-27T18:42:03","date_gmt":"2012-04-27T16:42:03","guid":{"rendered":"http:\/\/www.obst-hotstegs.de\/?p=1361"},"modified":"2019-11-27T10:35:33","modified_gmt":"2019-11-27T09:35:33","slug":"burger-fragen-behorden-antworten-pressemitteilung-mehr-demokratie-e-v-v-27-04-2012","status":"publish","type":"post","link":"https:\/\/www.hotstegs-recht.de\/?p=1361","title":{"rendered":"B\u00fcrger fragen, Beh\u00f6rden antworten, Pressemitteilung Mehr Demokratie e.V. v. 27.04.2012"},"content":{"rendered":"<p><strong>Besserer Zugang zu Informationen aus Kommunal- und Landesbeh\u00f6rden in Nordrhein-Westfalen durch FragDenStaat.de<\/strong><\/p>\n<p>Ab sofort k\u00f6nnen B\u00fcrgerinnen und B\u00fcrger in Nordrhein-Westfalen Anfragen an Kommunal- und Landesbeh\u00f6rden \u00fcber eine zentrale Internetseite stellen. Die Organisationen Mehr Demokratie, Open Knowledge Foundation Deutschland und Transparency Deutschland haben heute den offiziellen Startschuss f\u00fcr das Internetportal FragDenStaat.de\/NRW gegeben.<!--more--><\/p>\n<p>Das unabh\u00e4ngige Portal erm\u00f6glicht es B\u00fcrgerinnen und B\u00fcrgern, Anfragen nach den Informationsfreiheitsgesetzen (IFG) an Bundesbeh\u00f6rden zu stellen. Die Antwort der Beh\u00f6rde wird automatisch an die Plattform geleitet und dort zusammen mit der Anfrage des Nutzers ver\u00f6ffentlicht. Auch die Kommunal- und Landesbeh\u00f6rden von NRW sind jetzt in das Portal eingebunden. Damit ist NRW das erste Bundesland, in dem B\u00fcrgerinnen und B\u00fcrger \u00fcber FragDenStaat.de\/NRW Anfragen an Kommunal- und Landesbeh\u00f6rden stellen k\u00f6nnen.<\/p>\n<p>\u201eFragDenStaat.de ist zu einer zentralen Sammelstelle f\u00fcr Anfragen und Antworten nach dem Informationsfreiheitsgesetz geworden. Seit dem Start des Portals im August 2011 wurden \u00fcber dreihundert Anfragen gestellt. Diesen Erfolg wollen wir in NRW fortsetzen\u201c, erl\u00e4utert Stefan Wehrmeyer, Projektleiter FragDenStaat.de von Open Knowledge Foundation Deutschland.<\/p>\n<p>B\u00fcrgerinnen und B\u00fcrger nutzen das Informationsfreiheitsgesetz immer h\u00e4ufiger. Das zeigt auch der am Dienstag ver\u00f6ffentlichte 3. T\u00e4tigkeitsbericht zur Informationsfreiheit des Bundesbeauftragten f\u00fcr den Datenschutz und die Informationsfreiheit (BfDI) Peter Schaar. Im Jahr 2011 wurden doppelt so viele Antr\u00e4ge nach dem Bundesinformationsfreiheitgesetz gestellt als im Vorjahr. Insgesamt gingen 2011 3.280 IFG-Anfragen ein.<\/p>\n<p>\u201cInformationsfreiheit ist ein wichtiger Bestandteil demokratischer Teilhabe. FragDenStaat.de\/NRW erleichtert es B\u00fcrgerinnen und B\u00fcrgern, Informationen der Kommunal- und Landesbeh\u00f6rden einzufordern, so zum Beispiel \u00fcber geplante Infrastruktur- und Bauprojekte\u201c, erkl\u00e4rt Mehr Demokratie-Landesgesch\u00e4ftsf\u00fchrer Alexander Slonka dazu.<\/p>\n<p>\u201eDas Informationsfreiheitsgesetz in NRW hat eine lange Tradition und weist relativ wenige Ausnahmetatbest\u00e4nde auf. Wir wollen Verbesserungen f\u00fcr ein noch moderneres Informationsfreiheitsgesetz in NRW, um das Vertrauen und die Akzeptanz \u00f6ffentlichen Handelns weiter zu f\u00f6rdern\u201c, fordert Andreas Riegel, Leiter der Regionalgruppe Rheinland von Transparency Deutschland.<\/p>\n<p>Das Online-Portal soll die Rechenschaftspflicht der \u00f6ffentlichen Verwaltung st\u00e4rken. Gleichzeitig sollen Verbesserungen des Gesetzes den Schutz vor Manipulation und Korruption erh\u00f6hen. Die zivilgesellschaftlichen Organisationen fordern die sich im Wahlkampf befindlichen Parteien auf, sich zu Verbesserungen des IFG in NRW zu bekennen.<\/p>\n<p>Es ist im Bereich der Daseinsvorsorge so auszubauen, dass Betriebs- und Gesch\u00e4ftsgeheimnisse wie nach den Berliner und Bremer Gesetzen ver\u00f6ffentlicht werden m\u00fcssen, wenn das Informationsinteresse der Allgemeinheit das schutzw\u00fcrdige Geheimhaltungsinteresse des privaten Vertragspartners \u00fcberwiegt. Au\u00dferdem fordern die Organisationen eine Ausweitung des Kreises m\u00f6glicher Antragssteller, so dass nicht nur nat\u00fcrliche, sondern auch juristische Personen Antr\u00e4ge stellen k\u00f6nnen \u2013 wie es im Bundes-IFG und den anderen L\u00e4nder-IFGs l\u00e4ngst \u00fcblich.<\/p>\n<p>Das Informationsfreiheitsgesetz in NRW ist seit dem 01.01.2002 in Kraft.<\/p>\n<p>Mehr Informationen: <a href=\"http:\/\/www.fragdenstaat.de\/nrw\">FragDenStaat.de<\/a><\/p>\n","protected":false},"excerpt":{"rendered":"<p>Besserer Zugang zu Informationen aus Kommunal- und Landesbeh\u00f6rden in Nordrhein-Westfalen durch FragDenStaat.de Ab sofort k\u00f6nnen B\u00fcrgerinnen und B\u00fcrger in Nordrhein-Westfalen Anfragen an Kommunal- und Landesbeh\u00f6rden \u00fcber eine zentrale Internetseite stellen. Die Organisationen Mehr Demokratie, Open Knowledge Foundation Deutschland und Transparency Deutschland haben heute den offiziellen Startschuss f\u00fcr das Internetportal FragDenStaat.de\/NRW gegeben.<\/p>\n","protected":false},"author":1,"featured_media":0,"comment_status":"closed","ping_status":"closed","sticky":false,"template":"","format":"standard","meta":{"footnotes":""},"categories":[4,9,16],"tags":[80,88],"class_list":["post-1361","post","type-post","status-publish","format-standard","hentry","category-aktuelles","category-presse","category-burgerbeteiligung","tag-mehr-demokratie","tag-informationsfreiheit"],"yoast_head":"<!-- This site is optimized with the Yoast SEO plugin v27.5 - https:\/\/yoast.com\/product\/yoast-seo-wordpress\/ -->\n<title>B\u00fcrger fragen, Beh\u00f6rden antworten, Pressemitteilung Mehr Demokratie e.V. v. 27.04.2012 - Hotstegs Rechtsanwaltsgesellschaft | Rechtsanw\u00e4lt:innen und Fachanw\u00e4lt:innen f\u00fcr Verwaltungsrecht<\/title>\n<meta name=\"description\" content=\"- Termine unter Tel. 0211 \/ 497657-16\" \/>\n<meta name=\"robots\" content=\"index, follow, max-snippet:-1, max-image-preview:large, max-video-preview:-1\" \/>\n<link rel=\"canonical\" href=\"https:\/\/www.hotstegs-recht.de\/?p=1361\" \/>\n<meta property=\"og:locale\" content=\"de_DE\" \/>\n<meta property=\"og:type\" content=\"article\" \/>\n<meta property=\"og:title\" content=\"B\u00fcrger fragen, Beh\u00f6rden antworten, Pressemitteilung Mehr Demokratie e.V. v. 27.04.2012 - Hotstegs Rechtsanwaltsgesellschaft | Rechtsanw\u00e4lt:innen und Fachanw\u00e4lt:innen f\u00fcr Verwaltungsrecht\" \/>\n<meta property=\"og:description\" content=\"- Termine unter Tel. 0211 \/ 497657-16\" \/>\n<meta property=\"og:url\" content=\"https:\/\/www.hotstegs-recht.de\/?p=1361\" \/>\n<meta property=\"og:site_name\" content=\"Hotstegs Rechtsanwaltsgesellschaft | Rechtsanw\u00e4lt:innen und Fachanw\u00e4lt:innen f\u00fcr Verwaltungsrecht\" \/>\n<meta property=\"article:publisher\" content=\"https:\/\/www.facebook.com\/hotstegs.recht\" \/>\n<meta property=\"article:published_time\" content=\"2012-04-27T16:42:03+00:00\" \/>\n<meta property=\"article:modified_time\" content=\"2019-11-27T09:35:33+00:00\" \/>\n<meta name=\"author\" content=\"Robert Hotstegs\" \/>\n<meta name=\"twitter:card\" content=\"summary_large_image\" \/>\n<meta name=\"twitter:creator\" content=\"@hotstegs_recht\" \/>\n<meta name=\"twitter:site\" content=\"@hotstegs_recht\" \/>\n<meta name=\"twitter:label1\" content=\"Verfasst von\" \/>\n\t<meta name=\"twitter:data1\" content=\"Robert Hotstegs\" \/>\n\t<meta name=\"twitter:label2\" content=\"Gesch\u00e4tzte Lesezeit\" \/>\n\t<meta name=\"twitter:data2\" content=\"2\u00a0Minuten\" \/>\n<!-- \/ Yoast SEO plugin. -->","yoast_head_json":{"title":"B\u00fcrger fragen, Beh\u00f6rden antworten, Pressemitteilung Mehr Demokratie e.V. v. 27.04.2012 - Hotstegs Rechtsanwaltsgesellschaft | Rechtsanw\u00e4lt:innen und Fachanw\u00e4lt:innen f\u00fcr Verwaltungsrecht","description":"- Termine unter Tel. 0211 \/ 497657-16","robots":{"index":"index","follow":"follow","max-snippet":"max-snippet:-1","max-image-preview":"max-image-preview:large","max-video-preview":"max-video-preview:-1"},"canonical":"https:\/\/www.hotstegs-recht.de\/?p=1361","og_locale":"de_DE","og_type":"article","og_title":"B\u00fcrger fragen, Beh\u00f6rden antworten, Pressemitteilung Mehr Demokratie e.V. v. 27.04.2012 - Hotstegs Rechtsanwaltsgesellschaft | Rechtsanw\u00e4lt:innen und Fachanw\u00e4lt:innen f\u00fcr Verwaltungsrecht","og_description":"- Termine unter Tel. 0211 \/ 497657-16","og_url":"https:\/\/www.hotstegs-recht.de\/?p=1361","og_site_name":"Hotstegs Rechtsanwaltsgesellschaft | Rechtsanw\u00e4lt:innen und Fachanw\u00e4lt:innen f\u00fcr Verwaltungsrecht","article_publisher":"https:\/\/www.facebook.com\/hotstegs.recht","article_published_time":"2012-04-27T16:42:03+00:00","article_modified_time":"2019-11-27T09:35:33+00:00","author":"Robert Hotstegs","twitter_card":"summary_large_image","twitter_creator":"@hotstegs_recht","twitter_site":"@hotstegs_recht","twitter_misc":{"Verfasst von":"Robert Hotstegs","Gesch\u00e4tzte Lesezeit":"2\u00a0Minuten"},"schema":{"@context":"https:\/\/schema.org","@graph":[{"@type":"Article","@id":"https:\/\/www.hotstegs-recht.de\/?p=1361#article","isPartOf":{"@id":"https:\/\/www.hotstegs-recht.de\/?p=1361"},"author":{"name":"Robert Hotstegs","@id":"https:\/\/www.hotstegs-recht.de\/#\/schema\/person\/b5290b51a91e1e27ec6af13643a76ab0"},"headline":"B\u00fcrger fragen, Beh\u00f6rden antworten, Pressemitteilung Mehr Demokratie e.V. v. 27.04.2012","datePublished":"2012-04-27T16:42:03+00:00","dateModified":"2019-11-27T09:35:33+00:00","mainEntityOfPage":{"@id":"https:\/\/www.hotstegs-recht.de\/?p=1361"},"wordCount":478,"publisher":{"@id":"https:\/\/www.hotstegs-recht.de\/#organization"},"keywords":["Mehr Demokratie e.V.","Informationsfreiheit"],"articleSection":["Aktuelles","Presse","B\u00fcrgerbeteiligung"],"inLanguage":"de"},{"@type":"WebPage","@id":"https:\/\/www.hotstegs-recht.de\/?p=1361","url":"https:\/\/www.hotstegs-recht.de\/?p=1361","name":"B\u00fcrger fragen, Beh\u00f6rden antworten, Pressemitteilung Mehr Demokratie e.V. v. 27.04.2012 - Hotstegs Rechtsanwaltsgesellschaft | Rechtsanw\u00e4lt:innen und Fachanw\u00e4lt:innen f\u00fcr Verwaltungsrecht","isPartOf":{"@id":"https:\/\/www.hotstegs-recht.de\/#website"},"datePublished":"2012-04-27T16:42:03+00:00","dateModified":"2019-11-27T09:35:33+00:00","description":"- Termine unter Tel. 0211 \/ 497657-16","breadcrumb":{"@id":"https:\/\/www.hotstegs-recht.de\/?p=1361#breadcrumb"},"inLanguage":"de","potentialAction":[{"@type":"ReadAction","target":["https:\/\/www.hotstegs-recht.de\/?p=1361"]}]},{"@type":"BreadcrumbList","@id":"https:\/\/www.hotstegs-recht.de\/?p=1361#breadcrumb","itemListElement":[{"@type":"ListItem","position":1,"name":"Startseite","item":"https:\/\/www.hotstegs-recht.de\/"},{"@type":"ListItem","position":2,"name":"B\u00fcrger fragen, Beh\u00f6rden antworten, Pressemitteilung Mehr Demokratie e.V. v. 27.04.2012"}]},{"@type":"WebSite","@id":"https:\/\/www.hotstegs-recht.de\/#website","url":"https:\/\/www.hotstegs-recht.de\/","name":"Hotstegs Rechtsanwaltsgesellschaft | Rechtsanw\u00e4lt:innen und Fachanw\u00e4lt:innen f\u00fcr Verwaltungsrecht","description":"\u00f6ffentliches Dienstrecht und Disziplinarverfahren | Rechtsanwalt Robert Hotstegs | Rechtsanw\u00e4ltin Sarah Nu\u00dfbaum | Rechtsanw\u00e4ltin Katharina Voigt","publisher":{"@id":"https:\/\/www.hotstegs-recht.de\/#organization"},"potentialAction":[{"@type":"SearchAction","target":{"@type":"EntryPoint","urlTemplate":"https:\/\/www.hotstegs-recht.de\/?s={search_term_string}"},"query-input":{"@type":"PropertyValueSpecification","valueRequired":true,"valueName":"search_term_string"}}],"inLanguage":"de"},{"@type":"Organization","@id":"https:\/\/www.hotstegs-recht.de\/#organization","name":"Hotstegs Rechtsanwaltsgesellschaft","url":"https:\/\/www.hotstegs-recht.de\/","logo":{"@type":"ImageObject","inLanguage":"de","@id":"https:\/\/www.hotstegs-recht.de\/#\/schema\/logo\/image\/","url":"https:\/\/www.hotstegs-recht.de\/wp-content\/uploads\/2021\/09\/logo_2020.png","contentUrl":"https:\/\/www.hotstegs-recht.de\/wp-content\/uploads\/2021\/09\/logo_2020.png","width":180,"height":51,"caption":"Hotstegs Rechtsanwaltsgesellschaft"},"image":{"@id":"https:\/\/www.hotstegs-recht.de\/#\/schema\/logo\/image\/"},"sameAs":["https:\/\/www.facebook.com\/hotstegs.recht","https:\/\/x.com\/hotstegs_recht","https:\/\/www.instagram.com\/hotstegs.recht","https:\/\/de.linkedin.com\/company\/hotstegs-recht"]},{"@type":"Person","@id":"https:\/\/www.hotstegs-recht.de\/#\/schema\/person\/b5290b51a91e1e27ec6af13643a76ab0","name":"Robert Hotstegs","image":{"@type":"ImageObject","inLanguage":"de","@id":"https:\/\/secure.gravatar.com\/avatar\/7d923d735cd88c8f3b65c6506ab775c5eb23a82716d81ce74eb3951cb8430f5a?s=96&d=blank&r=g","url":"https:\/\/secure.gravatar.com\/avatar\/7d923d735cd88c8f3b65c6506ab775c5eb23a82716d81ce74eb3951cb8430f5a?s=96&d=blank&r=g","contentUrl":"https:\/\/secure.gravatar.com\/avatar\/7d923d735cd88c8f3b65c6506ab775c5eb23a82716d81ce74eb3951cb8430f5a?s=96&d=blank&r=g","caption":"Robert Hotstegs"},"description":"Rechtsanwalt, Fachanwalt f\u00fcr Verwaltungsrecht","url":"https:\/\/www.hotstegs-recht.de\/?author=1"}]}},"amp_enabled":true,"_links":{"self":[{"href":"https:\/\/www.hotstegs-recht.de\/index.php?rest_route=\/wp\/v2\/posts\/1361","targetHints":{"allow":["GET"]}}],"collection":[{"href":"https:\/\/www.hotstegs-recht.de\/index.php?rest_route=\/wp\/v2\/posts"}],"about":[{"href":"https:\/\/www.hotstegs-recht.de\/index.php?rest_route=\/wp\/v2\/types\/post"}],"author":[{"embeddable":true,"href":"https:\/\/www.hotstegs-recht.de\/index.php?rest_route=\/wp\/v2\/users\/1"}],"replies":[{"embeddable":true,"href":"https:\/\/www.hotstegs-recht.de\/index.php?rest_route=%2Fwp%2Fv2%2Fcomments&post=1361"}],"version-history":[{"count":1,"href":"https:\/\/www.hotstegs-recht.de\/index.php?rest_route=\/wp\/v2\/posts\/1361\/revisions"}],"predecessor-version":[{"id":6666,"href":"https:\/\/www.hotstegs-recht.de\/index.php?rest_route=\/wp\/v2\/posts\/1361\/revisions\/6666"}],"wp:attachment":[{"href":"https:\/\/www.hotstegs-recht.de\/index.php?rest_route=%2Fwp%2Fv2%2Fmedia&parent=1361"}],"wp:term":[{"taxonomy":"category","embeddable":true,"href":"https:\/\/www.hotstegs-recht.de\/index.php?rest_route=%2Fwp%2Fv2%2Fcategories&post=1361"},{"taxonomy":"post_tag","embeddable":true,"href":"https:\/\/www.hotstegs-recht.de\/index.php?rest_route=%2Fwp%2Fv2%2Ftags&post=1361"}],"curies":[{"name":"wp","href":"https:\/\/api.w.org\/{rel}","templated":true}]}}