{"id":1359,"date":"2012-04-25T14:56:00","date_gmt":"2012-04-25T12:56:00","guid":{"rendered":"http:\/\/www.obst-hotstegs.de\/?p=1359"},"modified":"2012-04-25T14:56:00","modified_gmt":"2012-04-25T12:56:00","slug":"burgerbegehren-gegen-die-schliesung-des-burgerburos-in-opladen-ist-unzulassig-pressemitteilung-des-verwaltungsgerichts-koln-v-25-04-2012","status":"publish","type":"post","link":"https:\/\/www.hotstegs-recht.de\/?p=1359","title":{"rendered":"B\u00fcrgerbegehren gegen die Schlie\u00dfung des B\u00fcrgerb\u00fcros in Opladen ist unzul\u00e4ssig, Pressemitteilung des Verwaltungsgerichts K\u00f6ln v. 25.04.2012"},"content":{"rendered":"<p>Das \u201eB\u00fcrgerbegehren gegen den Ratsbeschluss vom 06. Dezember 2010 zur Schlie\u00dfung des B\u00fcrgerb\u00fcros in Opladen\u201c ist unzul\u00e4ssig. Dies hat das Verwaltungsgericht K\u00f6ln mit einem heute verk\u00fcndeten Urteil entschieden und damit einen entsprechenden Beschluss des Rates der Stadt Leverkusen aus April 2011 best\u00e4tigt.<\/p>\n<p>Der Rat der Stadt Leverkusen hatte im Dezember 2010 im Rahmen des Haushaltssicherungskonzeptes beschlossen, das B\u00fcrgerb\u00fcro in Opladen zu schlie\u00dfen. Gegenstand des B\u00fcrgerbegehrens war die Frage, ob das B\u00fcrgerb\u00fcro gleichwohl erhalten und verbessert werden solle.<\/p>\n<p>In der Urteilsbegr\u00fcndung f\u00fchrte die Pr\u00e4sidentin des Verwaltungsgerichts aus, das B\u00fcrgerbegehren sei aus mehreren Gr\u00fcnden unzul\u00e4ssig. Insbesondere schlie\u00dfe die Gemeindeordnung ein B\u00fcrgerbegehren \u00fcber die innere Organisation der Gemeindeverwaltung aus. Hierzu geh\u00f6re auch die Entscheidung \u00fcber die Zusammenlegung, Abschaffung oder Einrichtung von \u00c4mtern. Ferner seien Teile des Begehrens unbestimmt. F\u00fcr den B\u00fcrger sei aufgrund der bisherigen Sachlage unklar, ob er bei einem etwaigen B\u00fcrgerentscheid gleichzeitig auch \u00fcber die Reduzierung der Anzahl der Beigeordneten mit abstimmen solle.<\/p>\n<p>Gegen das Urteil kann innerhalb eines Monats nach dessen Zustellung Berufung beim Oberverwaltungsgericht M\u00fcnster eingelegt werden.<\/p>\n<p>Az. <a href=\"https:\/\/dejure.org\/dienste\/vernetzung\/rechtsprechung?Text=4%20K%202849\/11\" title=\"VG K&ouml;ln, 25.04.2012 - 4 K 2849\/11: B&uuml;rgerbegehren gegen die Schlie&szlig;ung des B&uuml;rgerb&uuml;ros in Oplad...\">4 K 2849\/11<\/a><\/p>\n","protected":false},"excerpt":{"rendered":"<p>Das \u201eB\u00fcrgerbegehren gegen den Ratsbeschluss vom 06. Dezember 2010 zur Schlie\u00dfung des B\u00fcrgerb\u00fcros in Opladen\u201c ist unzul\u00e4ssig. Dies hat das Verwaltungsgericht K\u00f6ln mit einem heute verk\u00fcndeten Urteil entschieden und damit einen entsprechenden Beschluss des Rates der Stadt Leverkusen aus April 2011 best\u00e4tigt. Der Rat der Stadt Leverkusen hatte im Dezember 2010 im Rahmen des Haushaltssicherungskonzeptes &hellip; <\/p>\n<p class=\"link-more\"><a href=\"https:\/\/www.hotstegs-recht.de\/?p=1359\" class=\"more-link\"><span class=\"screen-reader-text\">\u201eB\u00fcrgerbegehren gegen die Schlie\u00dfung des B\u00fcrgerb\u00fcros in Opladen ist unzul\u00e4ssig, Pressemitteilung des Verwaltungsgerichts K\u00f6ln v. 25.04.2012\u201c <\/span>weiterlesen<\/a><\/p>\n","protected":false},"author":4,"featured_media":0,"comment_status":"closed","ping_status":"closed","sticky":false,"template":"","format":"standard","meta":{"footnotes":""},"categories":[4,9,16],"tags":[],"class_list":["post-1359","post","type-post","status-publish","format-standard","hentry","category-aktuelles","category-presse","category-burgerbeteiligung"],"yoast_head":"<!-- This site is optimized with the Yoast SEO plugin v27.5 - https:\/\/yoast.com\/product\/yoast-seo-wordpress\/ -->\n<title>B\u00fcrgerbegehren gegen die Schlie\u00dfung des B\u00fcrgerb\u00fcros in Opladen ist unzul\u00e4ssig, Pressemitteilung des Verwaltungsgerichts K\u00f6ln v. 25.04.2012 - Hotstegs Rechtsanwaltsgesellschaft | Rechtsanw\u00e4lt:innen und Fachanw\u00e4lt:innen f\u00fcr Verwaltungsrecht<\/title>\n<meta name=\"description\" content=\"- Termine unter Tel. 0211 \/ 497657-16\" \/>\n<meta name=\"robots\" content=\"index, follow, max-snippet:-1, max-image-preview:large, max-video-preview:-1\" \/>\n<link rel=\"canonical\" href=\"https:\/\/www.hotstegs-recht.de\/?p=1359\" \/>\n<meta property=\"og:locale\" content=\"de_DE\" \/>\n<meta property=\"og:type\" content=\"article\" \/>\n<meta property=\"og:title\" content=\"B\u00fcrgerbegehren gegen die Schlie\u00dfung des B\u00fcrgerb\u00fcros in Opladen ist unzul\u00e4ssig, Pressemitteilung des Verwaltungsgerichts K\u00f6ln v. 25.04.2012 - Hotstegs Rechtsanwaltsgesellschaft | Rechtsanw\u00e4lt:innen und Fachanw\u00e4lt:innen f\u00fcr Verwaltungsrecht\" \/>\n<meta property=\"og:description\" content=\"- Termine unter Tel. 0211 \/ 497657-16\" \/>\n<meta property=\"og:url\" content=\"https:\/\/www.hotstegs-recht.de\/?p=1359\" \/>\n<meta property=\"og:site_name\" content=\"Hotstegs Rechtsanwaltsgesellschaft | Rechtsanw\u00e4lt:innen und Fachanw\u00e4lt:innen f\u00fcr Verwaltungsrecht\" \/>\n<meta property=\"article:publisher\" content=\"https:\/\/www.facebook.com\/hotstegs.recht\" \/>\n<meta property=\"article:published_time\" content=\"2012-04-25T12:56:00+00:00\" \/>\n<meta name=\"author\" content=\"Mitarbeiter:in\" \/>\n<meta name=\"twitter:card\" content=\"summary_large_image\" \/>\n<meta name=\"twitter:creator\" content=\"@hotstegs_recht\" \/>\n<meta name=\"twitter:site\" content=\"@hotstegs_recht\" \/>\n<meta name=\"twitter:label1\" content=\"Verfasst von\" \/>\n\t<meta name=\"twitter:data1\" content=\"Mitarbeiter:in\" \/>\n\t<meta name=\"twitter:label2\" content=\"Gesch\u00e4tzte Lesezeit\" \/>\n\t<meta name=\"twitter:data2\" content=\"1\u00a0Minute\" \/>\n<!-- \/ Yoast SEO plugin. -->","yoast_head_json":{"title":"B\u00fcrgerbegehren gegen die Schlie\u00dfung des B\u00fcrgerb\u00fcros in Opladen ist unzul\u00e4ssig, Pressemitteilung des Verwaltungsgerichts K\u00f6ln v. 25.04.2012 - Hotstegs Rechtsanwaltsgesellschaft | Rechtsanw\u00e4lt:innen und Fachanw\u00e4lt:innen f\u00fcr Verwaltungsrecht","description":"- Termine unter Tel. 0211 \/ 497657-16","robots":{"index":"index","follow":"follow","max-snippet":"max-snippet:-1","max-image-preview":"max-image-preview:large","max-video-preview":"max-video-preview:-1"},"canonical":"https:\/\/www.hotstegs-recht.de\/?p=1359","og_locale":"de_DE","og_type":"article","og_title":"B\u00fcrgerbegehren gegen die Schlie\u00dfung des B\u00fcrgerb\u00fcros in Opladen ist unzul\u00e4ssig, Pressemitteilung des Verwaltungsgerichts K\u00f6ln v. 25.04.2012 - Hotstegs Rechtsanwaltsgesellschaft | Rechtsanw\u00e4lt:innen und Fachanw\u00e4lt:innen f\u00fcr Verwaltungsrecht","og_description":"- Termine unter Tel. 0211 \/ 497657-16","og_url":"https:\/\/www.hotstegs-recht.de\/?p=1359","og_site_name":"Hotstegs Rechtsanwaltsgesellschaft | Rechtsanw\u00e4lt:innen und Fachanw\u00e4lt:innen f\u00fcr Verwaltungsrecht","article_publisher":"https:\/\/www.facebook.com\/hotstegs.recht","article_published_time":"2012-04-25T12:56:00+00:00","author":"Mitarbeiter:in","twitter_card":"summary_large_image","twitter_creator":"@hotstegs_recht","twitter_site":"@hotstegs_recht","twitter_misc":{"Verfasst von":"Mitarbeiter:in","Gesch\u00e4tzte Lesezeit":"1\u00a0Minute"},"schema":{"@context":"https:\/\/schema.org","@graph":[{"@type":"Article","@id":"https:\/\/www.hotstegs-recht.de\/?p=1359#article","isPartOf":{"@id":"https:\/\/www.hotstegs-recht.de\/?p=1359"},"author":{"name":"Mitarbeiter:in","@id":"https:\/\/www.hotstegs-recht.de\/#\/schema\/person\/18c7a8260c2d9ded2b8308feab0990a2"},"headline":"B\u00fcrgerbegehren gegen die Schlie\u00dfung des B\u00fcrgerb\u00fcros in Opladen ist unzul\u00e4ssig, Pressemitteilung des Verwaltungsgerichts K\u00f6ln v. 25.04.2012","datePublished":"2012-04-25T12:56:00+00:00","mainEntityOfPage":{"@id":"https:\/\/www.hotstegs-recht.de\/?p=1359"},"wordCount":214,"publisher":{"@id":"https:\/\/www.hotstegs-recht.de\/#organization"},"articleSection":["Aktuelles","Presse","B\u00fcrgerbeteiligung"],"inLanguage":"de"},{"@type":"WebPage","@id":"https:\/\/www.hotstegs-recht.de\/?p=1359","url":"https:\/\/www.hotstegs-recht.de\/?p=1359","name":"B\u00fcrgerbegehren gegen die Schlie\u00dfung des B\u00fcrgerb\u00fcros in Opladen ist unzul\u00e4ssig, Pressemitteilung des Verwaltungsgerichts K\u00f6ln v. 25.04.2012 - Hotstegs Rechtsanwaltsgesellschaft | Rechtsanw\u00e4lt:innen und Fachanw\u00e4lt:innen f\u00fcr Verwaltungsrecht","isPartOf":{"@id":"https:\/\/www.hotstegs-recht.de\/#website"},"datePublished":"2012-04-25T12:56:00+00:00","description":"- Termine unter Tel. 0211 \/ 497657-16","breadcrumb":{"@id":"https:\/\/www.hotstegs-recht.de\/?p=1359#breadcrumb"},"inLanguage":"de","potentialAction":[{"@type":"ReadAction","target":["https:\/\/www.hotstegs-recht.de\/?p=1359"]}]},{"@type":"BreadcrumbList","@id":"https:\/\/www.hotstegs-recht.de\/?p=1359#breadcrumb","itemListElement":[{"@type":"ListItem","position":1,"name":"Startseite","item":"https:\/\/www.hotstegs-recht.de\/"},{"@type":"ListItem","position":2,"name":"B\u00fcrgerbegehren gegen die Schlie\u00dfung des B\u00fcrgerb\u00fcros in Opladen ist unzul\u00e4ssig, Pressemitteilung des Verwaltungsgerichts K\u00f6ln v. 25.04.2012"}]},{"@type":"WebSite","@id":"https:\/\/www.hotstegs-recht.de\/#website","url":"https:\/\/www.hotstegs-recht.de\/","name":"Hotstegs Rechtsanwaltsgesellschaft | Rechtsanw\u00e4lt:innen und Fachanw\u00e4lt:innen f\u00fcr Verwaltungsrecht","description":"\u00f6ffentliches Dienstrecht und Disziplinarverfahren | Rechtsanwalt Robert Hotstegs | Rechtsanw\u00e4ltin Sarah Nu\u00dfbaum | Rechtsanw\u00e4ltin Katharina Voigt","publisher":{"@id":"https:\/\/www.hotstegs-recht.de\/#organization"},"potentialAction":[{"@type":"SearchAction","target":{"@type":"EntryPoint","urlTemplate":"https:\/\/www.hotstegs-recht.de\/?s={search_term_string}"},"query-input":{"@type":"PropertyValueSpecification","valueRequired":true,"valueName":"search_term_string"}}],"inLanguage":"de"},{"@type":"Organization","@id":"https:\/\/www.hotstegs-recht.de\/#organization","name":"Hotstegs Rechtsanwaltsgesellschaft","url":"https:\/\/www.hotstegs-recht.de\/","logo":{"@type":"ImageObject","inLanguage":"de","@id":"https:\/\/www.hotstegs-recht.de\/#\/schema\/logo\/image\/","url":"https:\/\/www.hotstegs-recht.de\/wp-content\/uploads\/2021\/09\/logo_2020.png","contentUrl":"https:\/\/www.hotstegs-recht.de\/wp-content\/uploads\/2021\/09\/logo_2020.png","width":180,"height":51,"caption":"Hotstegs Rechtsanwaltsgesellschaft"},"image":{"@id":"https:\/\/www.hotstegs-recht.de\/#\/schema\/logo\/image\/"},"sameAs":["https:\/\/www.facebook.com\/hotstegs.recht","https:\/\/x.com\/hotstegs_recht","https:\/\/www.instagram.com\/hotstegs.recht","https:\/\/de.linkedin.com\/company\/hotstegs-recht"]},{"@type":"Person","@id":"https:\/\/www.hotstegs-recht.de\/#\/schema\/person\/18c7a8260c2d9ded2b8308feab0990a2","name":"Mitarbeiter:in","image":{"@type":"ImageObject","inLanguage":"de","@id":"https:\/\/secure.gravatar.com\/avatar\/ff927e44276052255fa51b438cd49d6bee71e07c0621a998717cee201e5d2fff?s=96&d=blank&r=g","url":"https:\/\/secure.gravatar.com\/avatar\/ff927e44276052255fa51b438cd49d6bee71e07c0621a998717cee201e5d2fff?s=96&d=blank&r=g","contentUrl":"https:\/\/secure.gravatar.com\/avatar\/ff927e44276052255fa51b438cd49d6bee71e07c0621a998717cee201e5d2fff?s=96&d=blank&r=g","caption":"Mitarbeiter:in"},"url":"https:\/\/www.hotstegs-recht.de\/?author=4"}]}},"amp_enabled":true,"_links":{"self":[{"href":"https:\/\/www.hotstegs-recht.de\/index.php?rest_route=\/wp\/v2\/posts\/1359","targetHints":{"allow":["GET"]}}],"collection":[{"href":"https:\/\/www.hotstegs-recht.de\/index.php?rest_route=\/wp\/v2\/posts"}],"about":[{"href":"https:\/\/www.hotstegs-recht.de\/index.php?rest_route=\/wp\/v2\/types\/post"}],"author":[{"embeddable":true,"href":"https:\/\/www.hotstegs-recht.de\/index.php?rest_route=\/wp\/v2\/users\/4"}],"replies":[{"embeddable":true,"href":"https:\/\/www.hotstegs-recht.de\/index.php?rest_route=%2Fwp%2Fv2%2Fcomments&post=1359"}],"version-history":[{"count":0,"href":"https:\/\/www.hotstegs-recht.de\/index.php?rest_route=\/wp\/v2\/posts\/1359\/revisions"}],"wp:attachment":[{"href":"https:\/\/www.hotstegs-recht.de\/index.php?rest_route=%2Fwp%2Fv2%2Fmedia&parent=1359"}],"wp:term":[{"taxonomy":"category","embeddable":true,"href":"https:\/\/www.hotstegs-recht.de\/index.php?rest_route=%2Fwp%2Fv2%2Fcategories&post=1359"},{"taxonomy":"post_tag","embeddable":true,"href":"https:\/\/www.hotstegs-recht.de\/index.php?rest_route=%2Fwp%2Fv2%2Ftags&post=1359"}],"curies":[{"name":"wp","href":"https:\/\/api.w.org\/{rel}","templated":true}]}}