{"id":1212,"date":"2012-01-17T11:12:11","date_gmt":"2012-01-17T10:12:11","guid":{"rendered":"http:\/\/www.obst-hotstegs.de\/?p=1212"},"modified":"2012-01-17T11:12:11","modified_gmt":"2012-01-17T10:12:11","slug":"wg-blitzt-vor-verwaltungsgericht-ab-bremervorder-zeitung-vom-17-01-2012","status":"publish","type":"post","link":"https:\/\/www.hotstegs-recht.de\/?p=1212","title":{"rendered":"WG blitzt vor Verwaltungsgericht ab, Bremerv\u00f6rder Zeitung vom 17.01.2012"},"content":{"rendered":"<p><strong>Bremerv\u00f6rde\/Stade. Das Stader Verwaltungsgericht hat den Antrag auf Erlass einer einstweiligen Anordnung in Sachen Grundschulneubau abgewiesen. Dies hat das Gericht gestern Nachmittag mitgeteilt. Den Antrag gestellt hatten die Fraktion der WG Pro Bremerv\u00f6rde, Ortsb\u00fcrgermeisterin Susanne Morgenstern und Ortsratsmitglied G\u00fcnther Hahn. <em>Von Rainer Kl\u00f6fkorn<\/em><\/strong><\/p>\n<p>Die Rechtsanwaltspartnerschaft Dr. Obst &amp; Hostegs aus D\u00fcsseldorf hatte f\u00fcr die Antragsteller den Eilantrag eingereicht.<!--more--> Danach sollte die Stadt keine Fakten schaffen d\u00fcrfen, die den Neubau der Grundschule Nord endg\u00fcltig verhindern. Am 15. Dezember 2011 hatte der Stadtrat mehrheitlich einen vorl\u00e4ufigen Planungsstopp beschlossen. Vor einer endg\u00fcltigen Entscheidung sollten Alternativen im Engeoer Schulzentrum gepr\u00fcft werden.<\/p>\n<p>In der Begr\u00fcndung durch das Gericht hei\u00dft es unter anderem: Ein Antrag auf einstweilige Anordnung m\u00fcsse \u201eso klar formuliert sein, dass im Falle der Stattgabe eine inhaltlich genau abgegrenzte und gegebenenfalls vollstreckbare Entscheidung ergehen kann.\u201c Daran fehle es jedoch. Es sei durch die Bef\u00fcrworter des Schulbaues \u201eweder hinreichend substantiiert dargelegt noch erkennbar, die Umsetzung welcher konkreter Ma\u00dfnahmen unterbleiben soll.\u201c<\/p>\n<p>Weiter hei\u00dft es, dass weder einem Ratsmitglied noch einer Fraktion ein allgemeines Recht zur Kontrolle von Ratsbeschl\u00fcssen auf ihre Rechtm\u00e4\u00dfigkeit zustehe. Dies bleibe der Kommunalaufsicht vorbehalten. Die Antragsteller k\u00f6nnten sich lediglich auf die Gef\u00e4hrdung eigener Rechte berufen, doch h\u00e4tten sie \u201enicht glaubhaft gemacht, dass durch die Ver\u00e4nderung des gegenw\u00e4rtigen Zustands Rechte gef\u00e4hrdet werden, die ihnen selbst in ihrer kommunalverfassungsrechtlichen Funktion zustehen.\u201c<\/p>\n<p>Die WG und die beiden Ortsratsmitglieder Morgenstern und Hahn hatten in dem Antrag zudem moniert, dass der Bremerv\u00f6rder Ortsrat nicht angeh\u00f6rt worden sei. Deren Mitglieder, soweit sie zu den Antragstellern geh\u00f6rten, f\u00fchlten sich \u201ein ihren eigenen Rechten verletzt\u201c.<\/p>\n<p>Das Recht der Anh\u00f6rung stehe allein dem Ortsrat zu, hei\u00dft es in der Begr\u00fcndung, und nicht einzelnen Mitgliedern. Sie seien \u201egrunds\u00e4tzlich nicht allein befugt, die Verletzung von Rechten eines Kollegialorgans geltend zu machen.\u201c Das gelte auch f\u00fcr Ortsb\u00fcrgermeisterin Morgenstern, die den Antrag im eigenen Namen und nicht im Namen des Ortsrates gestellt habe.<\/p>\n<p>Auch der Einwand, die Stadtverwaltung habe vor allem \u00fcber die finanzielle Situation Bremerv\u00f6rdes unzureichend und fehlerhaft informiert, wird vom Verwaltungsgericht nicht geteilt. Der Stadtratsbeschluss, wird argumentiert, beinhalte keine endg\u00fcltige Entscheidung \u00fcber die k\u00fcnftige Schulstruktur in Bremerv\u00f6rde. Er lasse vielmehr klar erkennen, dass ein abschlie\u00dfender Beschluss noch ausstehe.<\/p>\n<p>Das Verwaltungsgericht teilt die Argumente der juristischen Vertretung der Stadt. Der Rat habe den Grundschulneubau nicht endg\u00fcltig zu den Akten gelegt, sondern \u201ewolle vor der m\u00f6glichen Schaffung irreversibler Ma\u00dfnahmen ein Alternativkonzept pr\u00fcfen\u201c. Die Investitionsmittel f\u00fcr den Schulneubau st\u00fcnden \u201eweiterhin haushaltsrechtlich zur Verf\u00fcgung\u201c. Es w\u00fcrden keine unumkehrbaren Fakten geschaffen.<\/p>\n<p>Ebenso wie mit ihrem Antrag vor dem Verwaltungsgericht ist die WG auch mit ihrem Eilantrag im Verwaltungsausschuss gescheitert. Darin wurde der Stadtverwaltung vorgeworfen, gegen die Bestimmungen der Kreditanstalt f\u00fcr Wiederaufbau (KfW) versto\u00dfen zu haben. Wie B\u00fcrgermeister Eduard Gummich (CDU) mitteilte, habe der Ausschuss keinen Dringlichkeitsbedarf gesehen und den Antrag nicht behandelt. Auf ihrer Internetseite hat die WG-Fraktion daraufhin angek\u00fcndigtt, den Bundesrechnungshof einschalten zu wollen und dort \u201edie Verantwortlichkeiten bei der Stadtverwaltung f\u00fcr die schweren Planungsfehler\u201c offen zu legen.<\/p>\n","protected":false},"excerpt":{"rendered":"<p>Bremerv\u00f6rde\/Stade. Das Stader Verwaltungsgericht hat den Antrag auf Erlass einer einstweiligen Anordnung in Sachen Grundschulneubau abgewiesen. Dies hat das Gericht gestern Nachmittag mitgeteilt. Den Antrag gestellt hatten die Fraktion der WG Pro Bremerv\u00f6rde, Ortsb\u00fcrgermeisterin Susanne Morgenstern und Ortsratsmitglied G\u00fcnther Hahn. Von Rainer Kl\u00f6fkorn Die Rechtsanwaltspartnerschaft Dr. Obst &amp; Hostegs aus D\u00fcsseldorf hatte f\u00fcr die Antragsteller &hellip; <\/p>\n<p class=\"link-more\"><a href=\"https:\/\/www.hotstegs-recht.de\/?p=1212\" class=\"more-link\"><span class=\"screen-reader-text\">\u201eWG blitzt vor Verwaltungsgericht ab, Bremerv\u00f6rder Zeitung vom 17.01.2012\u201c <\/span>weiterlesen<\/a><\/p>\n","protected":false},"author":4,"featured_media":0,"comment_status":"closed","ping_status":"closed","sticky":false,"template":"","format":"standard","meta":{"footnotes":""},"categories":[4,9,16],"tags":[],"class_list":["post-1212","post","type-post","status-publish","format-standard","hentry","category-aktuelles","category-presse","category-burgerbeteiligung"],"yoast_head":"<!-- This site is optimized with the Yoast SEO plugin v27.4 - https:\/\/yoast.com\/product\/yoast-seo-wordpress\/ -->\n<title>WG blitzt vor Verwaltungsgericht ab, Bremerv\u00f6rder Zeitung vom 17.01.2012 - Hotstegs Rechtsanwaltsgesellschaft | Rechtsanw\u00e4lt:innen und Fachanw\u00e4lt:innen f\u00fcr Verwaltungsrecht<\/title>\n<meta name=\"description\" content=\"- Termine unter Tel. 0211 \/ 497657-16\" \/>\n<meta name=\"robots\" content=\"index, follow, max-snippet:-1, max-image-preview:large, max-video-preview:-1\" \/>\n<link rel=\"canonical\" href=\"https:\/\/www.hotstegs-recht.de\/?p=1212\" \/>\n<meta property=\"og:locale\" content=\"de_DE\" \/>\n<meta property=\"og:type\" content=\"article\" \/>\n<meta property=\"og:title\" content=\"WG blitzt vor Verwaltungsgericht ab, Bremerv\u00f6rder Zeitung vom 17.01.2012 - Hotstegs Rechtsanwaltsgesellschaft | Rechtsanw\u00e4lt:innen und Fachanw\u00e4lt:innen f\u00fcr Verwaltungsrecht\" \/>\n<meta property=\"og:description\" content=\"- Termine unter Tel. 0211 \/ 497657-16\" \/>\n<meta property=\"og:url\" content=\"https:\/\/www.hotstegs-recht.de\/?p=1212\" \/>\n<meta property=\"og:site_name\" content=\"Hotstegs Rechtsanwaltsgesellschaft | Rechtsanw\u00e4lt:innen und Fachanw\u00e4lt:innen f\u00fcr Verwaltungsrecht\" \/>\n<meta property=\"article:publisher\" content=\"https:\/\/www.facebook.com\/hotstegs.recht\" \/>\n<meta property=\"article:published_time\" content=\"2012-01-17T10:12:11+00:00\" \/>\n<meta name=\"author\" content=\"Mitarbeiter:in\" \/>\n<meta name=\"twitter:card\" content=\"summary_large_image\" \/>\n<meta name=\"twitter:creator\" content=\"@hotstegs_recht\" \/>\n<meta name=\"twitter:site\" content=\"@hotstegs_recht\" \/>\n<meta name=\"twitter:label1\" content=\"Verfasst von\" \/>\n\t<meta name=\"twitter:data1\" content=\"Mitarbeiter:in\" \/>\n\t<meta name=\"twitter:label2\" content=\"Gesch\u00e4tzte Lesezeit\" \/>\n\t<meta name=\"twitter:data2\" content=\"3\u00a0Minuten\" \/>\n<!-- \/ Yoast SEO plugin. -->","yoast_head_json":{"title":"WG blitzt vor Verwaltungsgericht ab, Bremerv\u00f6rder Zeitung vom 17.01.2012 - Hotstegs Rechtsanwaltsgesellschaft | Rechtsanw\u00e4lt:innen und Fachanw\u00e4lt:innen f\u00fcr Verwaltungsrecht","description":"- Termine unter Tel. 0211 \/ 497657-16","robots":{"index":"index","follow":"follow","max-snippet":"max-snippet:-1","max-image-preview":"max-image-preview:large","max-video-preview":"max-video-preview:-1"},"canonical":"https:\/\/www.hotstegs-recht.de\/?p=1212","og_locale":"de_DE","og_type":"article","og_title":"WG blitzt vor Verwaltungsgericht ab, Bremerv\u00f6rder Zeitung vom 17.01.2012 - Hotstegs Rechtsanwaltsgesellschaft | Rechtsanw\u00e4lt:innen und Fachanw\u00e4lt:innen f\u00fcr Verwaltungsrecht","og_description":"- Termine unter Tel. 0211 \/ 497657-16","og_url":"https:\/\/www.hotstegs-recht.de\/?p=1212","og_site_name":"Hotstegs Rechtsanwaltsgesellschaft | Rechtsanw\u00e4lt:innen und Fachanw\u00e4lt:innen f\u00fcr Verwaltungsrecht","article_publisher":"https:\/\/www.facebook.com\/hotstegs.recht","article_published_time":"2012-01-17T10:12:11+00:00","author":"Mitarbeiter:in","twitter_card":"summary_large_image","twitter_creator":"@hotstegs_recht","twitter_site":"@hotstegs_recht","twitter_misc":{"Verfasst von":"Mitarbeiter:in","Gesch\u00e4tzte Lesezeit":"3\u00a0Minuten"},"schema":{"@context":"https:\/\/schema.org","@graph":[{"@type":"Article","@id":"https:\/\/www.hotstegs-recht.de\/?p=1212#article","isPartOf":{"@id":"https:\/\/www.hotstegs-recht.de\/?p=1212"},"author":{"name":"Mitarbeiter:in","@id":"https:\/\/www.hotstegs-recht.de\/#\/schema\/person\/18c7a8260c2d9ded2b8308feab0990a2"},"headline":"WG blitzt vor Verwaltungsgericht ab, Bremerv\u00f6rder Zeitung vom 17.01.2012","datePublished":"2012-01-17T10:12:11+00:00","mainEntityOfPage":{"@id":"https:\/\/www.hotstegs-recht.de\/?p=1212"},"wordCount":543,"publisher":{"@id":"https:\/\/www.hotstegs-recht.de\/#organization"},"articleSection":["Aktuelles","Presse","B\u00fcrgerbeteiligung"],"inLanguage":"de"},{"@type":"WebPage","@id":"https:\/\/www.hotstegs-recht.de\/?p=1212","url":"https:\/\/www.hotstegs-recht.de\/?p=1212","name":"WG blitzt vor Verwaltungsgericht ab, Bremerv\u00f6rder Zeitung vom 17.01.2012 - Hotstegs Rechtsanwaltsgesellschaft | Rechtsanw\u00e4lt:innen und Fachanw\u00e4lt:innen f\u00fcr Verwaltungsrecht","isPartOf":{"@id":"https:\/\/www.hotstegs-recht.de\/#website"},"datePublished":"2012-01-17T10:12:11+00:00","description":"- Termine unter Tel. 0211 \/ 497657-16","breadcrumb":{"@id":"https:\/\/www.hotstegs-recht.de\/?p=1212#breadcrumb"},"inLanguage":"de","potentialAction":[{"@type":"ReadAction","target":["https:\/\/www.hotstegs-recht.de\/?p=1212"]}]},{"@type":"BreadcrumbList","@id":"https:\/\/www.hotstegs-recht.de\/?p=1212#breadcrumb","itemListElement":[{"@type":"ListItem","position":1,"name":"Startseite","item":"https:\/\/www.hotstegs-recht.de\/"},{"@type":"ListItem","position":2,"name":"WG blitzt vor Verwaltungsgericht ab, Bremerv\u00f6rder Zeitung vom 17.01.2012"}]},{"@type":"WebSite","@id":"https:\/\/www.hotstegs-recht.de\/#website","url":"https:\/\/www.hotstegs-recht.de\/","name":"Hotstegs Rechtsanwaltsgesellschaft | Rechtsanw\u00e4lt:innen und Fachanw\u00e4lt:innen f\u00fcr Verwaltungsrecht","description":"\u00f6ffentliches Dienstrecht und Disziplinarverfahren | Rechtsanwalt Robert Hotstegs | Rechtsanw\u00e4ltin Sarah Nu\u00dfbaum | Rechtsanw\u00e4ltin Katharina Voigt","publisher":{"@id":"https:\/\/www.hotstegs-recht.de\/#organization"},"potentialAction":[{"@type":"SearchAction","target":{"@type":"EntryPoint","urlTemplate":"https:\/\/www.hotstegs-recht.de\/?s={search_term_string}"},"query-input":{"@type":"PropertyValueSpecification","valueRequired":true,"valueName":"search_term_string"}}],"inLanguage":"de"},{"@type":"Organization","@id":"https:\/\/www.hotstegs-recht.de\/#organization","name":"Hotstegs Rechtsanwaltsgesellschaft","url":"https:\/\/www.hotstegs-recht.de\/","logo":{"@type":"ImageObject","inLanguage":"de","@id":"https:\/\/www.hotstegs-recht.de\/#\/schema\/logo\/image\/","url":"https:\/\/www.hotstegs-recht.de\/wp-content\/uploads\/2021\/09\/logo_2020.png","contentUrl":"https:\/\/www.hotstegs-recht.de\/wp-content\/uploads\/2021\/09\/logo_2020.png","width":180,"height":51,"caption":"Hotstegs Rechtsanwaltsgesellschaft"},"image":{"@id":"https:\/\/www.hotstegs-recht.de\/#\/schema\/logo\/image\/"},"sameAs":["https:\/\/www.facebook.com\/hotstegs.recht","https:\/\/x.com\/hotstegs_recht","https:\/\/www.instagram.com\/hotstegs.recht","https:\/\/de.linkedin.com\/company\/hotstegs-recht"]},{"@type":"Person","@id":"https:\/\/www.hotstegs-recht.de\/#\/schema\/person\/18c7a8260c2d9ded2b8308feab0990a2","name":"Mitarbeiter:in","image":{"@type":"ImageObject","inLanguage":"de","@id":"https:\/\/secure.gravatar.com\/avatar\/ff927e44276052255fa51b438cd49d6bee71e07c0621a998717cee201e5d2fff?s=96&d=blank&r=g","url":"https:\/\/secure.gravatar.com\/avatar\/ff927e44276052255fa51b438cd49d6bee71e07c0621a998717cee201e5d2fff?s=96&d=blank&r=g","contentUrl":"https:\/\/secure.gravatar.com\/avatar\/ff927e44276052255fa51b438cd49d6bee71e07c0621a998717cee201e5d2fff?s=96&d=blank&r=g","caption":"Mitarbeiter:in"},"url":"https:\/\/www.hotstegs-recht.de\/?author=4"}]}},"amp_enabled":true,"_links":{"self":[{"href":"https:\/\/www.hotstegs-recht.de\/index.php?rest_route=\/wp\/v2\/posts\/1212","targetHints":{"allow":["GET"]}}],"collection":[{"href":"https:\/\/www.hotstegs-recht.de\/index.php?rest_route=\/wp\/v2\/posts"}],"about":[{"href":"https:\/\/www.hotstegs-recht.de\/index.php?rest_route=\/wp\/v2\/types\/post"}],"author":[{"embeddable":true,"href":"https:\/\/www.hotstegs-recht.de\/index.php?rest_route=\/wp\/v2\/users\/4"}],"replies":[{"embeddable":true,"href":"https:\/\/www.hotstegs-recht.de\/index.php?rest_route=%2Fwp%2Fv2%2Fcomments&post=1212"}],"version-history":[{"count":0,"href":"https:\/\/www.hotstegs-recht.de\/index.php?rest_route=\/wp\/v2\/posts\/1212\/revisions"}],"wp:attachment":[{"href":"https:\/\/www.hotstegs-recht.de\/index.php?rest_route=%2Fwp%2Fv2%2Fmedia&parent=1212"}],"wp:term":[{"taxonomy":"category","embeddable":true,"href":"https:\/\/www.hotstegs-recht.de\/index.php?rest_route=%2Fwp%2Fv2%2Fcategories&post=1212"},{"taxonomy":"post_tag","embeddable":true,"href":"https:\/\/www.hotstegs-recht.de\/index.php?rest_route=%2Fwp%2Fv2%2Ftags&post=1212"}],"curies":[{"name":"wp","href":"https:\/\/api.w.org\/{rel}","templated":true}]}}