{"id":1198,"date":"2012-01-05T20:54:14","date_gmt":"2012-01-05T19:54:14","guid":{"rendered":"http:\/\/www.obst-hotstegs.de\/?p=1198"},"modified":"2012-01-09T21:17:58","modified_gmt":"2012-01-09T20:17:58","slug":"verletzte-rechte-planerische-fehler-bremervorder-anzeiger-vom-04-01-2012","status":"publish","type":"post","link":"https:\/\/www.hotstegs-recht.de\/?p=1198","title":{"rendered":"Verletzte Rechte, planerische Fehler, Bremerv\u00f6rder Anzeiger vom 04.01.2012"},"content":{"rendered":"<p><strong>Stadt- und Ortsratsmitglieder reichen Eilantrag gegen die Stadt Bremerv\u00f6rde ein<\/strong><\/p>\n<p><strong>Bremerv\u00f6rde (sk). Die Stadtratsfraktion WG Pro Bremerv\u00f6rde und Mitglieder des Ortsrats Bremerv\u00f6rde haben beim Verwaltungsgericht Stade eine Organklage im Zusammenhang mit dem Neubau der Grundschule Nord eingereicht. Sie argumentieren einen Versto\u00df gegen das Nieders\u00e4chsische Kommunalverfassungsgesetz.<\/strong><\/p>\n<p>Verwaltungsausschuss und Rat seien falsch informiert, vor allen Dingen aber auch der Ortsrat Bremerv\u00f6rde nicht rechtszeitig angeh\u00f6rt worden, erkl\u00e4rte die vertretende Kanzlei Dr. Obst &amp; Hotstegs gestern in einer Pressemitteilung.<!--more--> Per Fax sei deswegen ein Eilantrag beim Verwaltungsgericht in Stade eingereicht worden, \u00fcber den die erste Kammer des Gerichtes &#8222;m\u00f6glichst noch vor den Haushaltsberatungen am 17. Januar&#8220; entscheiden solle, erl\u00e4utert die D\u00fcsseldorfer Kanzlei, die sich auf das Verwaltungsrecht, insbesondere auch auf die Betreuung und Beratung von kommunalpolitischen Angelegenheiten spezialisiert hat. Inhalt des Antrages (AZ <a href=\"https:\/\/dejure.org\/dienste\/vernetzung\/rechtsprechung?Text=1%20B%20106\/12\" title=\"VG Stade, 13.01.2012 - 1 B 106\/12: Zul&auml;ssigkeit einer Sicherungsanordnung auf der Grundlage des...\">1 B 106\/12<\/a>): Es sollen keine neuen Fakten geschaffen werden, die den Grundschulneubau endg\u00fcltig verhindern.<\/p>\n<p>Die Antragsteller sind die Fraktion W\u00e4hlergruppe Pro Bremerv\u00f6rde, die Ratsmitglieder Barbara Ilig, Michael Theis, Dr. Johannes Klotz und Thorsten Wruck, sowie die Ortsb\u00fcrgermeisterin Susanne Morgenstern und G\u00fcnther Hahn (Mitglied im Ortsrat Bremerv\u00f6rde).<\/p>\n<blockquote><p>&#8222;Wir r\u00fcgen, dass vor allen Dingen der Ortsrat in die Kehrtwende zum Grundschulneubau \u00fcberhaupt nicht einbezogen wurde, obwohl dies verpflichtend ist.&#8220;<\/p>\n<p>Robert Hotstegs<\/p><\/blockquote>\n<p>Das Verfahren st\u00fctze sich dabei auf die Verletzung von Rechten der Antragsteller. &#8222;Wir r\u00fcgen, dass vor allen Dingen der Ortsrat in die Kehrtwende zum Grundschulneubau \u00fcberhaupt nicht einbezogen wurde, obwohl dies nach Paragraph 94 NKomVG verpflichtend ist.&#8220; erl\u00e4utert Robert Hotstegs, Fachanwalt f\u00fcr Verwaltungsrecht, die Argumentation. &#8222;Diese Anh\u00f6rung ist zwingend vorgeschrieben und kann weder durch den Verwaltungsausschuss, noch durch den Rat umgangen werden. Dar\u00fcber hinaus waren auch weder Verwaltungsausschuss noch Rat mit korrekten Berechnungen zum Grundschulneubau informiert worden.&#8220; Hotstegs weiter: Gerade die richtige und umfassende Information stelle aber erst sicher, dass die Politik eine Entscheidungsgrundlage habe, auf der sie dann h\u00e4tte beschlie\u00dfen k\u00f6nnen.<\/p>\n<p>Nach der Antragsschrift k\u00f6nne die fehlende Anh\u00f6rung des Ortsrates auch nicht mehr nachtr\u00e4glich geheilt werden. Vielmehr m\u00fcsse die Ausf\u00fchrung des &#8222;Stopp-Beschlusses&#8220; vom 15. Dezember 2011 nun angehalten werden, bevor weitere Nachteile f\u00fcr die Stadt Bremerv\u00f6rde entst\u00fcnden. &#8222;Erst wenn dann die richtigen Fakten und Zahlen auf dem Tisch liegen und der Ortsrat Bremerv\u00f6rde ordnungsgem\u00e4\u00df einbezogen wurde, k\u00f6nnte dann neu entschieden werden.&#8220; so der Jurist.<\/p>\n<blockquote><p>&#8222;Ich bitte um Verst\u00e4ndnis, dass ich mit zu einem schwebenden Verfahren nicht \u00e4u\u00dfern werde.&#8220;<\/p>\n<p>Eduard Gummich<\/p><\/blockquote>\n<p>Der Rat der Stadt Bremerv\u00f6rde hat seitens des Gerichts eine Kopie der Antragsschrift erhalten, teilt die Kanzlei weiter mit. Er habe nun die Gelegenheit zu\u00a0 den \u00c4u\u00dferungen Stellung zu nehmen. Inzwischen ist auch die Stadtverwaltung vom Verwaltungsgericht von dem Antrag gegen sie unterrichtet worden. &#8222;Ich nehme das zur Kenntnis und werde es selbstverst\u00e4ndlich pr\u00fcfen&#8220;, teilte B\u00fcrgermeister Eduard Gummich auf Anfrage unserer Zeitung mit. &#8222;Ich bitte aber um Verst\u00e4ndnis, dass ich mit zu einem schwebenden Verfahren nicht \u00e4u\u00dfern werde.&#8220;<\/p>\n<p>W\u00e4hrenddessen gehen Dr. Johannes Klotz und Thorsten Wruck von der WG Pro Bremerv\u00f6rde noch weiter: Es seien &#8222;nicht nur Informationsrechte des Ortsrates Bremerv\u00f6rde und des Stadtrates zu beklagen.&#8220; Insbesondere stelle sich die Frage nach der Verantwortung f\u00fcr &#8222;die schwerwiegenden planerischen Fehler&#8220;.<\/p>\n<p>Deren Folge sei eine Verschwendung von Steuergeldern in H\u00f6he von mindestens 350.000 Euro. Darin enthalten sei auch &#8211; &#8222;aller bisherigen Kenntnis nach&#8220; &#8211; eine Ausgabe in H\u00f6he von circa 100.000 Euro, die &#8222;durch unsachgem\u00e4\u00dfe Behandlung des 3,467-Millionen-Euro-Kredits der KfW-Bank&#8220; entstanden sei. Der Kredit war w\u00e4hrend der Planungsphase auf einem Konto der Stadt &#8222;geparkt&#8220; worden und inzwischen zur\u00fcck\u00fcberwiesen worden, so die Ratsmitglieder. &#8222;Nach Auskunft der Sachbearbeiterin der KfW-Bank war dieser Kredit zum 1. Januar 2011 bereits verfallen, weil keine &#8218;Leistungsnachweise&#8216; eingereicht worden seien.&#8220;<\/p>\n","protected":false},"excerpt":{"rendered":"<p>Stadt- und Ortsratsmitglieder reichen Eilantrag gegen die Stadt Bremerv\u00f6rde ein Bremerv\u00f6rde (sk). Die Stadtratsfraktion WG Pro Bremerv\u00f6rde und Mitglieder des Ortsrats Bremerv\u00f6rde haben beim Verwaltungsgericht Stade eine Organklage im Zusammenhang mit dem Neubau der Grundschule Nord eingereicht. Sie argumentieren einen Versto\u00df gegen das Nieders\u00e4chsische Kommunalverfassungsgesetz. Verwaltungsausschuss und Rat seien falsch informiert, vor allen Dingen aber &hellip; <\/p>\n<p class=\"link-more\"><a href=\"https:\/\/www.hotstegs-recht.de\/?p=1198\" class=\"more-link\"><span class=\"screen-reader-text\">\u201eVerletzte Rechte, planerische Fehler, Bremerv\u00f6rder Anzeiger vom 04.01.2012\u201c <\/span>weiterlesen<\/a><\/p>\n","protected":false},"author":4,"featured_media":0,"comment_status":"closed","ping_status":"closed","sticky":false,"template":"","format":"standard","meta":{"footnotes":""},"categories":[4,9,16],"tags":[],"class_list":["post-1198","post","type-post","status-publish","format-standard","hentry","category-aktuelles","category-presse","category-burgerbeteiligung"],"yoast_head":"<!-- This site is optimized with the Yoast SEO plugin v27.4 - https:\/\/yoast.com\/product\/yoast-seo-wordpress\/ -->\n<title>Verletzte Rechte, planerische Fehler, Bremerv\u00f6rder Anzeiger vom 04.01.2012 - Hotstegs Rechtsanwaltsgesellschaft | Rechtsanw\u00e4lt:innen und Fachanw\u00e4lt:innen f\u00fcr Verwaltungsrecht<\/title>\n<meta name=\"description\" content=\"- Termine unter Tel. 0211 \/ 497657-16\" \/>\n<meta name=\"robots\" content=\"index, follow, max-snippet:-1, max-image-preview:large, max-video-preview:-1\" \/>\n<link rel=\"canonical\" href=\"https:\/\/www.hotstegs-recht.de\/?p=1198\" \/>\n<meta property=\"og:locale\" content=\"de_DE\" \/>\n<meta property=\"og:type\" content=\"article\" \/>\n<meta property=\"og:title\" content=\"Verletzte Rechte, planerische Fehler, Bremerv\u00f6rder Anzeiger vom 04.01.2012 - Hotstegs Rechtsanwaltsgesellschaft | Rechtsanw\u00e4lt:innen und Fachanw\u00e4lt:innen f\u00fcr Verwaltungsrecht\" \/>\n<meta property=\"og:description\" content=\"- Termine unter Tel. 0211 \/ 497657-16\" \/>\n<meta property=\"og:url\" content=\"https:\/\/www.hotstegs-recht.de\/?p=1198\" \/>\n<meta property=\"og:site_name\" content=\"Hotstegs Rechtsanwaltsgesellschaft | Rechtsanw\u00e4lt:innen und Fachanw\u00e4lt:innen f\u00fcr Verwaltungsrecht\" \/>\n<meta property=\"article:publisher\" content=\"https:\/\/www.facebook.com\/hotstegs.recht\" \/>\n<meta property=\"article:published_time\" content=\"2012-01-05T19:54:14+00:00\" \/>\n<meta property=\"article:modified_time\" content=\"2012-01-09T20:17:58+00:00\" \/>\n<meta name=\"author\" content=\"Mitarbeiter:in\" \/>\n<meta name=\"twitter:card\" content=\"summary_large_image\" \/>\n<meta name=\"twitter:creator\" content=\"@hotstegs_recht\" \/>\n<meta name=\"twitter:site\" content=\"@hotstegs_recht\" \/>\n<meta name=\"twitter:label1\" content=\"Verfasst von\" \/>\n\t<meta name=\"twitter:data1\" content=\"Mitarbeiter:in\" \/>\n\t<meta name=\"twitter:label2\" content=\"Gesch\u00e4tzte Lesezeit\" \/>\n\t<meta name=\"twitter:data2\" content=\"3\u00a0Minuten\" \/>\n<!-- \/ Yoast SEO plugin. -->","yoast_head_json":{"title":"Verletzte Rechte, planerische Fehler, Bremerv\u00f6rder Anzeiger vom 04.01.2012 - Hotstegs Rechtsanwaltsgesellschaft | Rechtsanw\u00e4lt:innen und Fachanw\u00e4lt:innen f\u00fcr Verwaltungsrecht","description":"- Termine unter Tel. 0211 \/ 497657-16","robots":{"index":"index","follow":"follow","max-snippet":"max-snippet:-1","max-image-preview":"max-image-preview:large","max-video-preview":"max-video-preview:-1"},"canonical":"https:\/\/www.hotstegs-recht.de\/?p=1198","og_locale":"de_DE","og_type":"article","og_title":"Verletzte Rechte, planerische Fehler, Bremerv\u00f6rder Anzeiger vom 04.01.2012 - Hotstegs Rechtsanwaltsgesellschaft | Rechtsanw\u00e4lt:innen und Fachanw\u00e4lt:innen f\u00fcr Verwaltungsrecht","og_description":"- Termine unter Tel. 0211 \/ 497657-16","og_url":"https:\/\/www.hotstegs-recht.de\/?p=1198","og_site_name":"Hotstegs Rechtsanwaltsgesellschaft | Rechtsanw\u00e4lt:innen und Fachanw\u00e4lt:innen f\u00fcr Verwaltungsrecht","article_publisher":"https:\/\/www.facebook.com\/hotstegs.recht","article_published_time":"2012-01-05T19:54:14+00:00","article_modified_time":"2012-01-09T20:17:58+00:00","author":"Mitarbeiter:in","twitter_card":"summary_large_image","twitter_creator":"@hotstegs_recht","twitter_site":"@hotstegs_recht","twitter_misc":{"Verfasst von":"Mitarbeiter:in","Gesch\u00e4tzte Lesezeit":"3\u00a0Minuten"},"schema":{"@context":"https:\/\/schema.org","@graph":[{"@type":"Article","@id":"https:\/\/www.hotstegs-recht.de\/?p=1198#article","isPartOf":{"@id":"https:\/\/www.hotstegs-recht.de\/?p=1198"},"author":{"name":"Mitarbeiter:in","@id":"https:\/\/www.hotstegs-recht.de\/#\/schema\/person\/18c7a8260c2d9ded2b8308feab0990a2"},"headline":"Verletzte Rechte, planerische Fehler, Bremerv\u00f6rder Anzeiger vom 04.01.2012","datePublished":"2012-01-05T19:54:14+00:00","dateModified":"2012-01-09T20:17:58+00:00","mainEntityOfPage":{"@id":"https:\/\/www.hotstegs-recht.de\/?p=1198"},"wordCount":635,"publisher":{"@id":"https:\/\/www.hotstegs-recht.de\/#organization"},"articleSection":["Aktuelles","Presse","B\u00fcrgerbeteiligung"],"inLanguage":"de"},{"@type":"WebPage","@id":"https:\/\/www.hotstegs-recht.de\/?p=1198","url":"https:\/\/www.hotstegs-recht.de\/?p=1198","name":"Verletzte Rechte, planerische Fehler, Bremerv\u00f6rder Anzeiger vom 04.01.2012 - Hotstegs Rechtsanwaltsgesellschaft | Rechtsanw\u00e4lt:innen und Fachanw\u00e4lt:innen f\u00fcr Verwaltungsrecht","isPartOf":{"@id":"https:\/\/www.hotstegs-recht.de\/#website"},"datePublished":"2012-01-05T19:54:14+00:00","dateModified":"2012-01-09T20:17:58+00:00","description":"- Termine unter Tel. 0211 \/ 497657-16","breadcrumb":{"@id":"https:\/\/www.hotstegs-recht.de\/?p=1198#breadcrumb"},"inLanguage":"de","potentialAction":[{"@type":"ReadAction","target":["https:\/\/www.hotstegs-recht.de\/?p=1198"]}]},{"@type":"BreadcrumbList","@id":"https:\/\/www.hotstegs-recht.de\/?p=1198#breadcrumb","itemListElement":[{"@type":"ListItem","position":1,"name":"Startseite","item":"https:\/\/www.hotstegs-recht.de\/"},{"@type":"ListItem","position":2,"name":"Verletzte Rechte, planerische Fehler, Bremerv\u00f6rder Anzeiger vom 04.01.2012"}]},{"@type":"WebSite","@id":"https:\/\/www.hotstegs-recht.de\/#website","url":"https:\/\/www.hotstegs-recht.de\/","name":"Hotstegs Rechtsanwaltsgesellschaft | Rechtsanw\u00e4lt:innen und Fachanw\u00e4lt:innen f\u00fcr Verwaltungsrecht","description":"\u00f6ffentliches Dienstrecht und Disziplinarverfahren | Rechtsanwalt Robert Hotstegs | Rechtsanw\u00e4ltin Sarah Nu\u00dfbaum | Rechtsanw\u00e4ltin Katharina Voigt","publisher":{"@id":"https:\/\/www.hotstegs-recht.de\/#organization"},"potentialAction":[{"@type":"SearchAction","target":{"@type":"EntryPoint","urlTemplate":"https:\/\/www.hotstegs-recht.de\/?s={search_term_string}"},"query-input":{"@type":"PropertyValueSpecification","valueRequired":true,"valueName":"search_term_string"}}],"inLanguage":"de"},{"@type":"Organization","@id":"https:\/\/www.hotstegs-recht.de\/#organization","name":"Hotstegs Rechtsanwaltsgesellschaft","url":"https:\/\/www.hotstegs-recht.de\/","logo":{"@type":"ImageObject","inLanguage":"de","@id":"https:\/\/www.hotstegs-recht.de\/#\/schema\/logo\/image\/","url":"https:\/\/www.hotstegs-recht.de\/wp-content\/uploads\/2021\/09\/logo_2020.png","contentUrl":"https:\/\/www.hotstegs-recht.de\/wp-content\/uploads\/2021\/09\/logo_2020.png","width":180,"height":51,"caption":"Hotstegs Rechtsanwaltsgesellschaft"},"image":{"@id":"https:\/\/www.hotstegs-recht.de\/#\/schema\/logo\/image\/"},"sameAs":["https:\/\/www.facebook.com\/hotstegs.recht","https:\/\/x.com\/hotstegs_recht","https:\/\/www.instagram.com\/hotstegs.recht","https:\/\/de.linkedin.com\/company\/hotstegs-recht"]},{"@type":"Person","@id":"https:\/\/www.hotstegs-recht.de\/#\/schema\/person\/18c7a8260c2d9ded2b8308feab0990a2","name":"Mitarbeiter:in","image":{"@type":"ImageObject","inLanguage":"de","@id":"https:\/\/secure.gravatar.com\/avatar\/ff927e44276052255fa51b438cd49d6bee71e07c0621a998717cee201e5d2fff?s=96&d=blank&r=g","url":"https:\/\/secure.gravatar.com\/avatar\/ff927e44276052255fa51b438cd49d6bee71e07c0621a998717cee201e5d2fff?s=96&d=blank&r=g","contentUrl":"https:\/\/secure.gravatar.com\/avatar\/ff927e44276052255fa51b438cd49d6bee71e07c0621a998717cee201e5d2fff?s=96&d=blank&r=g","caption":"Mitarbeiter:in"},"url":"https:\/\/www.hotstegs-recht.de\/?author=4"}]}},"amp_enabled":true,"_links":{"self":[{"href":"https:\/\/www.hotstegs-recht.de\/index.php?rest_route=\/wp\/v2\/posts\/1198","targetHints":{"allow":["GET"]}}],"collection":[{"href":"https:\/\/www.hotstegs-recht.de\/index.php?rest_route=\/wp\/v2\/posts"}],"about":[{"href":"https:\/\/www.hotstegs-recht.de\/index.php?rest_route=\/wp\/v2\/types\/post"}],"author":[{"embeddable":true,"href":"https:\/\/www.hotstegs-recht.de\/index.php?rest_route=\/wp\/v2\/users\/4"}],"replies":[{"embeddable":true,"href":"https:\/\/www.hotstegs-recht.de\/index.php?rest_route=%2Fwp%2Fv2%2Fcomments&post=1198"}],"version-history":[{"count":0,"href":"https:\/\/www.hotstegs-recht.de\/index.php?rest_route=\/wp\/v2\/posts\/1198\/revisions"}],"wp:attachment":[{"href":"https:\/\/www.hotstegs-recht.de\/index.php?rest_route=%2Fwp%2Fv2%2Fmedia&parent=1198"}],"wp:term":[{"taxonomy":"category","embeddable":true,"href":"https:\/\/www.hotstegs-recht.de\/index.php?rest_route=%2Fwp%2Fv2%2Fcategories&post=1198"},{"taxonomy":"post_tag","embeddable":true,"href":"https:\/\/www.hotstegs-recht.de\/index.php?rest_route=%2Fwp%2Fv2%2Ftags&post=1198"}],"curies":[{"name":"wp","href":"https:\/\/api.w.org\/{rel}","templated":true}]}}