{"id":1193,"date":"2012-01-04T21:34:49","date_gmt":"2012-01-04T20:34:49","guid":{"rendered":"http:\/\/www.obst-hotstegs.de\/?p=1193"},"modified":"2012-01-05T10:36:28","modified_gmt":"2012-01-05T09:36:28","slug":"langes-feld-experte-halt-begehren-fur-unzulassig-hna-de-vom-04-01-2012","status":"publish","type":"post","link":"https:\/\/www.hotstegs-recht.de\/?p=1193","title":{"rendered":"Langes Feld: Experte h\u00e4lt Begehren f\u00fcr unzul\u00e4ssig, hna.de vom 04.01.2012"},"content":{"rendered":"<p>Kassel. Nach Einsch\u00e4tzung des Marburger Verwaltungsrechtlers Prof. Hans-Detlef Horn ist das Kasseler B\u00fcrgerbegehren, das sich gegen eine gewerbliche Bebauung des Langen Feldes richtet, unzul\u00e4ssig.<\/p>\n<p>Grund daf\u00fcr seien die zum Jahresende erfolgten \u00c4nderungen in der Hessischen Gemeindeordnung (HGO). Mit der Neufassung ist es nicht mehr erlaubt, durch ein B\u00fcrgerbegehren eine fortgeschrittene Bauleitplanung der Kommunen noch zu stoppen.<!--more--><\/p>\n<p>Horn, Professor f\u00fcr \u00d6ffentliches Recht an der Universit\u00e4t Marburg, rechnet der Kasseler B\u00fcrgerinitiative Pro Langes Feld wenig Chancen aus, auf rechtlichem Weg Erfolg zu haben. Ihr B\u00fcrgerbegehren richte sich zwar nicht im Wortlaut gegen die Bauleitplanung zum Langen Feld, wohl aber seinem Inhalt nach. Es gehe schlie\u00dflich darum, die geplante Bebauung zu verhindern.<\/p>\n<p>Horns Einsch\u00e4tzung hat Gewicht, er arbeitete sieben Jahre als Richter am Hessischen Verwaltungsgerichtshof. Ob er richtig liegt, wird voraussichtlich erst ein Gericht entscheiden. Zuvor m\u00fcssen aber erst die gesammelten Unterschriften von der B\u00fcrgerinitiative beim Magistrat eingereicht werden. Dies soll in den n\u00e4chsten Tagen geschehen.<\/p>\n<p>F\u00fcr den Fall, dass Magistrat und Stadtverordnete zu dem Schluss kommen, dass das Begehren unzul\u00e4ssig ist, hat die B\u00fcrgerinitiative Klage angek\u00fcndigt. Dann wird ein Richter entscheiden, ob das Begehren mit der HGO vereinbar ist.<\/p>\n<p>Die B\u00fcrgerinitiative h\u00e4lt sich bei der juristischen Entscheidung nicht f\u00fcr chancenlos. \u201eDas Gesetz ist noch neu und bietet Spielraum f\u00fcr rechtliche Auslegungen\u201c, sagt Robert Hotstegs. Der Fachanwalt f\u00fcr Verwaltungsrecht hatte die B\u00fcrgerinitiative rechtlich beraten. Letztere hatte eigentlich auf die neue HGO gewartet. Denn mit dieser wurde auch die Zahl der f\u00fcr ein erfolgreiches B\u00fcrgerbegehren n\u00f6tigen Unterschriften gesenkt, sodass diese H\u00fcrde bereits \u00fcberwunden wurde.<\/p>\n<p><em>Mehr zum Thema am Donnerstag in der gedruckten Ausgabe der HNA.<\/em><\/p>\n","protected":false},"excerpt":{"rendered":"<p>Kassel. Nach Einsch\u00e4tzung des Marburger Verwaltungsrechtlers Prof. Hans-Detlef Horn ist das Kasseler B\u00fcrgerbegehren, das sich gegen eine gewerbliche Bebauung des Langen Feldes richtet, unzul\u00e4ssig. Grund daf\u00fcr seien die zum Jahresende erfolgten \u00c4nderungen in der Hessischen Gemeindeordnung (HGO). Mit der Neufassung ist es nicht mehr erlaubt, durch ein B\u00fcrgerbegehren eine fortgeschrittene Bauleitplanung der Kommunen noch zu &hellip; <\/p>\n<p class=\"link-more\"><a href=\"https:\/\/www.hotstegs-recht.de\/?p=1193\" class=\"more-link\"><span class=\"screen-reader-text\">\u201eLanges Feld: Experte h\u00e4lt Begehren f\u00fcr unzul\u00e4ssig, hna.de vom 04.01.2012\u201c <\/span>weiterlesen<\/a><\/p>\n","protected":false},"author":4,"featured_media":0,"comment_status":"closed","ping_status":"closed","sticky":false,"template":"","format":"standard","meta":{"footnotes":""},"categories":[9,16,4],"tags":[],"class_list":["post-1193","post","type-post","status-publish","format-standard","hentry","category-presse","category-burgerbeteiligung","category-aktuelles"],"yoast_head":"<!-- This site is optimized with the Yoast SEO plugin v27.4 - https:\/\/yoast.com\/product\/yoast-seo-wordpress\/ -->\n<title>Langes Feld: Experte h\u00e4lt Begehren f\u00fcr unzul\u00e4ssig, hna.de vom 04.01.2012 - Hotstegs Rechtsanwaltsgesellschaft | Rechtsanw\u00e4lt:innen und Fachanw\u00e4lt:innen f\u00fcr Verwaltungsrecht<\/title>\n<meta name=\"description\" content=\"- Termine unter Tel. 0211 \/ 497657-16\" \/>\n<meta name=\"robots\" content=\"index, follow, max-snippet:-1, max-image-preview:large, max-video-preview:-1\" \/>\n<link rel=\"canonical\" href=\"https:\/\/www.hotstegs-recht.de\/?p=1193\" \/>\n<meta property=\"og:locale\" content=\"de_DE\" \/>\n<meta property=\"og:type\" content=\"article\" \/>\n<meta property=\"og:title\" content=\"Langes Feld: Experte h\u00e4lt Begehren f\u00fcr unzul\u00e4ssig, hna.de vom 04.01.2012 - Hotstegs Rechtsanwaltsgesellschaft | Rechtsanw\u00e4lt:innen und Fachanw\u00e4lt:innen f\u00fcr Verwaltungsrecht\" \/>\n<meta property=\"og:description\" content=\"- Termine unter Tel. 0211 \/ 497657-16\" \/>\n<meta property=\"og:url\" content=\"https:\/\/www.hotstegs-recht.de\/?p=1193\" \/>\n<meta property=\"og:site_name\" content=\"Hotstegs Rechtsanwaltsgesellschaft | Rechtsanw\u00e4lt:innen und Fachanw\u00e4lt:innen f\u00fcr Verwaltungsrecht\" \/>\n<meta property=\"article:publisher\" content=\"https:\/\/www.facebook.com\/hotstegs.recht\" \/>\n<meta property=\"article:published_time\" content=\"2012-01-04T20:34:49+00:00\" \/>\n<meta property=\"article:modified_time\" content=\"2012-01-05T09:36:28+00:00\" \/>\n<meta name=\"author\" content=\"Mitarbeiter:in\" \/>\n<meta name=\"twitter:card\" content=\"summary_large_image\" \/>\n<meta name=\"twitter:creator\" content=\"@hotstegs_recht\" \/>\n<meta name=\"twitter:site\" content=\"@hotstegs_recht\" \/>\n<meta name=\"twitter:label1\" content=\"Verfasst von\" \/>\n\t<meta name=\"twitter:data1\" content=\"Mitarbeiter:in\" \/>\n\t<meta name=\"twitter:label2\" content=\"Gesch\u00e4tzte Lesezeit\" \/>\n\t<meta name=\"twitter:data2\" content=\"1\u00a0Minute\" \/>\n<!-- \/ Yoast SEO plugin. -->","yoast_head_json":{"title":"Langes Feld: Experte h\u00e4lt Begehren f\u00fcr unzul\u00e4ssig, hna.de vom 04.01.2012 - Hotstegs Rechtsanwaltsgesellschaft | Rechtsanw\u00e4lt:innen und Fachanw\u00e4lt:innen f\u00fcr Verwaltungsrecht","description":"- Termine unter Tel. 0211 \/ 497657-16","robots":{"index":"index","follow":"follow","max-snippet":"max-snippet:-1","max-image-preview":"max-image-preview:large","max-video-preview":"max-video-preview:-1"},"canonical":"https:\/\/www.hotstegs-recht.de\/?p=1193","og_locale":"de_DE","og_type":"article","og_title":"Langes Feld: Experte h\u00e4lt Begehren f\u00fcr unzul\u00e4ssig, hna.de vom 04.01.2012 - Hotstegs Rechtsanwaltsgesellschaft | Rechtsanw\u00e4lt:innen und Fachanw\u00e4lt:innen f\u00fcr Verwaltungsrecht","og_description":"- Termine unter Tel. 0211 \/ 497657-16","og_url":"https:\/\/www.hotstegs-recht.de\/?p=1193","og_site_name":"Hotstegs Rechtsanwaltsgesellschaft | Rechtsanw\u00e4lt:innen und Fachanw\u00e4lt:innen f\u00fcr Verwaltungsrecht","article_publisher":"https:\/\/www.facebook.com\/hotstegs.recht","article_published_time":"2012-01-04T20:34:49+00:00","article_modified_time":"2012-01-05T09:36:28+00:00","author":"Mitarbeiter:in","twitter_card":"summary_large_image","twitter_creator":"@hotstegs_recht","twitter_site":"@hotstegs_recht","twitter_misc":{"Verfasst von":"Mitarbeiter:in","Gesch\u00e4tzte Lesezeit":"1\u00a0Minute"},"schema":{"@context":"https:\/\/schema.org","@graph":[{"@type":"Article","@id":"https:\/\/www.hotstegs-recht.de\/?p=1193#article","isPartOf":{"@id":"https:\/\/www.hotstegs-recht.de\/?p=1193"},"author":{"name":"Mitarbeiter:in","@id":"https:\/\/www.hotstegs-recht.de\/#\/schema\/person\/18c7a8260c2d9ded2b8308feab0990a2"},"headline":"Langes Feld: Experte h\u00e4lt Begehren f\u00fcr unzul\u00e4ssig, hna.de vom 04.01.2012","datePublished":"2012-01-04T20:34:49+00:00","dateModified":"2012-01-05T09:36:28+00:00","mainEntityOfPage":{"@id":"https:\/\/www.hotstegs-recht.de\/?p=1193"},"wordCount":302,"publisher":{"@id":"https:\/\/www.hotstegs-recht.de\/#organization"},"articleSection":["Presse","B\u00fcrgerbeteiligung","Aktuelles"],"inLanguage":"de"},{"@type":"WebPage","@id":"https:\/\/www.hotstegs-recht.de\/?p=1193","url":"https:\/\/www.hotstegs-recht.de\/?p=1193","name":"Langes Feld: Experte h\u00e4lt Begehren f\u00fcr unzul\u00e4ssig, hna.de vom 04.01.2012 - Hotstegs Rechtsanwaltsgesellschaft | Rechtsanw\u00e4lt:innen und Fachanw\u00e4lt:innen f\u00fcr Verwaltungsrecht","isPartOf":{"@id":"https:\/\/www.hotstegs-recht.de\/#website"},"datePublished":"2012-01-04T20:34:49+00:00","dateModified":"2012-01-05T09:36:28+00:00","description":"- Termine unter Tel. 0211 \/ 497657-16","breadcrumb":{"@id":"https:\/\/www.hotstegs-recht.de\/?p=1193#breadcrumb"},"inLanguage":"de","potentialAction":[{"@type":"ReadAction","target":["https:\/\/www.hotstegs-recht.de\/?p=1193"]}]},{"@type":"BreadcrumbList","@id":"https:\/\/www.hotstegs-recht.de\/?p=1193#breadcrumb","itemListElement":[{"@type":"ListItem","position":1,"name":"Startseite","item":"https:\/\/www.hotstegs-recht.de\/"},{"@type":"ListItem","position":2,"name":"Langes Feld: Experte h\u00e4lt Begehren f\u00fcr unzul\u00e4ssig, hna.de vom 04.01.2012"}]},{"@type":"WebSite","@id":"https:\/\/www.hotstegs-recht.de\/#website","url":"https:\/\/www.hotstegs-recht.de\/","name":"Hotstegs Rechtsanwaltsgesellschaft | Rechtsanw\u00e4lt:innen und Fachanw\u00e4lt:innen f\u00fcr Verwaltungsrecht","description":"\u00f6ffentliches Dienstrecht und Disziplinarverfahren | Rechtsanwalt Robert Hotstegs | Rechtsanw\u00e4ltin Sarah Nu\u00dfbaum | Rechtsanw\u00e4ltin Katharina Voigt","publisher":{"@id":"https:\/\/www.hotstegs-recht.de\/#organization"},"potentialAction":[{"@type":"SearchAction","target":{"@type":"EntryPoint","urlTemplate":"https:\/\/www.hotstegs-recht.de\/?s={search_term_string}"},"query-input":{"@type":"PropertyValueSpecification","valueRequired":true,"valueName":"search_term_string"}}],"inLanguage":"de"},{"@type":"Organization","@id":"https:\/\/www.hotstegs-recht.de\/#organization","name":"Hotstegs Rechtsanwaltsgesellschaft","url":"https:\/\/www.hotstegs-recht.de\/","logo":{"@type":"ImageObject","inLanguage":"de","@id":"https:\/\/www.hotstegs-recht.de\/#\/schema\/logo\/image\/","url":"https:\/\/www.hotstegs-recht.de\/wp-content\/uploads\/2021\/09\/logo_2020.png","contentUrl":"https:\/\/www.hotstegs-recht.de\/wp-content\/uploads\/2021\/09\/logo_2020.png","width":180,"height":51,"caption":"Hotstegs Rechtsanwaltsgesellschaft"},"image":{"@id":"https:\/\/www.hotstegs-recht.de\/#\/schema\/logo\/image\/"},"sameAs":["https:\/\/www.facebook.com\/hotstegs.recht","https:\/\/x.com\/hotstegs_recht","https:\/\/www.instagram.com\/hotstegs.recht","https:\/\/de.linkedin.com\/company\/hotstegs-recht"]},{"@type":"Person","@id":"https:\/\/www.hotstegs-recht.de\/#\/schema\/person\/18c7a8260c2d9ded2b8308feab0990a2","name":"Mitarbeiter:in","image":{"@type":"ImageObject","inLanguage":"de","@id":"https:\/\/secure.gravatar.com\/avatar\/ff927e44276052255fa51b438cd49d6bee71e07c0621a998717cee201e5d2fff?s=96&d=blank&r=g","url":"https:\/\/secure.gravatar.com\/avatar\/ff927e44276052255fa51b438cd49d6bee71e07c0621a998717cee201e5d2fff?s=96&d=blank&r=g","contentUrl":"https:\/\/secure.gravatar.com\/avatar\/ff927e44276052255fa51b438cd49d6bee71e07c0621a998717cee201e5d2fff?s=96&d=blank&r=g","caption":"Mitarbeiter:in"},"url":"https:\/\/www.hotstegs-recht.de\/?author=4"}]}},"amp_enabled":true,"_links":{"self":[{"href":"https:\/\/www.hotstegs-recht.de\/index.php?rest_route=\/wp\/v2\/posts\/1193","targetHints":{"allow":["GET"]}}],"collection":[{"href":"https:\/\/www.hotstegs-recht.de\/index.php?rest_route=\/wp\/v2\/posts"}],"about":[{"href":"https:\/\/www.hotstegs-recht.de\/index.php?rest_route=\/wp\/v2\/types\/post"}],"author":[{"embeddable":true,"href":"https:\/\/www.hotstegs-recht.de\/index.php?rest_route=\/wp\/v2\/users\/4"}],"replies":[{"embeddable":true,"href":"https:\/\/www.hotstegs-recht.de\/index.php?rest_route=%2Fwp%2Fv2%2Fcomments&post=1193"}],"version-history":[{"count":0,"href":"https:\/\/www.hotstegs-recht.de\/index.php?rest_route=\/wp\/v2\/posts\/1193\/revisions"}],"wp:attachment":[{"href":"https:\/\/www.hotstegs-recht.de\/index.php?rest_route=%2Fwp%2Fv2%2Fmedia&parent=1193"}],"wp:term":[{"taxonomy":"category","embeddable":true,"href":"https:\/\/www.hotstegs-recht.de\/index.php?rest_route=%2Fwp%2Fv2%2Fcategories&post=1193"},{"taxonomy":"post_tag","embeddable":true,"href":"https:\/\/www.hotstegs-recht.de\/index.php?rest_route=%2Fwp%2Fv2%2Ftags&post=1193"}],"curies":[{"name":"wp","href":"https:\/\/api.w.org\/{rel}","templated":true}]}}