{"id":10141,"date":"2025-07-18T14:19:11","date_gmt":"2025-07-18T12:19:11","guid":{"rendered":"https:\/\/www.hotstegs-recht.de\/?p=10141"},"modified":"2025-09-01T11:32:37","modified_gmt":"2025-09-01T09:32:37","slug":"selbstablehnung-einer-kirchenrichterin-wegen-besorgnis-der-befangenheit-disziplinarkammer-bei-dem-kirchengericht-der-ekd-beschluss-v-30-05-2025-az-0134-1-2025","status":"publish","type":"post","link":"https:\/\/www.hotstegs-recht.de\/?p=10141","title":{"rendered":"Selbstablehnung einer Kirchenrichterin wegen Besorgnis der Befangenheit, Disziplinarkammer bei dem Kirchengericht der EKD, Beschluss v. 30.05.2025, Az. 0134\/1-2025"},"content":{"rendered":"\n<p>In einem aktuellen Disziplinarverfahren ist die Selbstablehnung einer Kirchenrichterin f\u00fcr begr\u00fcndet erkl\u00e4rt worden, da sie auch Mitglied in einem Leitungsorgan der beteiligten Landeskirche ist.<\/p>\n\n\n\n<p>Nach fr\u00fcherem Recht hatte das Kirchengericht in der &#8222;Vertreter:innen-Besetzung&#8220; zu entscheiden, also ohne Mitwirkung des (selbst-)abgelehnten Kirchenrichters, aber auch ohne Beteiligung der beisitzenden Richter:innen (\u00a7 54 Abs. 1 S. 2 DG.EKD a.F.) (<a href=\"https:\/\/www.hotstegs-recht.de\/?p=3771\">Disziplinarkammer der Ev. Landeskirche in W\u00fcrttemberg, Beschluss v. 24.09.2015, Az. DG 1\/05<\/a>, <a href=\"https:\/\/www.hotstegs-recht.de\/?p=6689\">Verwaltungsgericht der Ev.-Luth. Landeskirche Sachsens, Beschluss v. 17.09.2018, Az. KVwG 2\/2017 (jetzt: 4\/2018)<\/a> und <a href=\"https:\/\/www.hotstegs-recht.de\/?p=6759\">Disziplinarkammer bei dem Kirchengericht der EKD, Beschluss v. 16.11.2018, Az. 0134\/1-2018<\/a>). Dies hat sich nunmehr ge\u00e4ndert, sodass das Kirchengericht in vollst\u00e4ndiger Vertreter:innen-Besetzung ber\u00e4t, lediglich der\/die Vorsitzende den Beschluss aber unterzeichnet.<\/p>\n\n\n\n<p>Die Entscheidung lautet im Volltext:<\/p>\n\n\n\n<!--more-->\n\n\n\n<p><strong>Die Selbstablehnung von Frau A. als rechtskun\u00addige Richterin ist begr\u00fcndet.<\/strong><\/p>\n\n\n\n<p><strong><u>Gr\u00fcnde:<\/u><\/strong><strong><\/strong><\/p>\n\n\n\n<p>Frau A. geh\u00f6rt als rechtkundige Richterin der Diszip\u00adlinarkammer an. Sie hat mit Schreiben vom 03.06.2025 angezeigt, seit &#8230; 2024 dem Moderamen der Gesamtsynode der Kl\u00e4gerin und damit einem Leitungsor\u00adgan der Kl\u00e4gerin anzugeh\u00f6ren. Vor diesem Hintergrund halte sie sich im vorliegenden Fall f\u00fcr befangen und bittet um ihre Entbindung.<\/p>\n\n\n\n<p>Die Beteiligten sind dazu angeh\u00f6rt worden.<\/p>\n\n\n\n<p>Die Selbstablehnung war gem\u00e4\u00df \u00a7\u00a7 52 Abs. 5, 1. Var., Abs. 3, Abs. 1 und Abs. 6 DG.EKD, <a href=\"https:\/\/dejure.org\/gesetze\/ZPO\/46.html\" title=\"&sect; 46 ZPO: Entscheidung und Rechtsmittel\">46 ZPO<\/a> f\u00fcr begr\u00fcndet zu erkl\u00e4ren, wobei an der Entscheidung die gesch\u00e4fts\u00adplanm\u00e4\u00dfige Vertreterin der sich ablehnenden Richterin bereits mitzuwirken hatte, \u00a7 52 Abs. 3 Satz 2 DG.EKD.<\/p>\n\n\n\n<p>Zwar ist das Moderamen nicht f\u00fcr die Durchf\u00fchrung des Disziplinarverfahrens zust\u00e4n\u00addig, ihm stehen aber unter anderem das Begnadigungsrecht und die Aufgaben des obersten Dienstherrn zu. Entsprechend ist es bereits im Vorfeld \u00fcber die Ermittlungen gegen den Beklagten und deren Inhalt informiert worden. Auch das abgelehnte Mit\u00adglied des Kirchengerichts hat jedenfalls am 20.1 1.2024 an einer solchen Sitzung teilgenommen<\/p>\n\n\n\n<p>Diese Umst\u00e4nde sind geeignet, Misstrauen des Beklagten gegen die Unparteilichkeit der Richterin zu rechtfertigen, \u00a7 52 Abs. 1 DG.EKD.<\/p>\n\n\n\n<p>Gem\u00e4\u00df \u00a7 49 Abs. 1 Satz 2 DG.EKD muss der Beschluss &#8211; nach der erfolgten Kam\u00admerberatung &#8211; nur vom Vorsitzenden Richter unterzeichnet werden.<\/p>\n\n\n\n<p>(Vorsitzender Richter)<\/p>\n\n\n\n<p>Vermerk vom 30. Juni 2025: Die Kammermitglieder haben am 30. Juni 2025 den Be\u00adschluss fernm\u00fcndlich beraten und den aus dem Tenor ersichtlichen Beschluss gefasst.<\/p>\n\n\n\n<p>(Vorsitzender Richter)<\/p>\n","protected":false},"excerpt":{"rendered":"<p>In einem aktuellen Disziplinarverfahren ist die Selbstablehnung einer Kirchenrichterin f\u00fcr begr\u00fcndet erkl\u00e4rt worden, da sie auch Mitglied in einem Leitungsorgan der beteiligten Landeskirche ist. Nach fr\u00fcherem Recht hatte das Kirchengericht in der &#8222;Vertreter:innen-Besetzung&#8220; zu entscheiden, also ohne Mitwirkung des (selbst-)abgelehnten Kirchenrichters, aber auch ohne Beteiligung der beisitzenden Richter:innen (\u00a7 54 Abs. 1 S. 2 DG.EKD &hellip; <\/p>\n<p class=\"link-more\"><a href=\"https:\/\/www.hotstegs-recht.de\/?p=10141\" class=\"more-link\"><span class=\"screen-reader-text\">\u201eSelbstablehnung einer Kirchenrichterin wegen Besorgnis der Befangenheit, Disziplinarkammer bei dem Kirchengericht der EKD, Beschluss v. 30.05.2025, Az. 0134\/1-2025\u201c <\/span>weiterlesen<\/a><\/p>\n","protected":false},"author":1,"featured_media":0,"comment_status":"closed","ping_status":"open","sticky":false,"template":"","format":"standard","meta":{"footnotes":""},"categories":[112,4,15,39],"tags":[],"class_list":["post-10141","post","type-post","status-publish","format-standard","hentry","category-oeffentlicher-dienst","category-aktuelles","category-disziplinarrecht","category-ev-kirchenrecht"],"yoast_head":"<!-- This site is optimized with the Yoast SEO plugin v27.4 - https:\/\/yoast.com\/product\/yoast-seo-wordpress\/ -->\n<title>Selbstablehnung einer Kirchenrichterin wegen Besorgnis der Befangenheit, Disziplinarkammer bei dem Kirchengericht der EKD, Beschluss v. 30.05.2025, Az. 0134\/1-2025 - Hotstegs Rechtsanwaltsgesellschaft | Rechtsanw\u00e4lt:innen und Fachanw\u00e4lt:innen f\u00fcr Verwaltungsrecht<\/title>\n<meta name=\"description\" content=\"ev. Kirchenrecht - Termine unter Tel. 0211 \/ 497657-16\" \/>\n<meta name=\"robots\" content=\"index, follow, max-snippet:-1, max-image-preview:large, max-video-preview:-1\" \/>\n<link rel=\"canonical\" href=\"https:\/\/www.hotstegs-recht.de\/?p=10141\" \/>\n<meta property=\"og:locale\" content=\"de_DE\" \/>\n<meta property=\"og:type\" content=\"article\" \/>\n<meta property=\"og:title\" content=\"Selbstablehnung einer Kirchenrichterin wegen Besorgnis der Befangenheit, Disziplinarkammer bei dem Kirchengericht der EKD, Beschluss v. 30.05.2025, Az. 0134\/1-2025 - Hotstegs Rechtsanwaltsgesellschaft | Rechtsanw\u00e4lt:innen und Fachanw\u00e4lt:innen f\u00fcr Verwaltungsrecht\" \/>\n<meta property=\"og:description\" content=\"ev. Kirchenrecht - Termine unter Tel. 0211 \/ 497657-16\" \/>\n<meta property=\"og:url\" content=\"https:\/\/www.hotstegs-recht.de\/?p=10141\" \/>\n<meta property=\"og:site_name\" content=\"Hotstegs Rechtsanwaltsgesellschaft | Rechtsanw\u00e4lt:innen und Fachanw\u00e4lt:innen f\u00fcr Verwaltungsrecht\" \/>\n<meta property=\"article:publisher\" content=\"https:\/\/www.facebook.com\/hotstegs.recht\" \/>\n<meta property=\"article:published_time\" content=\"2025-07-18T12:19:11+00:00\" \/>\n<meta property=\"article:modified_time\" content=\"2025-09-01T09:32:37+00:00\" \/>\n<meta name=\"author\" content=\"Robert Hotstegs\" \/>\n<meta name=\"twitter:card\" content=\"summary_large_image\" \/>\n<meta name=\"twitter:creator\" content=\"@hotstegs_recht\" \/>\n<meta name=\"twitter:site\" content=\"@hotstegs_recht\" \/>\n<meta name=\"twitter:label1\" content=\"Verfasst von\" \/>\n\t<meta name=\"twitter:data1\" content=\"Robert Hotstegs\" \/>\n\t<meta name=\"twitter:label2\" content=\"Gesch\u00e4tzte Lesezeit\" \/>\n\t<meta name=\"twitter:data2\" content=\"2\u00a0Minuten\" \/>\n<!-- \/ Yoast SEO plugin. -->","yoast_head_json":{"title":"Selbstablehnung einer Kirchenrichterin wegen Besorgnis der Befangenheit, Disziplinarkammer bei dem Kirchengericht der EKD, Beschluss v. 30.05.2025, Az. 0134\/1-2025 - Hotstegs Rechtsanwaltsgesellschaft | Rechtsanw\u00e4lt:innen und Fachanw\u00e4lt:innen f\u00fcr Verwaltungsrecht","description":"ev. Kirchenrecht - Termine unter Tel. 0211 \/ 497657-16","robots":{"index":"index","follow":"follow","max-snippet":"max-snippet:-1","max-image-preview":"max-image-preview:large","max-video-preview":"max-video-preview:-1"},"canonical":"https:\/\/www.hotstegs-recht.de\/?p=10141","og_locale":"de_DE","og_type":"article","og_title":"Selbstablehnung einer Kirchenrichterin wegen Besorgnis der Befangenheit, Disziplinarkammer bei dem Kirchengericht der EKD, Beschluss v. 30.05.2025, Az. 0134\/1-2025 - Hotstegs Rechtsanwaltsgesellschaft | Rechtsanw\u00e4lt:innen und Fachanw\u00e4lt:innen f\u00fcr Verwaltungsrecht","og_description":"ev. Kirchenrecht - Termine unter Tel. 0211 \/ 497657-16","og_url":"https:\/\/www.hotstegs-recht.de\/?p=10141","og_site_name":"Hotstegs Rechtsanwaltsgesellschaft | Rechtsanw\u00e4lt:innen und Fachanw\u00e4lt:innen f\u00fcr Verwaltungsrecht","article_publisher":"https:\/\/www.facebook.com\/hotstegs.recht","article_published_time":"2025-07-18T12:19:11+00:00","article_modified_time":"2025-09-01T09:32:37+00:00","author":"Robert Hotstegs","twitter_card":"summary_large_image","twitter_creator":"@hotstegs_recht","twitter_site":"@hotstegs_recht","twitter_misc":{"Verfasst von":"Robert Hotstegs","Gesch\u00e4tzte Lesezeit":"2\u00a0Minuten"},"schema":{"@context":"https:\/\/schema.org","@graph":[{"@type":"Article","@id":"https:\/\/www.hotstegs-recht.de\/?p=10141#article","isPartOf":{"@id":"https:\/\/www.hotstegs-recht.de\/?p=10141"},"author":{"name":"Robert Hotstegs","@id":"https:\/\/www.hotstegs-recht.de\/#\/schema\/person\/b5290b51a91e1e27ec6af13643a76ab0"},"headline":"Selbstablehnung einer Kirchenrichterin wegen Besorgnis der Befangenheit, Disziplinarkammer bei dem Kirchengericht der EKD, Beschluss v. 30.05.2025, Az. 0134\/1-2025","datePublished":"2025-07-18T12:19:11+00:00","dateModified":"2025-09-01T09:32:37+00:00","mainEntityOfPage":{"@id":"https:\/\/www.hotstegs-recht.de\/?p=10141"},"wordCount":380,"publisher":{"@id":"https:\/\/www.hotstegs-recht.de\/#organization"},"articleSection":["\u00d6ffentlicher Dienst","Aktuelles","Disziplinarrecht","ev. Kirchenrecht"],"inLanguage":"de"},{"@type":"WebPage","@id":"https:\/\/www.hotstegs-recht.de\/?p=10141","url":"https:\/\/www.hotstegs-recht.de\/?p=10141","name":"Selbstablehnung einer Kirchenrichterin wegen Besorgnis der Befangenheit, Disziplinarkammer bei dem Kirchengericht der EKD, Beschluss v. 30.05.2025, Az. 0134\/1-2025 - Hotstegs Rechtsanwaltsgesellschaft | Rechtsanw\u00e4lt:innen und Fachanw\u00e4lt:innen f\u00fcr Verwaltungsrecht","isPartOf":{"@id":"https:\/\/www.hotstegs-recht.de\/#website"},"datePublished":"2025-07-18T12:19:11+00:00","dateModified":"2025-09-01T09:32:37+00:00","description":"ev. Kirchenrecht - Termine unter Tel. 0211 \/ 497657-16","breadcrumb":{"@id":"https:\/\/www.hotstegs-recht.de\/?p=10141#breadcrumb"},"inLanguage":"de","potentialAction":[{"@type":"ReadAction","target":["https:\/\/www.hotstegs-recht.de\/?p=10141"]}]},{"@type":"BreadcrumbList","@id":"https:\/\/www.hotstegs-recht.de\/?p=10141#breadcrumb","itemListElement":[{"@type":"ListItem","position":1,"name":"Startseite","item":"https:\/\/www.hotstegs-recht.de\/"},{"@type":"ListItem","position":2,"name":"Selbstablehnung einer Kirchenrichterin wegen Besorgnis der Befangenheit, Disziplinarkammer bei dem Kirchengericht der EKD, Beschluss v. 30.05.2025, Az. 0134\/1-2025"}]},{"@type":"WebSite","@id":"https:\/\/www.hotstegs-recht.de\/#website","url":"https:\/\/www.hotstegs-recht.de\/","name":"Hotstegs Rechtsanwaltsgesellschaft | Rechtsanw\u00e4lt:innen und Fachanw\u00e4lt:innen f\u00fcr Verwaltungsrecht","description":"\u00f6ffentliches Dienstrecht und Disziplinarverfahren | Rechtsanwalt Robert Hotstegs | Rechtsanw\u00e4ltin Sarah Nu\u00dfbaum | Rechtsanw\u00e4ltin Katharina Voigt","publisher":{"@id":"https:\/\/www.hotstegs-recht.de\/#organization"},"potentialAction":[{"@type":"SearchAction","target":{"@type":"EntryPoint","urlTemplate":"https:\/\/www.hotstegs-recht.de\/?s={search_term_string}"},"query-input":{"@type":"PropertyValueSpecification","valueRequired":true,"valueName":"search_term_string"}}],"inLanguage":"de"},{"@type":"Organization","@id":"https:\/\/www.hotstegs-recht.de\/#organization","name":"Hotstegs Rechtsanwaltsgesellschaft","url":"https:\/\/www.hotstegs-recht.de\/","logo":{"@type":"ImageObject","inLanguage":"de","@id":"https:\/\/www.hotstegs-recht.de\/#\/schema\/logo\/image\/","url":"https:\/\/www.hotstegs-recht.de\/wp-content\/uploads\/2021\/09\/logo_2020.png","contentUrl":"https:\/\/www.hotstegs-recht.de\/wp-content\/uploads\/2021\/09\/logo_2020.png","width":180,"height":51,"caption":"Hotstegs Rechtsanwaltsgesellschaft"},"image":{"@id":"https:\/\/www.hotstegs-recht.de\/#\/schema\/logo\/image\/"},"sameAs":["https:\/\/www.facebook.com\/hotstegs.recht","https:\/\/x.com\/hotstegs_recht","https:\/\/www.instagram.com\/hotstegs.recht","https:\/\/de.linkedin.com\/company\/hotstegs-recht"]},{"@type":"Person","@id":"https:\/\/www.hotstegs-recht.de\/#\/schema\/person\/b5290b51a91e1e27ec6af13643a76ab0","name":"Robert Hotstegs","image":{"@type":"ImageObject","inLanguage":"de","@id":"https:\/\/secure.gravatar.com\/avatar\/7d923d735cd88c8f3b65c6506ab775c5eb23a82716d81ce74eb3951cb8430f5a?s=96&d=blank&r=g","url":"https:\/\/secure.gravatar.com\/avatar\/7d923d735cd88c8f3b65c6506ab775c5eb23a82716d81ce74eb3951cb8430f5a?s=96&d=blank&r=g","contentUrl":"https:\/\/secure.gravatar.com\/avatar\/7d923d735cd88c8f3b65c6506ab775c5eb23a82716d81ce74eb3951cb8430f5a?s=96&d=blank&r=g","caption":"Robert Hotstegs"},"description":"Rechtsanwalt, Fachanwalt f\u00fcr Verwaltungsrecht","url":"https:\/\/www.hotstegs-recht.de\/?author=1"}]}},"amp_enabled":true,"_links":{"self":[{"href":"https:\/\/www.hotstegs-recht.de\/index.php?rest_route=\/wp\/v2\/posts\/10141","targetHints":{"allow":["GET"]}}],"collection":[{"href":"https:\/\/www.hotstegs-recht.de\/index.php?rest_route=\/wp\/v2\/posts"}],"about":[{"href":"https:\/\/www.hotstegs-recht.de\/index.php?rest_route=\/wp\/v2\/types\/post"}],"author":[{"embeddable":true,"href":"https:\/\/www.hotstegs-recht.de\/index.php?rest_route=\/wp\/v2\/users\/1"}],"replies":[{"embeddable":true,"href":"https:\/\/www.hotstegs-recht.de\/index.php?rest_route=%2Fwp%2Fv2%2Fcomments&post=10141"}],"version-history":[{"count":2,"href":"https:\/\/www.hotstegs-recht.de\/index.php?rest_route=\/wp\/v2\/posts\/10141\/revisions"}],"predecessor-version":[{"id":10143,"href":"https:\/\/www.hotstegs-recht.de\/index.php?rest_route=\/wp\/v2\/posts\/10141\/revisions\/10143"}],"wp:attachment":[{"href":"https:\/\/www.hotstegs-recht.de\/index.php?rest_route=%2Fwp%2Fv2%2Fmedia&parent=10141"}],"wp:term":[{"taxonomy":"category","embeddable":true,"href":"https:\/\/www.hotstegs-recht.de\/index.php?rest_route=%2Fwp%2Fv2%2Fcategories&post=10141"},{"taxonomy":"post_tag","embeddable":true,"href":"https:\/\/www.hotstegs-recht.de\/index.php?rest_route=%2Fwp%2Fv2%2Ftags&post=10141"}],"curies":[{"name":"wp","href":"https:\/\/api.w.org\/{rel}","templated":true}]}}