{"id":10131,"date":"2025-07-02T20:49:00","date_gmt":"2025-07-02T18:49:00","guid":{"rendered":"https:\/\/www.hotstegs-recht.de\/?p=10131"},"modified":"2025-07-03T14:03:31","modified_gmt":"2025-07-03T12:03:31","slug":"verfgh-nrw-zur-sperrklausel-die-rettung-des-wahlrechts-lto-de-v-21-11-2017-2-2-3-3-2","status":"publish","type":"post","link":"https:\/\/www.hotstegs-recht.de\/?p=10131","title":{"rendered":"Ums\u00adtrit\u00adtene Kan\u00addi\u00addatin zieht Bewer\u00adbung zur\u00fcck, lto.de v. 07.07.2025"},"content":{"rendered":"\n<p>von\u00a0Tanja Podolski<\/p>\n\n\n\n<p><strong>Die Bewerberin um das Amt des Pr\u00e4sidenten am Oberverwaltungsgericht NRW hat zur\u00fcckgezogen. Offiziell bleiben nun noch zwei Kandidaten \u2013 doch einer geht Ende August in Pension. Dadurch w\u00e4re er vielleicht nicht mehr f\u00fcr das Amt geeignet.<\/strong><\/p>\n\n\n\n<p>Die Bewerberin um das Amt des Pr\u00e4sidenten am Oberverwaltungsgericht (OVG) NRW hat ihre Bewerbung offiziell zur\u00fcckgezogen. Damit bleiben f\u00fcr das Auswahlverfahren formell noch zwei Kandidaten. Einer davon geht allerdings am 31. August 2025 in Pension. Unklar ist derzeit, welche Folgen dies f\u00fcr das Besetzungsverfahren hat.\u00a0<\/p>\n\n\n\n<p>[&#8230;]<\/p>\n\n\n\n<p>Derzeit ist der Kandidat Ministerialdirigent und Abteilungsleiter im NRW-Justizministerium \u2013 vermutlich ist er dort kein Beamter, sondern als ehemaliger Richter ans Ministerium abgeordnet, das jedenfalls w\u00e4re der \u00fcbliche Weg. Eine Bef\u00f6rderungssperre g\u00e4be es f\u00fcr ihn damit auch kurz vor der Pensionierung nicht, erkl\u00e4rt Robert Hotstegs, auf Beamtenrecht spezialisierter Anwalt aus D\u00fcsseldorf: &#8222;Das Verwaltungsgericht Kassel hat in einem Urteil (Az. <a href=\"https:\/\/dejure.org\/dienste\/vernetzung\/rechtsprechung?Text=1%20L%201382\/13\" title=\"1 L 1382\/13 (2 zugeordnete Entscheidungen)\">1 L 1382\/13<\/a>.KS) ausgef\u00fchrt, dass es keine Bef\u00f6rderungssperre f\u00fcr Richter:innen gebe&#8220;, sagt er auf&nbsp;<em>LTO<\/em>-Anfrage. Das sei im Beamtenrecht anders, wo Bef\u00f6rderungen ein oder zwei Jahre vor der Versetzung in den Ruhestand von Gesetzes wegen ausgeschlossen sein k\u00f6nnen.<\/p>\n\n\n\n<h2 class=\"wp-block-heading\">Geeignetheit bei Eintritt in den Ruhestand fragw\u00fcrdig<\/h2>\n\n\n\n<p>Hotstegs geht dennoch davon aus, dass der Bewerber nicht mehr f\u00fcr die Position als OVG-Pr\u00e4sident &#8222;geeignet&#8220; ist.<\/p>\n\n\n\n<p><a href=\"https:\/\/www.lto.de\/recht\/hintergruende\/h\/ovg-besetzung-rueckzug-bewerberin-pension-kandidat\" target=\"_blank\" rel=\"noreferrer noopener\">direkt zum LTO-Artikel\u00a0<\/a><\/p>\n","protected":false},"excerpt":{"rendered":"<p>von\u00a0Tanja Podolski Die Bewerberin um das Amt des Pr\u00e4sidenten am Oberverwaltungsgericht NRW hat zur\u00fcckgezogen. Offiziell bleiben nun noch zwei Kandidaten \u2013 doch einer geht Ende August in Pension. Dadurch w\u00e4re er vielleicht nicht mehr f\u00fcr das Amt geeignet. Die Bewerberin um das Amt des Pr\u00e4sidenten am Oberverwaltungsgericht (OVG) NRW hat ihre Bewerbung offiziell zur\u00fcckgezogen. Damit &hellip; <\/p>\n<p class=\"link-more\"><a href=\"https:\/\/www.hotstegs-recht.de\/?p=10131\" class=\"more-link\"><span class=\"screen-reader-text\">\u201eUms\u00adtrit\u00adtene Kan\u00addi\u00addatin zieht Bewer\u00adbung zur\u00fcck, lto.de v. 07.07.2025\u201c <\/span>weiterlesen<\/a><\/p>\n","protected":false},"author":4,"featured_media":0,"comment_status":"closed","ping_status":"closed","sticky":false,"template":"","format":"link","meta":{"footnotes":""},"categories":[63,112,4,9,14],"tags":[56],"class_list":["post-10131","post","type-post","status-publish","format-link","hentry","category-richterdienstrecht","category-oeffentlicher-dienst","category-aktuelles","category-presse","category-beamtenrecht","tag-versetzung-in-den-ruhestand","post_format-post-format-link"],"yoast_head":"<!-- This site is optimized with the Yoast SEO plugin v27.4 - https:\/\/yoast.com\/product\/yoast-seo-wordpress\/ -->\n<title>Ums\u00adtrit\u00adtene Kan\u00addi\u00addatin zieht Bewer\u00adbung zur\u00fcck, lto.de v. 07.07.2025 - Hotstegs Rechtsanwaltsgesellschaft | Rechtsanw\u00e4lt:innen und Fachanw\u00e4lt:innen f\u00fcr Verwaltungsrecht<\/title>\n<meta name=\"description\" content=\"Richterdienstrecht - Termine unter Tel. 0211 \/ 497657-16\" \/>\n<meta name=\"robots\" content=\"index, follow, max-snippet:-1, max-image-preview:large, max-video-preview:-1\" \/>\n<link rel=\"canonical\" href=\"https:\/\/www.hotstegs-recht.de\/?p=10131\" \/>\n<meta property=\"og:locale\" content=\"de_DE\" \/>\n<meta property=\"og:type\" content=\"article\" \/>\n<meta property=\"og:title\" content=\"Ums\u00adtrit\u00adtene Kan\u00addi\u00addatin zieht Bewer\u00adbung zur\u00fcck, lto.de v. 07.07.2025 - Hotstegs Rechtsanwaltsgesellschaft | Rechtsanw\u00e4lt:innen und Fachanw\u00e4lt:innen f\u00fcr Verwaltungsrecht\" \/>\n<meta property=\"og:description\" content=\"Richterdienstrecht - Termine unter Tel. 0211 \/ 497657-16\" \/>\n<meta property=\"og:url\" content=\"https:\/\/www.hotstegs-recht.de\/?p=10131\" \/>\n<meta property=\"og:site_name\" content=\"Hotstegs Rechtsanwaltsgesellschaft | Rechtsanw\u00e4lt:innen und Fachanw\u00e4lt:innen f\u00fcr Verwaltungsrecht\" \/>\n<meta property=\"article:publisher\" content=\"https:\/\/www.facebook.com\/hotstegs.recht\" \/>\n<meta property=\"article:published_time\" content=\"2025-07-02T18:49:00+00:00\" \/>\n<meta property=\"article:modified_time\" content=\"2025-07-03T12:03:31+00:00\" \/>\n<meta name=\"author\" content=\"Mitarbeiter:in\" \/>\n<meta name=\"twitter:card\" content=\"summary_large_image\" \/>\n<meta name=\"twitter:creator\" content=\"@hotstegs_recht\" \/>\n<meta name=\"twitter:site\" content=\"@hotstegs_recht\" \/>\n<meta name=\"twitter:label1\" content=\"Verfasst von\" \/>\n\t<meta name=\"twitter:data1\" content=\"Mitarbeiter:in\" \/>\n\t<meta name=\"twitter:label2\" content=\"Gesch\u00e4tzte Lesezeit\" \/>\n\t<meta name=\"twitter:data2\" content=\"2\u00a0Minuten\" \/>\n<!-- \/ Yoast SEO plugin. -->","yoast_head_json":{"title":"Ums\u00adtrit\u00adtene Kan\u00addi\u00addatin zieht Bewer\u00adbung zur\u00fcck, lto.de v. 07.07.2025 - Hotstegs Rechtsanwaltsgesellschaft | Rechtsanw\u00e4lt:innen und Fachanw\u00e4lt:innen f\u00fcr Verwaltungsrecht","description":"Richterdienstrecht - Termine unter Tel. 0211 \/ 497657-16","robots":{"index":"index","follow":"follow","max-snippet":"max-snippet:-1","max-image-preview":"max-image-preview:large","max-video-preview":"max-video-preview:-1"},"canonical":"https:\/\/www.hotstegs-recht.de\/?p=10131","og_locale":"de_DE","og_type":"article","og_title":"Ums\u00adtrit\u00adtene Kan\u00addi\u00addatin zieht Bewer\u00adbung zur\u00fcck, lto.de v. 07.07.2025 - Hotstegs Rechtsanwaltsgesellschaft | Rechtsanw\u00e4lt:innen und Fachanw\u00e4lt:innen f\u00fcr Verwaltungsrecht","og_description":"Richterdienstrecht - Termine unter Tel. 0211 \/ 497657-16","og_url":"https:\/\/www.hotstegs-recht.de\/?p=10131","og_site_name":"Hotstegs Rechtsanwaltsgesellschaft | Rechtsanw\u00e4lt:innen und Fachanw\u00e4lt:innen f\u00fcr Verwaltungsrecht","article_publisher":"https:\/\/www.facebook.com\/hotstegs.recht","article_published_time":"2025-07-02T18:49:00+00:00","article_modified_time":"2025-07-03T12:03:31+00:00","author":"Mitarbeiter:in","twitter_card":"summary_large_image","twitter_creator":"@hotstegs_recht","twitter_site":"@hotstegs_recht","twitter_misc":{"Verfasst von":"Mitarbeiter:in","Gesch\u00e4tzte Lesezeit":"2\u00a0Minuten"},"schema":{"@context":"https:\/\/schema.org","@graph":[{"@type":"Article","@id":"https:\/\/www.hotstegs-recht.de\/?p=10131#article","isPartOf":{"@id":"https:\/\/www.hotstegs-recht.de\/?p=10131"},"author":{"name":"Mitarbeiter:in","@id":"https:\/\/www.hotstegs-recht.de\/#\/schema\/person\/18c7a8260c2d9ded2b8308feab0990a2"},"headline":"Ums\u00adtrit\u00adtene Kan\u00addi\u00addatin zieht Bewer\u00adbung zur\u00fcck, lto.de v. 07.07.2025","datePublished":"2025-07-02T18:49:00+00:00","dateModified":"2025-07-03T12:03:31+00:00","mainEntityOfPage":{"@id":"https:\/\/www.hotstegs-recht.de\/?p=10131"},"wordCount":241,"publisher":{"@id":"https:\/\/www.hotstegs-recht.de\/#organization"},"keywords":["Versetzung in den Ruhestand"],"articleSection":["Richterdienstrecht","\u00d6ffentlicher Dienst","Aktuelles","Presse","Beamtenrecht"],"inLanguage":"de"},{"@type":"WebPage","@id":"https:\/\/www.hotstegs-recht.de\/?p=10131","url":"https:\/\/www.hotstegs-recht.de\/?p=10131","name":"Ums\u00adtrit\u00adtene Kan\u00addi\u00addatin zieht Bewer\u00adbung zur\u00fcck, lto.de v. 07.07.2025 - Hotstegs Rechtsanwaltsgesellschaft | Rechtsanw\u00e4lt:innen und Fachanw\u00e4lt:innen f\u00fcr Verwaltungsrecht","isPartOf":{"@id":"https:\/\/www.hotstegs-recht.de\/#website"},"datePublished":"2025-07-02T18:49:00+00:00","dateModified":"2025-07-03T12:03:31+00:00","description":"Richterdienstrecht - Termine unter Tel. 0211 \/ 497657-16","breadcrumb":{"@id":"https:\/\/www.hotstegs-recht.de\/?p=10131#breadcrumb"},"inLanguage":"de","potentialAction":[{"@type":"ReadAction","target":["https:\/\/www.hotstegs-recht.de\/?p=10131"]}]},{"@type":"BreadcrumbList","@id":"https:\/\/www.hotstegs-recht.de\/?p=10131#breadcrumb","itemListElement":[{"@type":"ListItem","position":1,"name":"Startseite","item":"https:\/\/www.hotstegs-recht.de\/"},{"@type":"ListItem","position":2,"name":"Ums\u00adtrit\u00adtene Kan\u00addi\u00addatin zieht Bewer\u00adbung zur\u00fcck, lto.de v. 07.07.2025"}]},{"@type":"WebSite","@id":"https:\/\/www.hotstegs-recht.de\/#website","url":"https:\/\/www.hotstegs-recht.de\/","name":"Hotstegs Rechtsanwaltsgesellschaft | Rechtsanw\u00e4lt:innen und Fachanw\u00e4lt:innen f\u00fcr Verwaltungsrecht","description":"\u00f6ffentliches Dienstrecht und Disziplinarverfahren | Rechtsanwalt Robert Hotstegs | Rechtsanw\u00e4ltin Sarah Nu\u00dfbaum | Rechtsanw\u00e4ltin Katharina Voigt","publisher":{"@id":"https:\/\/www.hotstegs-recht.de\/#organization"},"potentialAction":[{"@type":"SearchAction","target":{"@type":"EntryPoint","urlTemplate":"https:\/\/www.hotstegs-recht.de\/?s={search_term_string}"},"query-input":{"@type":"PropertyValueSpecification","valueRequired":true,"valueName":"search_term_string"}}],"inLanguage":"de"},{"@type":"Organization","@id":"https:\/\/www.hotstegs-recht.de\/#organization","name":"Hotstegs Rechtsanwaltsgesellschaft","url":"https:\/\/www.hotstegs-recht.de\/","logo":{"@type":"ImageObject","inLanguage":"de","@id":"https:\/\/www.hotstegs-recht.de\/#\/schema\/logo\/image\/","url":"https:\/\/www.hotstegs-recht.de\/wp-content\/uploads\/2021\/09\/logo_2020.png","contentUrl":"https:\/\/www.hotstegs-recht.de\/wp-content\/uploads\/2021\/09\/logo_2020.png","width":180,"height":51,"caption":"Hotstegs Rechtsanwaltsgesellschaft"},"image":{"@id":"https:\/\/www.hotstegs-recht.de\/#\/schema\/logo\/image\/"},"sameAs":["https:\/\/www.facebook.com\/hotstegs.recht","https:\/\/x.com\/hotstegs_recht","https:\/\/www.instagram.com\/hotstegs.recht","https:\/\/de.linkedin.com\/company\/hotstegs-recht"]},{"@type":"Person","@id":"https:\/\/www.hotstegs-recht.de\/#\/schema\/person\/18c7a8260c2d9ded2b8308feab0990a2","name":"Mitarbeiter:in","image":{"@type":"ImageObject","inLanguage":"de","@id":"https:\/\/secure.gravatar.com\/avatar\/ff927e44276052255fa51b438cd49d6bee71e07c0621a998717cee201e5d2fff?s=96&d=blank&r=g","url":"https:\/\/secure.gravatar.com\/avatar\/ff927e44276052255fa51b438cd49d6bee71e07c0621a998717cee201e5d2fff?s=96&d=blank&r=g","contentUrl":"https:\/\/secure.gravatar.com\/avatar\/ff927e44276052255fa51b438cd49d6bee71e07c0621a998717cee201e5d2fff?s=96&d=blank&r=g","caption":"Mitarbeiter:in"},"url":"https:\/\/www.hotstegs-recht.de\/?author=4"}]}},"amp_enabled":true,"_links":{"self":[{"href":"https:\/\/www.hotstegs-recht.de\/index.php?rest_route=\/wp\/v2\/posts\/10131","targetHints":{"allow":["GET"]}}],"collection":[{"href":"https:\/\/www.hotstegs-recht.de\/index.php?rest_route=\/wp\/v2\/posts"}],"about":[{"href":"https:\/\/www.hotstegs-recht.de\/index.php?rest_route=\/wp\/v2\/types\/post"}],"author":[{"embeddable":true,"href":"https:\/\/www.hotstegs-recht.de\/index.php?rest_route=\/wp\/v2\/users\/4"}],"replies":[{"embeddable":true,"href":"https:\/\/www.hotstegs-recht.de\/index.php?rest_route=%2Fwp%2Fv2%2Fcomments&post=10131"}],"version-history":[{"count":2,"href":"https:\/\/www.hotstegs-recht.de\/index.php?rest_route=\/wp\/v2\/posts\/10131\/revisions"}],"predecessor-version":[{"id":10133,"href":"https:\/\/www.hotstegs-recht.de\/index.php?rest_route=\/wp\/v2\/posts\/10131\/revisions\/10133"}],"wp:attachment":[{"href":"https:\/\/www.hotstegs-recht.de\/index.php?rest_route=%2Fwp%2Fv2%2Fmedia&parent=10131"}],"wp:term":[{"taxonomy":"category","embeddable":true,"href":"https:\/\/www.hotstegs-recht.de\/index.php?rest_route=%2Fwp%2Fv2%2Fcategories&post=10131"},{"taxonomy":"post_tag","embeddable":true,"href":"https:\/\/www.hotstegs-recht.de\/index.php?rest_route=%2Fwp%2Fv2%2Ftags&post=10131"}],"curies":[{"name":"wp","href":"https:\/\/api.w.org\/{rel}","templated":true}]}}