{"id":10126,"date":"2025-06-27T18:58:00","date_gmt":"2025-06-27T16:58:00","guid":{"rendered":"https:\/\/www.hotstegs-recht.de\/?p=10126"},"modified":"2025-06-30T15:01:00","modified_gmt":"2025-06-30T13:01:00","slug":"anrechnung-von-elternzeit-warum-polizistinnen-in-nrw-laenger-arbeiten-muessen-beck-aktuell-v-27-06-2025","status":"publish","type":"post","link":"https:\/\/www.hotstegs-recht.de\/?p=10126","title":{"rendered":"Anrechnung von Elternzeit: Warum Polizistinnen in NRW l\u00e4nger arbeiten m\u00fcssen, beck-aktuell v. 27.06.2025"},"content":{"rendered":"\n<p>El\u00adtern\u00adzeit z\u00e4hlt bei der Po\u00adli\u00adzei NRW nicht als Wech\u00adsel\u00adschicht\u00addienst, der zum fr\u00fc\u00adhe\u00adren Ru\u00adhe\u00adstand be\u00adrech\u00adtigt. Diese Re\u00adge\u00adlung be\u00adst\u00e4\u00adtig\u00adte nun das BVer\u00adwG \u2013 und spricht sich damit gegen die Ver\u00adein\u00adbar\u00adkeit von Beruf und Fa\u00admi\u00adlie aus, meint&nbsp;<em>Sarah Nu\u00df\u00adbaum<\/em>.<\/p>\n\n\n\n<p>F\u00fcr die Polizei in NRW ist gesetzlich geregelt, dass es ohne Abz\u00fcge mit 62 Jahren in den Ruhestand geht. Das unterbieten in NRW nur die bis 1968 geborenen Beamtinnen und Beamte der Feuerwehren, die unabh\u00e4ngig vom Dienst noch mit 60 Jahren als reif f\u00fcr den Ruhestand angesehen werden. Hinzu kommt f\u00fcr die Polizeibeamtinnen und -beamten noch ein weiterer Nachlass: Leistete man zuvor mindestens 25 Jahre Dienst in Wechselschicht, gibt es nach \u00a7\u00a0114\u00a0LBG NRW einen Bonus f\u00fcr die k\u00f6rperlichen Belastungen und der Ruhestand ist schon mit 61 Jahren m\u00f6glich.\u00a0<\/p>\n\n\n\n<p>F\u00fcr die besondere Altersgrenze im Polizeivollzugsdienst hat die Elternzeit allerdings nach Ansicht des BVerwG keine Auswirkungen, wie die Leipziger Richterinnen und Richter am Donnerstag entschieden (Urteil vom 26.06.2025 \u2013\u00a0<a href=\"https:\/\/dejure.org\/dienste\/vernetzung\/rechtsprechung?Text=2%20C%2015.24\" title=\"BVerwG, 26.06.2025 - 2 C 15.24: Keine Anrechnung von Elternzeit als Wechselschichtdienst in Nor...\">2 C 15.24<\/a>). F\u00e4llt also eine Elternzeit in die Zeit im Wechselschichtdienst, wird sie f\u00fcr die erforderlichen 25 Jahre nicht ber\u00fccksichtigt. Die Entscheidung wirkt sich zwar in NRW nur f\u00fcr die Polizei aus, ist aber auch in den anderen Bundesl\u00e4ndern relevant.<\/p>\n\n\n\n<p><\/p>\n\n\n\n<p><a href=\"https:\/\/rsw.beck.de\/aktuell\/daily\/meldung\/detail\/bverwg-2c15-24-anrechnung-elternzeit-polizistinnen-nrw\">zum Beitrag auf beck-aktuell.de<\/a><\/p>\n","protected":false},"excerpt":{"rendered":"<p>El\u00adtern\u00adzeit z\u00e4hlt bei der Po\u00adli\u00adzei NRW nicht als Wech\u00adsel\u00adschicht\u00addienst, der zum fr\u00fc\u00adhe\u00adren Ru\u00adhe\u00adstand be\u00adrech\u00adtigt. Diese Re\u00adge\u00adlung be\u00adst\u00e4\u00adtig\u00adte nun das BVer\u00adwG \u2013 und spricht sich damit gegen die Ver\u00adein\u00adbar\u00adkeit von Beruf und Fa\u00admi\u00adlie aus, meint&nbsp;Sarah Nu\u00df\u00adbaum. F\u00fcr die Polizei in NRW ist gesetzlich geregelt, dass es ohne Abz\u00fcge mit 62 Jahren in den Ruhestand geht. Das &hellip; <\/p>\n<p class=\"link-more\"><a href=\"https:\/\/www.hotstegs-recht.de\/?p=10126\" class=\"more-link\"><span class=\"screen-reader-text\">\u201eAnrechnung von Elternzeit: Warum Polizistinnen in NRW l\u00e4nger arbeiten m\u00fcssen, beck-aktuell v. 27.06.2025\u201c <\/span>weiterlesen<\/a><\/p>\n","protected":false},"author":4,"featured_media":0,"comment_status":"closed","ping_status":"open","sticky":false,"template":"","format":"standard","meta":{"footnotes":""},"categories":[4,9,14,112],"tags":[56],"class_list":["post-10126","post","type-post","status-publish","format-standard","hentry","category-aktuelles","category-presse","category-beamtenrecht","category-oeffentlicher-dienst","tag-versetzung-in-den-ruhestand"],"yoast_head":"<!-- This site is optimized with the Yoast SEO plugin v27.4 - https:\/\/yoast.com\/product\/yoast-seo-wordpress\/ -->\n<title>Anrechnung von Elternzeit: Warum Polizistinnen in NRW l\u00e4nger arbeiten m\u00fcssen, beck-aktuell v. 27.06.2025 - Hotstegs Rechtsanwaltsgesellschaft | Rechtsanw\u00e4lt:innen und Fachanw\u00e4lt:innen f\u00fcr Verwaltungsrecht<\/title>\n<meta name=\"description\" content=\"Beamtenrecht - Termine unter Tel. 0211 \/ 497657-16\" \/>\n<meta name=\"robots\" content=\"index, follow, max-snippet:-1, max-image-preview:large, max-video-preview:-1\" \/>\n<link rel=\"canonical\" href=\"https:\/\/www.hotstegs-recht.de\/?p=10126\" \/>\n<meta property=\"og:locale\" content=\"de_DE\" \/>\n<meta property=\"og:type\" content=\"article\" \/>\n<meta property=\"og:title\" content=\"Anrechnung von Elternzeit: Warum Polizistinnen in NRW l\u00e4nger arbeiten m\u00fcssen, beck-aktuell v. 27.06.2025 - Hotstegs Rechtsanwaltsgesellschaft | Rechtsanw\u00e4lt:innen und Fachanw\u00e4lt:innen f\u00fcr Verwaltungsrecht\" \/>\n<meta property=\"og:description\" content=\"Beamtenrecht - Termine unter Tel. 0211 \/ 497657-16\" \/>\n<meta property=\"og:url\" content=\"https:\/\/www.hotstegs-recht.de\/?p=10126\" \/>\n<meta property=\"og:site_name\" content=\"Hotstegs Rechtsanwaltsgesellschaft | Rechtsanw\u00e4lt:innen und Fachanw\u00e4lt:innen f\u00fcr Verwaltungsrecht\" \/>\n<meta property=\"article:publisher\" content=\"https:\/\/www.facebook.com\/hotstegs.recht\" \/>\n<meta property=\"article:published_time\" content=\"2025-06-27T16:58:00+00:00\" \/>\n<meta property=\"article:modified_time\" content=\"2025-06-30T13:01:00+00:00\" \/>\n<meta name=\"author\" content=\"Mitarbeiter:in\" \/>\n<meta name=\"twitter:card\" content=\"summary_large_image\" \/>\n<meta name=\"twitter:creator\" content=\"@hotstegs_recht\" \/>\n<meta name=\"twitter:site\" content=\"@hotstegs_recht\" \/>\n<meta name=\"twitter:label1\" content=\"Verfasst von\" \/>\n\t<meta name=\"twitter:data1\" content=\"Mitarbeiter:in\" \/>\n\t<meta name=\"twitter:label2\" content=\"Gesch\u00e4tzte Lesezeit\" \/>\n\t<meta name=\"twitter:data2\" content=\"2\u00a0Minuten\" \/>\n<!-- \/ Yoast SEO plugin. -->","yoast_head_json":{"title":"Anrechnung von Elternzeit: Warum Polizistinnen in NRW l\u00e4nger arbeiten m\u00fcssen, beck-aktuell v. 27.06.2025 - Hotstegs Rechtsanwaltsgesellschaft | Rechtsanw\u00e4lt:innen und Fachanw\u00e4lt:innen f\u00fcr Verwaltungsrecht","description":"Beamtenrecht - Termine unter Tel. 0211 \/ 497657-16","robots":{"index":"index","follow":"follow","max-snippet":"max-snippet:-1","max-image-preview":"max-image-preview:large","max-video-preview":"max-video-preview:-1"},"canonical":"https:\/\/www.hotstegs-recht.de\/?p=10126","og_locale":"de_DE","og_type":"article","og_title":"Anrechnung von Elternzeit: Warum Polizistinnen in NRW l\u00e4nger arbeiten m\u00fcssen, beck-aktuell v. 27.06.2025 - Hotstegs Rechtsanwaltsgesellschaft | Rechtsanw\u00e4lt:innen und Fachanw\u00e4lt:innen f\u00fcr Verwaltungsrecht","og_description":"Beamtenrecht - Termine unter Tel. 0211 \/ 497657-16","og_url":"https:\/\/www.hotstegs-recht.de\/?p=10126","og_site_name":"Hotstegs Rechtsanwaltsgesellschaft | Rechtsanw\u00e4lt:innen und Fachanw\u00e4lt:innen f\u00fcr Verwaltungsrecht","article_publisher":"https:\/\/www.facebook.com\/hotstegs.recht","article_published_time":"2025-06-27T16:58:00+00:00","article_modified_time":"2025-06-30T13:01:00+00:00","author":"Mitarbeiter:in","twitter_card":"summary_large_image","twitter_creator":"@hotstegs_recht","twitter_site":"@hotstegs_recht","twitter_misc":{"Verfasst von":"Mitarbeiter:in","Gesch\u00e4tzte Lesezeit":"2\u00a0Minuten"},"schema":{"@context":"https:\/\/schema.org","@graph":[{"@type":"Article","@id":"https:\/\/www.hotstegs-recht.de\/?p=10126#article","isPartOf":{"@id":"https:\/\/www.hotstegs-recht.de\/?p=10126"},"author":{"name":"Mitarbeiter:in","@id":"https:\/\/www.hotstegs-recht.de\/#\/schema\/person\/18c7a8260c2d9ded2b8308feab0990a2"},"headline":"Anrechnung von Elternzeit: Warum Polizistinnen in NRW l\u00e4nger arbeiten m\u00fcssen, beck-aktuell v. 27.06.2025","datePublished":"2025-06-27T16:58:00+00:00","dateModified":"2025-06-30T13:01:00+00:00","mainEntityOfPage":{"@id":"https:\/\/www.hotstegs-recht.de\/?p=10126"},"wordCount":243,"publisher":{"@id":"https:\/\/www.hotstegs-recht.de\/#organization"},"keywords":["Versetzung in den Ruhestand"],"articleSection":["Aktuelles","Presse","Beamtenrecht","\u00d6ffentlicher Dienst"],"inLanguage":"de"},{"@type":"WebPage","@id":"https:\/\/www.hotstegs-recht.de\/?p=10126","url":"https:\/\/www.hotstegs-recht.de\/?p=10126","name":"Anrechnung von Elternzeit: Warum Polizistinnen in NRW l\u00e4nger arbeiten m\u00fcssen, beck-aktuell v. 27.06.2025 - Hotstegs Rechtsanwaltsgesellschaft | Rechtsanw\u00e4lt:innen und Fachanw\u00e4lt:innen f\u00fcr Verwaltungsrecht","isPartOf":{"@id":"https:\/\/www.hotstegs-recht.de\/#website"},"datePublished":"2025-06-27T16:58:00+00:00","dateModified":"2025-06-30T13:01:00+00:00","description":"Beamtenrecht - Termine unter Tel. 0211 \/ 497657-16","breadcrumb":{"@id":"https:\/\/www.hotstegs-recht.de\/?p=10126#breadcrumb"},"inLanguage":"de","potentialAction":[{"@type":"ReadAction","target":["https:\/\/www.hotstegs-recht.de\/?p=10126"]}]},{"@type":"BreadcrumbList","@id":"https:\/\/www.hotstegs-recht.de\/?p=10126#breadcrumb","itemListElement":[{"@type":"ListItem","position":1,"name":"Startseite","item":"https:\/\/www.hotstegs-recht.de\/"},{"@type":"ListItem","position":2,"name":"Anrechnung von Elternzeit: Warum Polizistinnen in NRW l\u00e4nger arbeiten m\u00fcssen, beck-aktuell v. 27.06.2025"}]},{"@type":"WebSite","@id":"https:\/\/www.hotstegs-recht.de\/#website","url":"https:\/\/www.hotstegs-recht.de\/","name":"Hotstegs Rechtsanwaltsgesellschaft | Rechtsanw\u00e4lt:innen und Fachanw\u00e4lt:innen f\u00fcr Verwaltungsrecht","description":"\u00f6ffentliches Dienstrecht und Disziplinarverfahren | Rechtsanwalt Robert Hotstegs | Rechtsanw\u00e4ltin Sarah Nu\u00dfbaum | Rechtsanw\u00e4ltin Katharina Voigt","publisher":{"@id":"https:\/\/www.hotstegs-recht.de\/#organization"},"potentialAction":[{"@type":"SearchAction","target":{"@type":"EntryPoint","urlTemplate":"https:\/\/www.hotstegs-recht.de\/?s={search_term_string}"},"query-input":{"@type":"PropertyValueSpecification","valueRequired":true,"valueName":"search_term_string"}}],"inLanguage":"de"},{"@type":"Organization","@id":"https:\/\/www.hotstegs-recht.de\/#organization","name":"Hotstegs Rechtsanwaltsgesellschaft","url":"https:\/\/www.hotstegs-recht.de\/","logo":{"@type":"ImageObject","inLanguage":"de","@id":"https:\/\/www.hotstegs-recht.de\/#\/schema\/logo\/image\/","url":"https:\/\/www.hotstegs-recht.de\/wp-content\/uploads\/2021\/09\/logo_2020.png","contentUrl":"https:\/\/www.hotstegs-recht.de\/wp-content\/uploads\/2021\/09\/logo_2020.png","width":180,"height":51,"caption":"Hotstegs Rechtsanwaltsgesellschaft"},"image":{"@id":"https:\/\/www.hotstegs-recht.de\/#\/schema\/logo\/image\/"},"sameAs":["https:\/\/www.facebook.com\/hotstegs.recht","https:\/\/x.com\/hotstegs_recht","https:\/\/www.instagram.com\/hotstegs.recht","https:\/\/de.linkedin.com\/company\/hotstegs-recht"]},{"@type":"Person","@id":"https:\/\/www.hotstegs-recht.de\/#\/schema\/person\/18c7a8260c2d9ded2b8308feab0990a2","name":"Mitarbeiter:in","image":{"@type":"ImageObject","inLanguage":"de","@id":"https:\/\/secure.gravatar.com\/avatar\/ff927e44276052255fa51b438cd49d6bee71e07c0621a998717cee201e5d2fff?s=96&d=blank&r=g","url":"https:\/\/secure.gravatar.com\/avatar\/ff927e44276052255fa51b438cd49d6bee71e07c0621a998717cee201e5d2fff?s=96&d=blank&r=g","contentUrl":"https:\/\/secure.gravatar.com\/avatar\/ff927e44276052255fa51b438cd49d6bee71e07c0621a998717cee201e5d2fff?s=96&d=blank&r=g","caption":"Mitarbeiter:in"},"url":"https:\/\/www.hotstegs-recht.de\/?author=4"}]}},"amp_enabled":true,"_links":{"self":[{"href":"https:\/\/www.hotstegs-recht.de\/index.php?rest_route=\/wp\/v2\/posts\/10126","targetHints":{"allow":["GET"]}}],"collection":[{"href":"https:\/\/www.hotstegs-recht.de\/index.php?rest_route=\/wp\/v2\/posts"}],"about":[{"href":"https:\/\/www.hotstegs-recht.de\/index.php?rest_route=\/wp\/v2\/types\/post"}],"author":[{"embeddable":true,"href":"https:\/\/www.hotstegs-recht.de\/index.php?rest_route=\/wp\/v2\/users\/4"}],"replies":[{"embeddable":true,"href":"https:\/\/www.hotstegs-recht.de\/index.php?rest_route=%2Fwp%2Fv2%2Fcomments&post=10126"}],"version-history":[{"count":1,"href":"https:\/\/www.hotstegs-recht.de\/index.php?rest_route=\/wp\/v2\/posts\/10126\/revisions"}],"predecessor-version":[{"id":10127,"href":"https:\/\/www.hotstegs-recht.de\/index.php?rest_route=\/wp\/v2\/posts\/10126\/revisions\/10127"}],"wp:attachment":[{"href":"https:\/\/www.hotstegs-recht.de\/index.php?rest_route=%2Fwp%2Fv2%2Fmedia&parent=10126"}],"wp:term":[{"taxonomy":"category","embeddable":true,"href":"https:\/\/www.hotstegs-recht.de\/index.php?rest_route=%2Fwp%2Fv2%2Fcategories&post=10126"},{"taxonomy":"post_tag","embeddable":true,"href":"https:\/\/www.hotstegs-recht.de\/index.php?rest_route=%2Fwp%2Fv2%2Ftags&post=10126"}],"curies":[{"name":"wp","href":"https:\/\/api.w.org\/{rel}","templated":true}]}}